{"id":114991,"date":"2025-12-16T21:07:09","date_gmt":"2025-12-16T21:07:09","guid":{"rendered":"https:\/\/www.europesays.com\/no\/114991\/"},"modified":"2025-12-16T21:07:09","modified_gmt":"2025-12-16T21:07:09","slug":"mikaela-shiffrin-overlegen-i-courchevel","status":"publish","type":"post","link":"https:\/\/www.europesays.com\/no\/114991\/","title":{"rendered":"Mikaela Shiffrin overlegen i Courchevel"},"content":{"rendered":"\n<p class=\"_lead_o9xde_2 _lead_xtcu6_50 layout-component text-serif-m layout-normal text-serif-l layout-component layout-wide layout-padded _wide_17hqh_1 layout-padded\">Mina F\u00fcrst Holtmann tapte masse tid og ble nummer 24 i slal\u00e5mrennet i franske Courchevel. Mikaela Shiffrin tok sin 105. verdenscupseier.<\/p>\n<p> <img class=\"_image_qp4xg_65 layout-component layout-wide\" data-fullscreen- data-track-element-type=\"Article image fullscreen\" data-track-name=\"ImageFullscreen\" fetchpriority=\"high\" decoding=\"sync\" loading=\"eager\" height=\"102\" itemprop=\"image\"  src=\"https:\/\/www.europesays.com\/no\/wp-content\/uploads\/2025\/12\/2840ab3428c24799f4943ac283b95753.jpg\"  style=\"object-position:50% 50%;aspect-ratio:1.75;height:auto;object-fit:cover;width:100%\" width=\"102\"\/>  <\/p>\n<ul aria-hidden=\"true\" class=\"_images_ntbth_112\">\n<li><a class=\"_link_ntbth_117\" href=\"https:\/\/www.vg.no\/forfatter\/ntb\" style=\"z-index:1\" title=\"NTB\" rel=\"nofollow noopener\" target=\"_blank\"><img alt=\"Bilde av NTB\" class=\"_image_ntbth_93\" fetchpriority=\"low\" loading=\"lazy\" decoding=\"async\" itemprop=\"image\"  src=\"https:\/\/www.europesays.com\/no\/wp-content\/uploads\/2025\/12\/1765919229_345_c33980b0-5d07-4027-84a1-813f90a7c8d6\"  width=\"480\"\/><\/a><\/li>\n<\/ul>\n<p> Oppdatert tirsdag 16. desember kl. 21:46    <\/p>\n<ul class=\"_list_o9xde_3 _list_64s2r_85 _unordered_o9xde_106 text-sans-m\">\n<li class=\"_item_o9xde_30\">Mina F\u00fcrst Holtmann endte p\u00e5 24.-plass i slal\u00e5mrennet i Courchevel, 5,06 sekunder bak vinneren Mikaela Shiffrin.<\/li>\n<li class=\"_item_o9xde_30\">Shiffrin vant overlegent, med 1,55 sekunder foran Camille Rast, og tok sin 105. verdenscupseier.<\/li>\n<li class=\"_item_o9xde_30\">Bianca Bakke Westhoff r\u00f8k ut etter en tidlig hekt, og Thea Louise Stjernesund kom ikke til finaleomgangen.<\/li>\n<\/ul>\n<p>Vis mer <\/p>\n<p class=\"_paragraph_o9xde_4 _paragraph_xtcu6_10 layout-component text-serif-m layout-normal text-serif-m layout-padded\">I m\u00e5l var Holtmann hele 5,06 sekunder bak vinner Shiffrin. 24.-plass er sist av de som fullf\u00f8rte.<\/p>\n<p class=\"_paragraph_o9xde_4 _paragraph_xtcu6_10 layout-component text-serif-m layout-normal text-serif-m layout-padded\">Den amerikanske stjernen Shiffrin kom seg gjennom l\u00f8ypa klart raskest og slo toer Camille Rast (Sveits) med sterke 1,55 sekunder. Shiffrin kunne juble for sin 105. verdenscupseier.<\/p>\n<p class=\"_paragraph_o9xde_4 _paragraph_xtcu6_10 layout-component text-serif-m layout-normal text-serif-m layout-padded\">\u2013 Hun er fullstendig umulig om dagen, sa Viaplay-kommentator Henrik Jonassen.<\/p>\n<p class=\"_paragraph_o9xde_4 _paragraph_xtcu6_10 layout-component text-serif-m layout-normal text-serif-m layout-padded\">Shiffrin har vunnet alle de fire f\u00f8rste slal\u00e5mrenn denne sesongen.<\/p>\n<p class=\"_paragraph_o9xde_4 _paragraph_xtcu6_10 layout-component text-serif-m layout-normal text-serif-m layout-padded\">\u2013 Hva er du laget av? spurte Jonassen.<\/p>\n<p class=\"_paragraph_o9xde_4 _paragraph_xtcu6_10 layout-component text-serif-m layout-normal text-serif-m layout-padded\">Shiffrin har n\u00e5 havnet topp ti 234 ganger i verdenscupen. Det er like mange som Kjetil Andr\u00e9 Aamodt, opplyste Jonassen.<\/p>\n<p class=\"_paragraph_o9xde_4 _paragraph_xtcu6_10 layout-component text-serif-m layout-normal text-serif-m layout-padded\">Bianca Bakke Westhoff endte uten plassering etter en tidlig hekt i finaleomgangen. Hun viste god fart i startfasen, men r\u00f8k ut etter to mellomtider.<\/p>\n<p class=\"_paragraph_o9xde_4 _paragraph_xtcu6_10 layout-component text-serif-m layout-normal text-serif-m layout-padded\">Thea Louise Stjernesund kom seg ikke til finaleomgangen etter \u00e5 ha kj\u00f8rt ut like f\u00f8r m\u00e5l i 1. omgang.<\/p>\n<p class=\"_paragraph_o9xde_4 _paragraph_xtcu6_10 layout-component text-serif-m layout-normal text-serif-m layout-padded\">Stjernesund har storslal\u00e5m som sin sterkeste disiplin. Dermed er hun ikke blant de seedede i slal\u00e5m og f\u00e5r sent startnummer. Hun startet som nummer 63 tirsdag.<\/p>\n<p class=\"_paragraph_o9xde_4 _paragraph_xtcu6_10 layout-component text-serif-m layout-normal text-serif-m layout-padded\">Stjernesund tok seg i november opp p\u00e5 pallen i et storslal\u00e5mrenn i USA.<\/p>\n<p class=\"_paragraph_o9xde_4 _paragraph_xtcu6_10 layout-component text-serif-m layout-normal text-serif-m layout-padded\">De neste konkurransene for teknikerne er i \u00f8sterrikske Semmering i romjulen. Kommende helg er det fartsrenn i franske Val d&#8217;Is\u00e8re.<\/p>\n","protected":false},"excerpt":{"rendered":"Mina F\u00fcrst Holtmann tapte masse tid og ble nummer 24 i slal\u00e5mrennet i franske Courchevel. Mikaela Shiffrin tok&hellip;\n","protected":false},"author":2,"featured_media":114992,"comment_status":"","ping_status":"","sticky":false,"template":"","format":"standard","meta":{"footnotes":""},"categories":[5],"tags":[249,20,21,24,25,15,19,22,23,17,18,9373,12773,13,30,28,29,14,16,26,27],"class_list":{"0":"post-114991","1":"post","2":"type-post","3":"status-publish","4":"format-standard","5":"has-post-thumbnail","7":"category-overskrifter","8":"tag-alpint","9":"tag-breaking-news","10":"tag-breakingnews","11":"tag-featured-news","12":"tag-featurednews","13":"tag-headlines","14":"tag-hovedoppslag","15":"tag-latest-news","16":"tag-latestnews","17":"tag-main-news","18":"tag-mainnews","19":"tag-mikaela-shiffrin","20":"tag-mina-furst-holtmann","21":"tag-news","22":"tag-no","23":"tag-norge","24":"tag-norway","25":"tag-nyheter","26":"tag-overskrifter","27":"tag-top-stories","28":"tag-topstories"},"share_on_mastodon":{"url":"https:\/\/pubeurope.com\/@no\/115731290328772596","error":""},"_links":{"self":[{"href":"https:\/\/www.europesays.com\/no\/wp-json\/wp\/v2\/posts\/114991","targetHints":{"allow":["GET"]}}],"collection":[{"href":"https:\/\/www.europesays.com\/no\/wp-json\/wp\/v2\/posts"}],"about":[{"href":"https:\/\/www.europesays.com\/no\/wp-json\/wp\/v2\/types\/post"}],"author":[{"embeddable":true,"href":"https:\/\/www.europesays.com\/no\/wp-json\/wp\/v2\/users\/2"}],"replies":[{"embeddable":true,"href":"https:\/\/www.europesays.com\/no\/wp-json\/wp\/v2\/comments?post=114991"}],"version-history":[{"count":0,"href":"https:\/\/www.europesays.com\/no\/wp-json\/wp\/v2\/posts\/114991\/revisions"}],"wp:featuredmedia":[{"embeddable":true,"href":"https:\/\/www.europesays.com\/no\/wp-json\/wp\/v2\/media\/114992"}],"wp:attachment":[{"href":"https:\/\/www.europesays.com\/no\/wp-json\/wp\/v2\/media?parent=114991"}],"wp:term":[{"taxonomy":"category","embeddable":true,"href":"https:\/\/www.europesays.com\/no\/wp-json\/wp\/v2\/categories?post=114991"},{"taxonomy":"post_tag","embeddable":true,"href":"https:\/\/www.europesays.com\/no\/wp-json\/wp\/v2\/tags?post=114991"}],"curies":[{"name":"wp","href":"https:\/\/api.w.org\/{rel}","templated":true}]}}