{"id":114995,"date":"2025-12-16T21:15:18","date_gmt":"2025-12-16T21:15:18","guid":{"rendered":"https:\/\/www.europesays.com\/no\/114995\/"},"modified":"2025-12-16T21:15:18","modified_gmt":"2025-12-16T21:15:18","slug":"sarpsborg-08-fotball-hampus-andersson-vi-kommenterer-ikke-enkeltnavn-for-noe-er-offisielt","status":"publish","type":"post","link":"https:\/\/www.europesays.com\/no\/114995\/","title":{"rendered":"Sarpsborg 08, Fotball | Hampus Andersson: \u2013 Vi kommenterer ikke enkeltnavn f\u00f8r noe er offisielt"},"content":{"rendered":"\n<p>Det var rettighetshaver for eliteserien i fotball, TV2, som tirsdag ettermiddag <a href=\"https:\/\/www.tv2.no\/sport\/fotball\/eliteserien\/tv-2-erfarer-hoyaktuell-for-hovedtrenerjobben\/18389870\/\" rel=\"Follow nofollow noopener\" target=\"_blank\">gikk ut med en sak <\/a>om at Even Sel (36) blir Sarpsborg 08s nye trener.<\/p>\n<p>Sel er i dag trener for G19-landslaget, og har tidligere v\u00e6rt assistenttrener for b\u00e5de Bryne FK (2016-2021 og FK Haugesund (2022-2023). I Bryne var han ogs\u00e5 i en periode midlertidig trener. I sommer ledet han G19-landslaget til EM-sluttspill.<\/p>\n<p>I 2020 ble han k\u00e5ret til \u00e5rets unge trener i norsk fotball.<\/p>\n<p><a href=\"https:\/\/www.tv2.no\/sport\/fotball\/eliteserien\/tv-2-erfarer-hoyaktuell-for-hovedtrenerjobben\/18389870\/\" rel=\"Follow nofollow noopener\" target=\"_blank\">\u2013 Det har jeg ingen kommentar til, sier Sel til TV2. <\/a><\/p>\n<p>\u2013 Kommenterer ikke navn<\/p>\n<p>Heller ikke Sarpsborg 08s ledelse er s\u00e6rlig villig til \u00e5 kommentere TV2s opplysninger. SA har gjennom tirsdag ettermiddag og kveld fors\u00f8kt \u00e5 f\u00e5 en kommentar fra sportssjef Hampus Andersson, sportslig ansvarlig Bj\u00f8rge \u00d8iestad og styreleder Hans Petter Arnesen. F\u00f8rst like f\u00f8r klokka 21.00 responderte Andersson p\u00e5 lokalavisas henvendelse.<\/p>\n<p>\u2013 Du kan sitere meg p\u00e5 at vi ikke kommenterer enkeltnavn f\u00f8r noe er offisielt og klart for \u00e5 bli presentert.<\/p>\n<p>\u2013 Men vi kan heller ikke stoppe dere fra \u00e5 spekulere, er Hampus Andersson korte kommentar.<\/p>\n<p>Dette er for \u00f8vrig vanlig praksis fra b\u00e5de Sarpsborg 08 og andre toppklubber i fotball. Man er ytterst forsiktig med \u00e5 kommentere konkrete navn i prosesser rundt spillertransaksjoner og treneransettelser.<\/p>\n<p>\u2013 Stemmer med uttalelse<\/p>\n<p>Det har f\u00e5 navn p\u00e5 rykteb\u00f8rsen rundt trenerjobben p\u00e5 Sarpsborg stadion de siste ukene etter at det som s\u00e5 ut som f\u00f8rstevalget, Sindre Tjelmeland, viste seg \u00e5 v\u00e6re ul\u00f8selig for Sarpsborg 08. Tjelmeland har kontrakt med Lech Poznan i Polen fram til sommeren, og n\u00e5 ser det ut som Molde er interessert i \u00e5 gj\u00f8re det Sarpsborg 08 ikke \u00f8nsket: Nemlig vente med en permanent treneransettelse til Tjelmeland er tilgjengelig.<\/p>\n<p>J\u00e6rbuen Even Sel passer godt til den beskrivelsen sportslig ansvarlig Bj\u00f8rge \u00d8iestad ga om en h\u00f8yaktuell trener p\u00e5 et investorm\u00f8te i Sarpsborg 08 for noen dager siden. Der skal Bj\u00f8rge \u00d8iestad ha snakket om en ung, norsk trener uten nevneverdig eliteserieerfaring. N\u00e5 kan det tyde p\u00e5 at mannen \u00d8iestad siktet til er 36 \u00e5r gamle Even Sel.<\/p>\n<p>Sportssjef Hampus Andersson sa til SA i intervjusonen p\u00e5 Ullevaal etter cupfinalen at han h\u00e5pet \u00e5 l\u00f8se trenersaken i l\u00f8pet av to til tre uker.<\/p>\n<p>  <a href=\"https:\/\/www.sa.no\/5-46-1928215\" class=\"related-teaser has-image default-story-teaser article--c-eRUmMG article--c-eRUmMG-jKCPdD-design-default\" rel=\"nofollow noopener\" target=\"_blank\"><\/p>\n<p>    <img decoding=\"async\" loading=\"lazy\"  src=\"https:\/\/www.europesays.com\/no\/wp-content\/uploads\/2025\/12\/cueres_scp-mangler_navn_CTzq2zJGBqk.jpg\" alt=\"\" class=\"brick-c-cFOWSL\" style=\"\"\/><\/p>\n<p>\n            Les ogs\u00e5<\/p>\n<p>              Allsvenskan-trio venter Sarpsborg 08 f\u00f8r FFK-duell\n        <\/p>\n<p>  <\/a><\/p>\n<p>  <a href=\"https:\/\/www.sa.no\/5-46-1927423\" class=\"related-teaser has-image default-story-teaser article--c-eRUmMG article--c-eRUmMG-jKCPdD-design-default\" rel=\"nofollow noopener\" target=\"_blank\"><\/p>\n<p>    <img decoding=\"async\" loading=\"lazy\"  src=\"https:\/\/www.europesays.com\/no\/wp-content\/uploads\/2025\/12\/5_46_1695387+StefanJohansen+NTB.jpg\" alt=\"\" class=\"brick-c-cFOWSL\" style=\"\"\/><\/p>\n<p>\n            Les ogs\u00e5<\/p>\n<p>              Slik var l\u00f8nningene i Sarpsborg 08 i 2024\n        <\/p>\n<p>  <\/a><\/p>\n<p>  <a href=\"https:\/\/www.sa.no\/5-46-1927426\" class=\"related-teaser has-image default-story-teaser article--c-eRUmMG article--c-eRUmMG-jKCPdD-design-default\" rel=\"nofollow noopener\" target=\"_blank\"><\/p>\n<p>    <img decoding=\"async\" loading=\"lazy\"  src=\"https:\/\/www.europesays.com\/no\/wp-content\/uploads\/2025\/12\/cueres_scp-mangler_navn_ZVk4TMqkjv8.jpg\" alt=\"\" class=\"brick-c-cFOWSL\" style=\"\"\/><\/p>\n<p>\n            Les ogs\u00e5<\/p>\n<p>              Fire spillere forlater Sarpsborg 08\n        <\/p>\n<p>  <\/a><\/p>\n","protected":false},"excerpt":{"rendered":"Det var rettighetshaver for eliteserien i fotball, TV2, som tirsdag ettermiddag gikk ut med en sak om at&hellip;\n","protected":false},"author":2,"featured_media":114996,"comment_status":"","ping_status":"","sticky":false,"template":"","format":"standard","meta":{"footnotes":""},"categories":[59],"tags":[36,92,30,28,29,133,83,82,1510],"class_list":{"0":"post-114995","1":"post","2":"type-post","3":"status-publish","4":"format-standard","5":"has-post-thumbnail","7":"category-sport","8":"tag-art","9":"tag-fotball","10":"tag-no","11":"tag-norge","12":"tag-norway","13":"tag-sarpsborg-08","14":"tag-sport","15":"tag-sports","16":"tag-story"},"share_on_mastodon":{"url":"https:\/\/pubeurope.com\/@no\/115731322067020115","error":""},"_links":{"self":[{"href":"https:\/\/www.europesays.com\/no\/wp-json\/wp\/v2\/posts\/114995","targetHints":{"allow":["GET"]}}],"collection":[{"href":"https:\/\/www.europesays.com\/no\/wp-json\/wp\/v2\/posts"}],"about":[{"href":"https:\/\/www.europesays.com\/no\/wp-json\/wp\/v2\/types\/post"}],"author":[{"embeddable":true,"href":"https:\/\/www.europesays.com\/no\/wp-json\/wp\/v2\/users\/2"}],"replies":[{"embeddable":true,"href":"https:\/\/www.europesays.com\/no\/wp-json\/wp\/v2\/comments?post=114995"}],"version-history":[{"count":0,"href":"https:\/\/www.europesays.com\/no\/wp-json\/wp\/v2\/posts\/114995\/revisions"}],"wp:featuredmedia":[{"embeddable":true,"href":"https:\/\/www.europesays.com\/no\/wp-json\/wp\/v2\/media\/114996"}],"wp:attachment":[{"href":"https:\/\/www.europesays.com\/no\/wp-json\/wp\/v2\/media?parent=114995"}],"wp:term":[{"taxonomy":"category","embeddable":true,"href":"https:\/\/www.europesays.com\/no\/wp-json\/wp\/v2\/categories?post=114995"},{"taxonomy":"post_tag","embeddable":true,"href":"https:\/\/www.europesays.com\/no\/wp-json\/wp\/v2\/tags?post=114995"}],"curies":[{"name":"wp","href":"https:\/\/api.w.org\/{rel}","templated":true}]}}