{"id":114997,"date":"2025-12-16T21:16:14","date_gmt":"2025-12-16T21:16:14","guid":{"rendered":"https:\/\/www.europesays.com\/no\/114997\/"},"modified":"2025-12-16T21:16:14","modified_gmt":"2025-12-16T21:16:14","slug":"familiekrangel-pa-juleselskap-kvelden-for-drapet","status":"publish","type":"post","link":"https:\/\/www.europesays.com\/no\/114997\/","title":{"rendered":"Familiekrangel p\u00e5 juleselskap kvelden f\u00f8r drapet"},"content":{"rendered":"\n<ul class=\"_list_o9xde_3 _list_64s2r_85 _unordered_o9xde_106 text-sans-m\">\n<li class=\"_item_o9xde_30\">Filmskaper Rob Reiner og hans kone Michele ble funnet drept i sitt hjem i Los Angeles.<\/li>\n<li class=\"_item_o9xde_30\">S\u00f8nnen Nick Reiner er arrestert, mistenkt for drapet p\u00e5 foreldrene.<\/li>\n<li class=\"_item_o9xde_30\">Familien hadde dagen f\u00f8r deltatt p\u00e5 en fest der Nicks oppf\u00f8rsel vakte bekymring.<\/li>\n<\/ul>\n<p>Vis mer <\/p>\n<p class=\"_paragraph_o9xde_4 _paragraph_xtcu6_10 layout-component text-serif-m layout-normal text-serif-m layout-padded\">Legendefilmskaperen Rob Reiner og kona Michele Singer Reiner ble funnet d\u00f8de i sitt hjem i <a href=\"https:\/\/www.vg.no\/tag\/los-angeles?utm_source=vg-article&amp;utm_medium=auto-tagger&amp;utm_campaign=oERqGR\" class=\"_link_o9xde_39\" rel=\"nofollow noopener\" target=\"_blank\">Los Angeles<\/a> s\u00f8ndag. <\/p>\n<p class=\"_paragraph_o9xde_4 _paragraph_xtcu6_10 layout-component text-serif-m layout-normal text-serif-m layout-padded\">S\u00f8nnen Nick Reiner (32) er p\u00e5grepet og mistenkt for \u00e5 ha drept foreldrene sine. Det er ikke kjent hvordan han stiller seg til anklagene.<\/p>\n<p class=\"_paragraph_o9xde_4 _paragraph_xtcu6_10 layout-component text-serif-m layout-normal text-serif-m layout-padded\">Statsadvokaten og politiet har varslet pressekonferanse klokken 22: <\/p>\n<p class=\"_paragraph_o9xde_4 _paragraph_xtcu6_10 layout-component text-serif-m layout-normal text-serif-m layout-padded\">Der Los Angeles County District Attorney Nathan J. Hochman innleder med \u00e5 si: <\/p>\n<p class=\"_paragraph_o9xde_4 _paragraph_xtcu6_10 layout-component text-serif-m layout-normal text-serif-m layout-padded\">\u2013 Denne saken gjelder to tilfeller av overlagt drap beg\u00e5tt med et d\u00f8delig v\u00e5pen, en kniv. Den siktede risikerer livstid i fengsel. P\u00e5talemyndigheten vil presentere bevis som underbygger tiltalen p\u00e5 et senere tidpunkt, sier Reiner. <\/p>\n<p class=\"_paragraph_o9xde_4 _paragraph_xtcu6_10 layout-component text-serif-m layout-normal text-serif-m layout-padded\"><strong class=\"_strong_o9xde_25\">I amerikanske medier har det kommet frem en rekke detaljer om tiden f\u00f8r drapene: <\/strong><\/p>\n<p class=\"_paragraph_o9xde_4 _paragraph_xtcu6_10 layout-component text-serif-m layout-normal text-serif-m layout-padded\">Dagen f\u00f8r hadde familien v\u00e6rt p\u00e5 julefest hos komiker Conan O&#8217;Brien. Der oppf\u00f8rte Nick Reiner seg p\u00e5 en m\u00e5te som fikk andre gjester til \u00e5 f\u00f8le seg ukomfortable, if\u00f8lge\u00a0<a href=\"https:\/\/www.nbcnews.com\/news\/us-news\/carl-reiner-nick-conan-obrien-party-deaths-rcna249396\" class=\"_link_o9xde_39\" rel=\"nofollow noopener\" target=\"_blank\">NBC News<\/a>.<\/p>\n<p>Krangel p\u00e5 fest<img alt=\"Rob Reiner, Michele Singer, Romy Reiner, Nick Reiner, Maria Gilfillan og Jake Reiner under premieren p\u00e5 \u00abSpinal Tap II: The End Continues\u00bb p\u00e5 Egyptian Theatre i Los Angeles, California, 9. september 2025.  Foto: Aude Guerrucci \/ Reuters \/ NTB\" class=\"_image_qp4xg_65 layout-component layout-normal\" data-fullscreen- data-track-element-type=\"Article image fullscreen\" data-track-name=\"ImageFullscreen\" decoding=\"async\" loading=\"lazy\" height=\"3591\" itemprop=\"image\"  src=\"https:\/\/www.europesays.com\/no\/wp-content\/uploads\/2025\/12\/e30bf233-f81f-4f4d-8098-7a3475131db9\"  style=\"object-position:0% 0%\" width=\"4615\"\/>Rob Reiner, Michele Singer, Romy Reiner, Nick Reiner, Maria Gilfillan og Jake Reiner under premieren p\u00e5 \u00abSpinal Tap II: The End Continues\u00bb p\u00e5 Egyptian Theatre i Los Angeles, California, 9. september 2025.  Foto: Aude Guerrucci \/ Reuters \/ NTB<\/p>\n<p class=\"_paragraph_o9xde_4 _paragraph_xtcu6_10 layout-component text-serif-m layout-normal text-serif-m layout-padded\">To kilder som var til stede p\u00e5 festen forteller at han blant annet avbr\u00f8t en samtale mellom komiker Bill Hader og andre gjester.<\/p>\n<p><img decoding=\"async\" alt=\"Bilde av Bill Hader\" class=\"_image_ygndg_42\" height=\"27\" itemprop=\"image\" loading=\"lazy\"  src=\"https:\/\/www.europesays.com\/no\/wp-content\/uploads\/2025\/12\/ebed9cc7-96e3-4c3b-816b-844f8eba4458\"  width=\"40\"\/><strong class=\"_name_ygndg_51 title-serif-xs\">Bill Hader<\/strong><\/p>\n<p class=\"_paragraph_o9xde_4 text-sans-m _description_ygndg_56\">Amerikansk skuespiller, komiker, manusforfatter og regiss\u00f8r<\/p>\n<p class=\"_paragraph_o9xde_4 _paragraph_xtcu6_10 layout-component text-serif-m layout-normal text-serif-m layout-padded\">Foreldrenes reaksjon p\u00e5 s\u00f8nnens oppf\u00f8rsel skal ha v\u00e6rt tydelig: <\/p>\n<p class=\"_paragraph_o9xde_4 _paragraph_xtcu6_10 layout-component text-serif-m layout-normal text-serif-m layout-padded\">If\u00f8lge kildene var Rob og Michele Reiner b\u00e5de oppr\u00f8rte og flaue. De uttrykte ogs\u00e5 bekymring for s\u00f8nnens helse, melder\u00a0<a href=\"https:\/\/www.nbcnews.com\/news\/us-news\/carl-reiner-nick-conan-obrien-party-deaths-rcna249396\" class=\"_link_o9xde_39\" rel=\"nofollow noopener\" target=\"_blank\">NBC News<\/a>.<\/p>\n<p class=\"_paragraph_o9xde_4 _paragraph_xtcu6_10 layout-component text-serif-m layout-normal text-serif-m layout-padded\">Han skal ogs\u00e5 ha havnet i en heftig krangel med faren sin. Krangelen var s\u00e5 h\u00f8y at andre gjester h\u00f8rte den. Foreldrene forlot festen etter konflikten, if\u00f8lge <a href=\"https:\/\/www.tmz.com\/2025\/12\/16\/nick-reiner-hires-defense-attorney-alan-jackson-in-murder-case\/\" class=\"_link_o9xde_39\" rel=\"nofollow noopener\" target=\"_blank\">TMZ<\/a>. <\/p>\n<p><img alt=\"En politibetjent sperret av en gate i n\u00e6rheten av Rob Reiners bolig i Brentwood, Los Angeles, s\u00f8ndag 14. desember 2025.  Foto: Ethan Swope \/ Pa Photos \/ NTB\" class=\"_image_qp4xg_65 layout-component layout-normal\" data-fullscreen- data-track-element-type=\"Article image fullscreen\" data-track-name=\"ImageFullscreen\" decoding=\"async\" loading=\"lazy\" height=\"2333\" itemprop=\"image\"  src=\"https:\/\/www.europesays.com\/no\/wp-content\/uploads\/2025\/12\/133bccf1-f1fe-43e3-8bf1-cd8184e559f7\"  style=\"object-position:0% 0%\" width=\"3500\"\/>En politibetjent sperret av en gate i n\u00e6rheten av Rob Reiners bolig i Brentwood, Los Angeles, s\u00f8ndag 14. desember 2025.  Foto: Ethan Swope \/ Pa Photos \/ NTB<\/p>\n<p class=\"_paragraph_o9xde_4 _paragraph_xtcu6_10 layout-component text-serif-m layout-normal text-serif-m layout-padded\">S\u00f8nnen skal til tider ha bodd i foreldrenes hjem i det eksklusive Brentwood-omr\u00e5det i Los Angeles.<\/p>\n<p>Blod p\u00e5 hotellrom<\/p>\n<p class=\"_paragraph_o9xde_4 _paragraph_xtcu6_10 layout-component text-serif-m layout-normal text-serif-m layout-padded\">Etter krangelen sjekket Nick inn p\u00e5 hotellet The Pierside Santa Monica rundt klokka fire natt til s\u00f8ndag. Han brukte kredittkortet sitt og reserverte rommet for bare \u00e9n dag.<\/p>\n<p>Aktiver kart<\/p>\n<p class=\"_paragraph_o9xde_4 _paragraph_xtcu6_10 layout-component text-serif-m layout-normal text-serif-m layout-padded\">Vitner som s\u00e5 ham sjekke inn sier til TMZ at det ikke var noen synlige tegn p\u00e5 at han hadde v\u00e6rt i en voldelig konfrontasjon. <\/p>\n<p class=\"_paragraph_o9xde_4 _paragraph_xtcu6_10 layout-component text-serif-m layout-normal text-serif-m layout-padded\">Nick sjekket aldri formelt ut av hotellet, men da personalet kom inn p\u00e5 rommet hans senere p\u00e5 s\u00f8ndag, fant de angivelig blod \u2013 b\u00e5de i dusjen og p\u00e5 sengen, if\u00f8lge TMZ. <\/p>\n<p class=\"_paragraph_o9xde_4 _paragraph_xtcu6_10 layout-component text-serif-m layout-normal text-serif-m layout-padded\">Politiet rykket ut til Reiner-ekteparets hus rundt klokken 15.40 lokal tid s\u00f8ndag. Da hadde parets datter Romy Reiner funnet foreldrene drept, if\u00f8lge \u00a0<a href=\"https:\/\/edition.cnn.com\/entertainment\/live-news\/rob-michele-reiner-death-investigation-12-16-25-hnk\" class=\"_link_o9xde_39\" rel=\"nofollow noopener\" target=\"_blank\">CNN<\/a>\u00a0og\u00a0<a href=\"https:\/\/www.cbsnews.com\/news\/nick-reiner-arrested-rob-reiner-michele\/\" class=\"_link_o9xde_39\" rel=\"nofollow noopener\" target=\"_blank\">CBS News<\/a>.<\/p>\n<p><img alt=\"Presse og tilskuere samlet seg n\u00e6r politiets etterforskning utenfor Rob Reiners hjem i Brentwood, California, 14. desember 2025.   Foto: MARIO TAMA \/ AFP \/ NTB\" class=\"_image_qp4xg_65 layout-component layout-normal\" data-fullscreen- data-track-element-type=\"Article image fullscreen\" data-track-name=\"ImageFullscreen\" decoding=\"async\" loading=\"lazy\" height=\"5302\" itemprop=\"image\"  src=\"https:\/\/www.europesays.com\/no\/wp-content\/uploads\/2025\/12\/475737ca-ad66-4297-9bc8-8491006f8c7b\"  style=\"object-position:0% 0%\" width=\"7871\"\/>Presse og tilskuere samlet seg n\u00e6r politiets etterforskning utenfor Rob Reiners hjem i Brentwood, California, 14. desember 2025.   Foto: MARIO TAMA \/ AFP \/ NTB<\/p>\n<p class=\"_paragraph_o9xde_4 _paragraph_xtcu6_10 layout-component text-serif-m layout-normal text-serif-m layout-padded\">Politiet har ikke gitt detaljer om hvordan paret d\u00f8de, men if\u00f8lge\u00a0<a href=\"https:\/\/www.cbsnews.com\/news\/nick-reiner-arrested-rob-reiner-michele\/\" class=\"_link_o9xde_39\" rel=\"nofollow noopener\" target=\"_blank\">CBS News<\/a>\u00a0ble de funnet med flere knivstikk.<\/p>\n<p class=\"_paragraph_o9xde_4 _paragraph_xtcu6_10 layout-component text-serif-m layout-normal text-serif-m layout-padded\">Nick Reiner ble arrestert samme kveld klokken 21.15, rundt tre mil unna i Exposition Park, n\u00e6r sentrum av Los Angeles.<\/p>\n<p class=\"_paragraph_o9xde_4 _paragraph_xtcu6_10 layout-component text-serif-m layout-normal text-serif-m layout-padded\">Mandag var politiets drapsetterforskere p\u00e5 hotellet for \u00e5 samle bevis og intervjue ansatte.<\/p>\n<p class=\"_paragraph_o9xde_4 _paragraph_xtcu6_10 layout-component text-serif-m layout-normal text-serif-m layout-padded\">Tirsdag kveld norsk tid kom nyheten om at Nick Reiner har engasjert en av USAs mest profilerte forsvarsadvokater etter p\u00e5gripelsen. <\/p>\n<p><img alt=\"Advokat Alan Jackson m\u00f8tte tirsdag pressen utenfor straffedomstolen i Los Angeles.   Foto: TED SOQUI \/ EPA \/ NTB\" class=\"_image_qp4xg_65 layout-component layout-normal\" data-fullscreen- data-track-element-type=\"Article image fullscreen\" data-track-name=\"ImageFullscreen\" decoding=\"async\" loading=\"lazy\" height=\"5176\" itemprop=\"image\"  src=\"https:\/\/www.europesays.com\/no\/wp-content\/uploads\/2025\/12\/29bb1619-7405-4775-a73d-0051a6b3bcbe\"  style=\"object-position:0% 0%\" width=\"7246\"\/>Advokat Alan Jackson m\u00f8tte tirsdag pressen utenfor straffedomstolen i Los Angeles.   Foto: TED SOQUI \/ EPA \/ NTB<\/p>\n<p class=\"_paragraph_o9xde_4 _paragraph_xtcu6_10 layout-component text-serif-m layout-normal text-serif-m layout-padded\">Alan Jackson bekrefter overfor TMZ at han er hyret inn. Han er kjent som en av de beste straffeforsvarerne i landet og har nylig f\u00e5tt Karen Read frikjent for drap i Massachusetts.<\/p>\n<p class=\"_paragraph_o9xde_4 _paragraph_xtcu6_10 layout-component text-serif-m layout-normal text-serif-m layout-padded\">Politiet i Los Angeles mener at Nick Reiner har drept foreldrene, men de har forel\u00f8pig ikke tatt ut formell siktelse. Det er derfor uklart om de mener drapene var planlagt eller ei. <\/p>\n<p class=\"_paragraph_o9xde_4 _paragraph_xtcu6_10 layout-component text-serif-m layout-normal text-serif-m layout-padded\">Etterforskerne som jobber med drapene skal angivelig v\u00e6re mer opptatt av \u00abhvorfor\u00bb enn \u00abhvem som gjorde det\u00bb, sa tidligere f\u00f8deral aktor Alyse Adamson til CNN tirsdag morgen. <\/p>\n<ul class=\"_gallery_1qa3s_23\" tabindex=\"0\">\n<li class=\"_item_1qa3s_37\" data-index=\"0\"><img decoding=\"async\" class=\"_image_foru8_23 _articleGallery_foru8_39\" data-fullscreen- width=\"8192\" height=\"5464\" itemprop=\"image\" loading=\"lazy\"  src=\"https:\/\/www.europesays.com\/no\/wp-content\/uploads\/2025\/12\/acf8fe4a-b7d8-4383-a185-106649f1388a\"  style=\"object-position:50% 50%;aspect-ratio:var(--gallery-aspect-ratio, 16 \/ 9)\"\/>Rob Reiners stjerne p\u00e5 Hollywood Walk of Fame med blomster og en krans i Los Angeles. Foto: TED SOQUI \/ EPA \/ NTB<\/li>\n<li class=\"_item_1qa3s_37\" data-index=\"1\"><img decoding=\"async\" class=\"_image_foru8_23 _articleGallery_foru8_39\" data-fullscreen- width=\"8192\" height=\"5249\" itemprop=\"image\" loading=\"lazy\"  src=\"https:\/\/www.europesays.com\/no\/wp-content\/uploads\/2025\/12\/51dd976e-d6e9-43fc-8911-96c69a1cb124\"  style=\"object-position:50% 50%;aspect-ratio:var(--gallery-aspect-ratio, 16 \/ 9)\"\/>Rob Reiners stjerne p\u00e5 Hollywood Walk of Fame er dekket med blomster og en krans i Los Angeles, California, 15. desember 2025. Foto: TED SOQUI \/ EPA \/ NTB<\/li>\n<li class=\"_item_1qa3s_37\" data-index=\"2\"><img decoding=\"async\" class=\"_image_foru8_23 _articleGallery_foru8_39\" data-fullscreen- width=\"6613\" height=\"4506\" itemprop=\"image\" loading=\"lazy\"  src=\"https:\/\/www.europesays.com\/no\/wp-content\/uploads\/2025\/12\/16784455-41f1-4a35-9fcc-8c7468b6ac1c\"  style=\"object-position:50% 50%;aspect-ratio:var(--gallery-aspect-ratio, 16 \/ 9)\"\/>En person legger ned blomster ved regiss\u00f8r Rob Reiners stjerne p\u00e5 Hollywood Walk of Fame i Los Angeles, 15. desember 2025.  Foto: MARIO TAMA \/ AFP \/ NTB<\/li>\n<\/ul>\n<p>Rob Reiners stjerne p\u00e5 Hollywood Walk of Fame med blomster og en krans i Los Angeles. Foto: TED SOQUI \/ EPA \/ NTB<\/p>\n<p>\u00c5pen om rusavhengighet<\/p>\n<p class=\"_paragraph_o9xde_4 _paragraph_xtcu6_10 layout-component text-serif-m layout-normal text-serif-m layout-padded\">Nick Reiner har tidligere v\u00e6rt \u00e5pen om sine problemer med rusmisbruk. I 2015 samarbeidet han med faren om filmen \u00abBeing Charlie\u00bb, som Rob Reiner regisserte og Nick var medforfatter p\u00e5.<\/p>\n<p class=\"_paragraph_o9xde_4 _paragraph_xtcu6_10 layout-component text-serif-m layout-normal text-serif-m layout-padded\">Filmen handlet om en ten\u00e5ring som sliter med rusavhengighet og rehabilitering, og var \u00abl\u00f8st basert p\u00e5 ting Nick gikk gjennom og forholdet hans til meg og moren hans\u00bb, fortalte Rob Reiner i et intervju med AOL i 2016, if\u00f8lge\u00a0<a href=\"https:\/\/www.cbsnews.com\/news\/nick-reiner-arrested-rob-reiner-michele\/\" class=\"_link_o9xde_39\" rel=\"nofollow noopener\" target=\"_blank\">CBS News<\/a>.<\/p>\n<p><img alt=\"REINER-FAMILIEN: Ekteparet Michele og Rob, sammen med barna Jake, Romy og Nick i 2014.    Foto: Evan Agostini \/ AP \/ NTB\" class=\"_image_qp4xg_65 layout-component layout-normal\" data-fullscreen- data-track-element-type=\"Article image fullscreen\" data-track-name=\"ImageFullscreen\" decoding=\"async\" loading=\"lazy\" height=\"2264\" itemprop=\"image\"  src=\"https:\/\/www.europesays.com\/no\/wp-content\/uploads\/2025\/12\/a848224c-81ad-4921-92aa-cd7e89ce0295\"  style=\"object-position:0% 0%\" width=\"3500\"\/>REINER-FAMILIEN: Ekteparet Michele og Rob, sammen med barna Jake, Romy og Nick i 2014.    Foto: Evan Agostini \/ AP \/ NTB<\/p>\n<p class=\"_paragraph_o9xde_4 _paragraph_xtcu6_10 layout-component text-serif-m layout-normal text-serif-m layout-padded\">\u2013 Det var intenst. Det var vanskelig til tider, sa Rob Reiner om samarbeidet med s\u00f8nnen.<\/p>\n<p class=\"_paragraph_o9xde_4 _paragraph_xtcu6_10 layout-component text-serif-m layout-normal text-serif-m layout-padded\">Nick Reiner fortalte People magazine at filmen ogs\u00e5 var basert p\u00e5 hans erfaringer med \u00e5 leve p\u00e5 gaten n\u00e5r han ikke ville g\u00e5 til rehabilitering.<\/p>\n<p>\u2013 Vi skulle m\u00f8te Reiner-paret den kvelden<\/p>\n<p class=\"_paragraph_o9xde_4 _paragraph_xtcu6_10 layout-component text-serif-m layout-normal text-serif-m layout-padded\">Tidligere f\u00f8rstedame Michelle Obama uttalte i \u00abJimmy Kimmel Live!\u00bb at hun og ektemannen, Barack Obama, skulle m\u00f8te Rob og Michele Reiner samme kveld som paret ble drept.<\/p>\n<p class=\"_paragraph_o9xde_4 _paragraph_xtcu6_10 layout-component text-serif-m layout-normal text-serif-m layout-padded\">\u2013 Vi har kjent dem i mange \u00e5r, og vi skulle v\u00e6rt sammen med dem den kvelden. S\u00e5 fikk vi den forferdelige beskjeden, sa hun i talkshowet mandag.<\/p>\n<p><img alt=\"Michelle Obama var p\u00e5 bes\u00f8k hos Jimmy Kimmel i forbindelse med hennes ny bok \u00abThe look\u00bb.   Foto: Allison Robert \/ AP \/ NTB\" class=\"_image_qp4xg_65 layout-component layout-normal\" data-fullscreen- data-track-element-type=\"Article image fullscreen\" data-track-name=\"ImageFullscreen\" decoding=\"async\" loading=\"lazy\" height=\"3883\" itemprop=\"image\"  src=\"https:\/\/www.europesays.com\/no\/wp-content\/uploads\/2025\/12\/d80bc144-70f8-4f03-9e6a-decd0fde6595\"  style=\"object-position:0% 0%\" width=\"5824\"\/>Michelle Obama var p\u00e5 bes\u00f8k hos Jimmy Kimmel i forbindelse med hennes ny bok \u00abThe look\u00bb.   Foto: Allison Robert \/ AP \/ NTB<\/p>\n<p class=\"_paragraph_o9xde_4 _paragraph_xtcu6_10 layout-component text-serif-m layout-normal text-serif-m layout-padded\">Michelle Obama omtalte ekteparet som \u00abmodige og anstendige mennesker\u00bb og tok samtidig et tydelig oppgj\u00f8r med kritikk fra Donald Trump, som tidligere har kalt Rob Reiner \u00abgal\u00bb.<\/p>\n<p class=\"_paragraph_o9xde_4 _paragraph_xtcu6_10 layout-component text-serif-m layout-normal text-serif-m layout-padded\">VG skrev tidligere denne uken at republikanere og andre reagerer p\u00e5 Donald Trumps p\u00e5stander etter drapet:<\/p>\n<p class=\"_paragraph_o9xde_4 _paragraph_xtcu6_10 layout-component text-serif-m layout-normal layout-padded\"><strong class=\"_strong_o9xde_25\">Les ogs\u00e5:<\/strong> <a href=\"https:\/\/www.vg.no\/i\/7plkAv\" data-track-element-type=\"Link\" data-track-id=\"link:7plkAv\" class=\"_link_o9xde_39\" rel=\"nofollow noopener\" target=\"_blank\">Trump f\u00e5r refs etter Rob Reiner-kommentar<\/a><\/p>\n<p><img alt=\"En mobiltelefon viser et innlegg fra USAs tidligere president Donald Trump p\u00e5 Truth Social om d\u00f8dsfallet til skuespiller og regiss\u00f8r Rob Reiner.   Foto: KEVIN DIETSCH \/ AFP \/ NTB\" class=\"_image_qp4xg_65 layout-component layout-normal\" data-fullscreen- data-track-element-type=\"Article image fullscreen\" data-track-name=\"ImageFullscreen\" decoding=\"async\" loading=\"lazy\" height=\"2701\" itemprop=\"image\"  src=\"https:\/\/www.europesays.com\/no\/wp-content\/uploads\/2025\/12\/69e29853-541f-419d-8b0a-01578a2daace\"  style=\"object-position:0% 0%\" width=\"4120\"\/>En mobiltelefon viser et innlegg fra USAs tidligere president Donald Trump p\u00e5 Truth Social om d\u00f8dsfallet til skuespiller og regiss\u00f8r Rob Reiner.   Foto: KEVIN DIETSCH \/ AFP \/ NTB<\/p>\n<p class=\"_paragraph_o9xde_4 _paragraph_xtcu6_10 layout-component text-serif-m layout-normal text-serif-m layout-padded\">\u2013 De brydde seg om familie, landet og rettferdighet. Det er sannheten. Jeg kjente dem, sa hun.<\/p>\n<p class=\"_paragraph_o9xde_4 _paragraph_xtcu6_10 layout-component text-serif-m layout-normal text-serif-m layout-padded\">Barack Obama har ogs\u00e5 uttalt seg p\u00e5 X, og skrev at Reiner-paret vil bli husket for verdiene de kjempet for og menneskene de inspirerte.<\/p>\n<p class=\"_root_1xq52_1\" lang=\"en\" dir=\"auto\">Michelle and I are heartbroken by the tragic passing of Rob Reiner and his beloved wife, Michele. Rob\u2019s achievements in film and television gave us some of our most cherished stories on screen. But beneath all of the stories he produced was a deep belief in the goodness of<\/p>\n","protected":false},"excerpt":{"rendered":"Filmskaper Rob Reiner og hans kone Michele ble funnet drept i sitt hjem i Los Angeles. S\u00f8nnen Nick&hellip;\n","protected":false},"author":2,"featured_media":114998,"comment_status":"","ping_status":"","sticky":false,"template":"","format":"standard","meta":{"footnotes":""},"categories":[58],"tags":[71,721,7112,30,28,29,5416,72],"class_list":{"0":"post-114997","1":"post","2":"type-post","3":"status-publish","4":"format-standard","5":"has-post-thumbnail","7":"category-underholdning","8":"tag-entertainment","9":"tag-los-angeles","10":"tag-michelle-obama","11":"tag-no","12":"tag-norge","13":"tag-norway","14":"tag-rusavhengighet","15":"tag-underholdning"},"share_on_mastodon":{"url":"https:\/\/pubeurope.com\/@no\/115731325761285651","error":""},"_links":{"self":[{"href":"https:\/\/www.europesays.com\/no\/wp-json\/wp\/v2\/posts\/114997","targetHints":{"allow":["GET"]}}],"collection":[{"href":"https:\/\/www.europesays.com\/no\/wp-json\/wp\/v2\/posts"}],"about":[{"href":"https:\/\/www.europesays.com\/no\/wp-json\/wp\/v2\/types\/post"}],"author":[{"embeddable":true,"href":"https:\/\/www.europesays.com\/no\/wp-json\/wp\/v2\/users\/2"}],"replies":[{"embeddable":true,"href":"https:\/\/www.europesays.com\/no\/wp-json\/wp\/v2\/comments?post=114997"}],"version-history":[{"count":0,"href":"https:\/\/www.europesays.com\/no\/wp-json\/wp\/v2\/posts\/114997\/revisions"}],"wp:featuredmedia":[{"embeddable":true,"href":"https:\/\/www.europesays.com\/no\/wp-json\/wp\/v2\/media\/114998"}],"wp:attachment":[{"href":"https:\/\/www.europesays.com\/no\/wp-json\/wp\/v2\/media?parent=114997"}],"wp:term":[{"taxonomy":"category","embeddable":true,"href":"https:\/\/www.europesays.com\/no\/wp-json\/wp\/v2\/categories?post=114997"},{"taxonomy":"post_tag","embeddable":true,"href":"https:\/\/www.europesays.com\/no\/wp-json\/wp\/v2\/tags?post=114997"}],"curies":[{"name":"wp","href":"https:\/\/api.w.org\/{rel}","templated":true}]}}