{"id":115001,"date":"2025-12-16T21:22:23","date_gmt":"2025-12-16T21:22:23","guid":{"rendered":"https:\/\/www.europesays.com\/no\/115001\/"},"modified":"2025-12-16T21:22:23","modified_gmt":"2025-12-16T21:22:23","slug":"united-planlegger-treningskamper-i-finland-og-sverige-sommeren-2025","status":"publish","type":"post","link":"https:\/\/www.europesays.com\/no\/115001\/","title":{"rendered":"United planlegger treningskamper i Finland og Sverige sommeren 2025"},"content":{"rendered":"<p>United.no skrev 10. desember en videreformidling fra Daily Mail om at United var i samtaler om \u00e5 m\u00f8te<a href=\"https:\/\/www.united.no\/nyheter\/i-samtaler-om-wrexham-kamp-i-skandinavia\/1408035\" target=\"_blank\" rel=\"nofollow noopener\"> Hollywood-eide Wrexham i en treningskamp<\/a> kommende sommer.<\/p>\n<p class=\"font-weight-bold m-font-weight-bold\" data-lab-font_weight=\"font-weight-bold\">N\u00e5 avsl\u00f8rer <a href=\"https:\/\/www.dailymail.co.uk\/sport\/football\/article-15389387\/Manchester-United-transfer-news-midfielders-Bruno-Fernandes-Semenyo-Mainoo-Casemiro.html\" target=\"_blank\" rel=\"nofollow noopener\">Daily Mail <\/a>at Finland er valgt som destinasjon for kampen, selv om det fortsatt ikke er bekreftet verken tidspunkt eller sted og diskusjonene skal fortsatt v\u00e6re p\u00e5g\u00e5ende.<\/p>\n<p>Avisen skriver videre at United vurderer muligheten for \u00e5 spille totalt to treningskamper i Norden sent i juli, i forbindelse med planleggingen av oppkj\u00f8ringen til ny sesong.<\/p>\n<p> De som hadde h\u00e5pet at United skulle komme tilbake til Norge for f\u00f8rste gang siden kampen mot Rosenborg sommeren 2024 m\u00e5 forel\u00f8pig vente enda litt lengre, for den andre kampen skal akkurat n\u00e5 v\u00e6re mest sannsynlig \u00e5 bli spilt i Sverige.<\/p>\n<p>                <img decoding=\"async\" src=\"https:\/\/www.europesays.com\/no\/wp-content\/uploads\/2025\/12\/1387389.webp\" width=\"480\" height=\"274\" title=\"Rob McElhenney og Ryan Reynolds feirer Wrexhams opprykk til Championship.\" alt=\"Ryan Reynolds og Rob McElhenney\" loading=\"lazy\" style=\"\"\/><\/p>\n<p>\n            Rob McElhenney og Ryan Reynolds feirer Wrexhams opprykk til Championship.<br \/>\n            Robbie Jay Barratt &#8211; AMA\n        <\/p>\n<p>United og Wrexham m\u00f8ttes til en treningskamp i USA sommeren 2023. Den kampen, der United stilte med et for det meste ungt og urutinert lag, vant waliserne 3-1.<\/p>\n<p>Oppgj\u00f8ret huskes nok best for en duell mellom United-keeper Nathan Bishop og Wrexham-spiss Paul Mullin, som endte opp med at sistnevnte punkterte en lunge.<\/p>\n","protected":false},"excerpt":{"rendered":"United.no skrev 10. desember en videreformidling fra Daily Mail om at United var i samtaler om \u00e5 m\u00f8te&hellip;\n","protected":false},"author":2,"featured_media":115002,"comment_status":"","ping_status":"","sticky":false,"template":"","format":"standard","meta":{"footnotes":""},"categories":[59],"tags":[30,28,29,83,82],"class_list":{"0":"post-115001","1":"post","2":"type-post","3":"status-publish","4":"format-standard","5":"has-post-thumbnail","7":"category-sport","8":"tag-no","9":"tag-norge","10":"tag-norway","11":"tag-sport","12":"tag-sports"},"share_on_mastodon":{"url":"https:\/\/pubeurope.com\/@no\/115731349429690520","error":""},"_links":{"self":[{"href":"https:\/\/www.europesays.com\/no\/wp-json\/wp\/v2\/posts\/115001","targetHints":{"allow":["GET"]}}],"collection":[{"href":"https:\/\/www.europesays.com\/no\/wp-json\/wp\/v2\/posts"}],"about":[{"href":"https:\/\/www.europesays.com\/no\/wp-json\/wp\/v2\/types\/post"}],"author":[{"embeddable":true,"href":"https:\/\/www.europesays.com\/no\/wp-json\/wp\/v2\/users\/2"}],"replies":[{"embeddable":true,"href":"https:\/\/www.europesays.com\/no\/wp-json\/wp\/v2\/comments?post=115001"}],"version-history":[{"count":0,"href":"https:\/\/www.europesays.com\/no\/wp-json\/wp\/v2\/posts\/115001\/revisions"}],"wp:featuredmedia":[{"embeddable":true,"href":"https:\/\/www.europesays.com\/no\/wp-json\/wp\/v2\/media\/115002"}],"wp:attachment":[{"href":"https:\/\/www.europesays.com\/no\/wp-json\/wp\/v2\/media?parent=115001"}],"wp:term":[{"taxonomy":"category","embeddable":true,"href":"https:\/\/www.europesays.com\/no\/wp-json\/wp\/v2\/categories?post=115001"},{"taxonomy":"post_tag","embeddable":true,"href":"https:\/\/www.europesays.com\/no\/wp-json\/wp\/v2\/tags?post=115001"}],"curies":[{"name":"wp","href":"https:\/\/api.w.org\/{rel}","templated":true}]}}