{"id":115006,"date":"2025-12-16T21:29:28","date_gmt":"2025-12-16T21:29:28","guid":{"rendered":"https:\/\/www.europesays.com\/no\/115006\/"},"modified":"2025-12-16T21:29:28","modified_gmt":"2025-12-16T21:29:28","slug":"signerte-millionavtale-forpliktar-seg-til-a-stille-med-treningsarena","status":"publish","type":"post","link":"https:\/\/www.europesays.com\/no\/115006\/","title":{"rendered":"Signerte millionavtale &#8211; forpliktar seg til \u00e5 stille med treningsarena"},"content":{"rendered":"<p data-testid=\"textWithMarkup-text\" data-v-81d7dc2b=\"\" data-v-62d58f52=\"\">Sist veke m\u00f8ttest partane for \u00e5 signere ei avtale som skal sikre at idrettslaget har gode forhold til aktivitetar som alpint, freeski og snowboard. <\/p>\n<p data-testid=\"textWithMarkup-text\" data-v-81d7dc2b=\"\" data-v-62d58f52=\"\">I ei pressemelding skriv dei at avtala er av dei meir omfattande i regionen. Dei reknar med at SkiGeilo bidreg med tenester og ressursar tilsvarande to millionar kroner. <\/p>\n<p data-testid=\"textWithMarkup-text\" data-v-81d7dc2b=\"\" data-v-62d58f52=\"\">\u2013 Det omfattande samarbeidet med Geilo IL viser kor viktig det er \u00e5 ha lokalt eigde bedrifter som ser behovet for \u00e5 ta ansvar og bidra til utvikling av lokalsamfunnet, seier Jarle Opsahl Gjertsen, dagleg leiar i Geilo IL.<\/p>\n<p>Viktig avtale<\/p>\n<p data-testid=\"textWithMarkup-text\" data-v-81d7dc2b=\"\" data-v-62d58f52=\"\">Dei er forn\u00f8gde med \u00e5 ha landa avtala f\u00f8r ein vintersesong med fleire store arrangement, mellom anna NM Masters i alpint og NM i freeski. I avtala forpliktar SkiGeilo seg til \u00e5 stille med treningsarena, heisar, folk og sn\u00f8produksjon gjennom vinteren. <\/p>\n<p data-testid=\"textWithMarkup-text\" data-v-81d7dc2b=\"\" data-v-62d58f52=\"\">Dei har ogs\u00e5 lova tekniske ressursar i samband med arrangement. I tillegg ligg det inne heiskort, rennkort og parkering for frivillige. <\/p>\n<p data-testid=\"textWithMarkup-text\" data-v-81d7dc2b=\"\" data-v-62d58f52=\"\">\u2013 For Geilo IL er dette samarbeidet avgjerande for \u00e5 kunne tilby gode treningsforhold og utviklingsmoglegheiter for barn, ungdom og topput\u00f8varar, seier styreleiar i idrettslaget, Jarl Rune Kj\u00e6mperud.<\/p>\n<p>Vil bidra<\/p>\n<p data-testid=\"textWithMarkup-text\" data-v-81d7dc2b=\"\" data-v-62d58f52=\"\">I l\u00f8pet av sommaren har SkiGeilo gjort ein solid gravejobb i den delen av anlegget som har hopp og park, for \u00e5 sikre tidlegare opning for brett- og. Dei reknar med at oppgraderinga har kosta kring ein million kroner. <\/p>\n<p data-testid=\"textWithMarkup-text\" data-v-81d7dc2b=\"\" data-v-62d58f52=\"\">\u2013 Me ynskjer \u00e5 vere ein aktiv medspelar for idretten og lokalsamfunnet. Eit sterkt idrettslag og gode treningsarenaer er heilt sentralt for \u00e5 skape vekst, aktivitet og stoltheit p\u00e5 Geilo, seier Robert Brunvoll, adm.dir. i SkiGeilo\/Geilo Holding i pressemeldinga.<\/p>\n","protected":false},"excerpt":{"rendered":"Sist veke m\u00f8ttest partane for \u00e5 signere ei avtale som skal sikre at idrettslaget har gode forhold til&hellip;\n","protected":false},"author":2,"featured_media":115007,"comment_status":"","ping_status":"","sticky":false,"template":"","format":"standard","meta":{"footnotes":""},"categories":[59],"tags":[30,28,29,83,82],"class_list":{"0":"post-115006","1":"post","2":"type-post","3":"status-publish","4":"format-standard","5":"has-post-thumbnail","7":"category-sport","8":"tag-no","9":"tag-norge","10":"tag-norway","11":"tag-sport","12":"tag-sports"},"share_on_mastodon":{"url":"https:\/\/pubeurope.com\/@no\/115731376767582550","error":""},"_links":{"self":[{"href":"https:\/\/www.europesays.com\/no\/wp-json\/wp\/v2\/posts\/115006","targetHints":{"allow":["GET"]}}],"collection":[{"href":"https:\/\/www.europesays.com\/no\/wp-json\/wp\/v2\/posts"}],"about":[{"href":"https:\/\/www.europesays.com\/no\/wp-json\/wp\/v2\/types\/post"}],"author":[{"embeddable":true,"href":"https:\/\/www.europesays.com\/no\/wp-json\/wp\/v2\/users\/2"}],"replies":[{"embeddable":true,"href":"https:\/\/www.europesays.com\/no\/wp-json\/wp\/v2\/comments?post=115006"}],"version-history":[{"count":0,"href":"https:\/\/www.europesays.com\/no\/wp-json\/wp\/v2\/posts\/115006\/revisions"}],"wp:featuredmedia":[{"embeddable":true,"href":"https:\/\/www.europesays.com\/no\/wp-json\/wp\/v2\/media\/115007"}],"wp:attachment":[{"href":"https:\/\/www.europesays.com\/no\/wp-json\/wp\/v2\/media?parent=115006"}],"wp:term":[{"taxonomy":"category","embeddable":true,"href":"https:\/\/www.europesays.com\/no\/wp-json\/wp\/v2\/categories?post=115006"},{"taxonomy":"post_tag","embeddable":true,"href":"https:\/\/www.europesays.com\/no\/wp-json\/wp\/v2\/tags?post=115006"}],"curies":[{"name":"wp","href":"https:\/\/api.w.org\/{rel}","templated":true}]}}