{"id":115008,"date":"2025-12-16T21:30:39","date_gmt":"2025-12-16T21:30:39","guid":{"rendered":"https:\/\/www.europesays.com\/no\/115008\/"},"modified":"2025-12-16T21:30:39","modified_gmt":"2025-12-16T21:30:39","slug":"kjendiser-ankommer-den-rod-loperen-for-eksklusiv-avatar-2","status":"publish","type":"post","link":"https:\/\/www.europesays.com\/no\/115008\/","title":{"rendered":"Kjendiser ankommer den r\u00f8d l\u00f8peren for eksklusiv \u00abAvatar"},"content":{"rendered":"<p class=\"kicker \" style=\"\">\u00abAvatar &#8211; Fire &amp; Ash\u00bb<\/p>\n<p>  Det var duket for eksklusiv filmpremiere i Oslo. Se alle bildene fra arrangementet her!<\/p>\n<p>\n    DUKKET OPP: Prinsesse M\u00e4rtha Louise og Durek Verrett er p\u00e5 plass til filmpremieren. Foto: Shad Madian\n  <\/p>\n<p>Tirsdag kveld har flere kjente fjes tatt turen til\u00a0Odeon kino i Oslo, i anledning en lukket og eksklusiv Norgespremiere p\u00e5 Disneys nye \u00abAvatar &#8211; Fire &amp; Ash\u00bb.\u00a0<\/p>\n<p>        RIKTIG STEG: Se og H\u00f8rs kongehusekspert Caroline Vagle hyller kongehusets nye grep. Reporter: Caroline Vagle. Video: Kine Falch. Foto: NTB \/ Andreas Fadum.<\/p>\n<p>Filmen er den tredje utgaven i den popul\u00e6re \u00abAvatar\u00bb-serien og er i kjent stil regissert av James Cameron. Han st\u00e5r ogs\u00e5 bak andre storfilmer som \u00abTitanic\u00bb og\u00a0\u00abThe Terminator\u00bb.<\/p>\n<p>Prinsesse M\u00e4rtha Louise (54) og Durek Verrett (51) er blant de som har ankommet l\u00f8peren og til Se og H\u00f8r letter de p\u00e5 sl\u00f8ret om juleplanene.\u00a0<\/p>\n<p>    <a itemprop=\"url\" href=\"https:\/\/www.seher.no\/kjendis\/dukket-opp\/83993571\" rel=\"nofollow noopener\" target=\"_blank\"><\/p>\n<p>        <img loading=\"lazy\" decoding=\"async\" src=\"https:\/\/www.europesays.com\/no\/wp-content\/uploads\/2025\/12\/83994209.webp\" width=\"147\" height=\"98\" title=\"Dukket opp\" alt=\"\" class=\"lazyload\" style=\"--aspect-ratio-image: 1.50; \"\/><\/p>\n<p>        Dukket opp<\/p>\n<p>    <\/a><\/p>\n<p class=\"font-weight-bold m-font-weight-bold\" data-lab-font_weight=\"font-weight-bold\">&#8211; Vi skal tilbringe julen med familien, forteller Durek.<\/p>\n<p>&#8211; Vi er veldig spente, og vi er ogs\u00e5 spente p\u00e5 \u00e5 v\u00e6re p\u00e5 Avatar-premieren, legger prinsessen til.\u00a0<\/p>\n<p>        OVERRASKET: Da kongefamilien inviterte til biskopmiddag p\u00e5 Slottet, var det \u00e9n detalj som skilte seg ut. Reporter: Caroline Vagle. Video: Kine Falch<\/p>\n<p>P\u00e5 et sp\u00f8rsm\u00e5l om hva de tenker om en norsk jul, svarer Verrett at han hadde h\u00e5pet p\u00e5 \u00e5 f\u00e5 en hvit jul i \u00e5r, men:<\/p>\n<p class=\"font-weight-bold m-font-weight-bold\" data-lab-font_weight=\"font-weight-bold\">&#8211; Jeg elsker det, og med gr\u00f8ten og nissen. Jeg liker \u00e5 danse rundt juletreet. Det er noen av favoritt-tingene mine. Jeg elsker norsk jul.\u00a0<\/p>\n<p>    <a itemprop=\"url\" href=\"https:\/\/www.seher.no\/kjendis\/gladnyheter-etter-bruddet\/83989627\" rel=\"nofollow noopener\" target=\"_blank\"><\/p>\n<p>        <img loading=\"lazy\" decoding=\"async\" src=\"https:\/\/www.europesays.com\/no\/wp-content\/uploads\/2025\/12\/1765920620_759_82844758.webp\" width=\"980\" height=\"441\" title=\"Ny mann og nytt hus\" alt=\"\" class=\"lazyload\" style=\"--aspect-ratio-image: 2.22; \"\/><\/p>\n<p>        Ny mann og nytt hus<\/p>\n<p>    <\/a><\/p>\n<p>&#8211; Jeg tror vi har mer tradisjoner enn amerikanerne, som blant annet \u00e5 g\u00e5 rundt juletreet og \u00e5 gj\u00f8re s\u00e5nne tradisjonelle ting, forteller prinsessen, og legger til at paret har som tradisjon \u00e5 danse rundt treet.\u00a0<\/p>\n<p class=\"font-weight-bold m-font-weight-bold\" data-lab-font_weight=\"font-weight-bold\">Se bildene fra premieren her:<\/p>\n<p>        <img loading=\"lazy\" decoding=\"async\" src=\"https:\/\/www.europesays.com\/no\/wp-content\/uploads\/2025\/12\/83994353.webp\" width=\"667\" height=\"961\" title=\"DUKKET OPP: Artist Admiral P og kona Timme Shisali. Foto: Shad Madian\" alt=\"\" class=\"\" style=\"--aspect-ratio-image: 0.69; \"\/><\/p>\n<p>\n        DUKKET OPP: Artist Admiral P og kona Timme Shisali. Foto: Shad Madian\n    <\/p>\n<p>        <img loading=\"lazy\" decoding=\"async\" src=\"https:\/\/www.europesays.com\/no\/wp-content\/uploads\/2025\/12\/83994351.webp\" width=\"667\" height=\"954\" title=\"P\u00c5 PLASS: TV-profil Grunde Myhrer. Foto: Shad Madian \/ Se og H\u00f8r\" alt=\"\" class=\"\" style=\"--aspect-ratio-image: 0.70; \"\/><\/p>\n<p>\n        P\u00c5 PLASS: TV-profil Grunde Myhrer. Foto: Shad Madian \/ Se og H\u00f8r\n    <\/p>\n<p>        <img loading=\"lazy\" decoding=\"async\" src=\"https:\/\/www.europesays.com\/no\/wp-content\/uploads\/2025\/12\/83994349.webp\" width=\"667\" height=\"888\" title=\"FARGEKLATTER: Harald Austad og Margie Plus. Foto: Shad Madian \/ Se og H\u00f8r\" alt=\"\" class=\"\" style=\"--aspect-ratio-image: 0.75; \"\/><\/p>\n<p>\n        FARGEKLATTER: Harald Austad og Margie Plus. Foto: Shad Madian \/ Se og H\u00f8r\n    <\/p>\n<p>        <img loading=\"lazy\" decoding=\"async\" src=\"https:\/\/www.europesays.com\/no\/wp-content\/uploads\/2025\/12\/1765920628_76_83994192.webp\" width=\"686\" height=\"1029\" title=\"\u00abFUNKYTWINS\u00bb: Emil og Silas Massa Vasstrand. Foto: Shad Madian\" alt=\"\" class=\"\" style=\"--aspect-ratio-image: 0.67; \"\/><\/p>\n<p>\n        \u00abFUNKYTWINS\u00bb: Emil og Silas Massa Vasstrand. Foto: Shad Madian\n    <\/p>\n<p>        <img loading=\"lazy\" decoding=\"async\" src=\"https:\/\/www.europesays.com\/no\/wp-content\/uploads\/2025\/12\/1765920631_352_83994086.webp\" width=\"686\" height=\"1029\" title=\"PREMIEREKLAR: Bryter Morten Thoresen. Foto: Shad Madian\" alt=\"\" class=\"\" style=\"--aspect-ratio-image: 0.67; \"\/><\/p>\n<p>\n        PREMIEREKLAR: Bryter Morten Thoresen. Foto: Shad Madian\n    <\/p>\n<p>        <img loading=\"lazy\" decoding=\"async\" src=\"https:\/\/www.europesays.com\/no\/wp-content\/uploads\/2025\/12\/1765920633_847_83994082.webp\" width=\"667\" height=\"768\" title=\"TOK MED D\u00d8TRENE: Stine Skoli og Mads Clemmetsen sammen med f\u00f8rstnevntes tre d\u00f8tre. Foto: Shad Madian\" alt=\"\" class=\"\" style=\"--aspect-ratio-image: 0.87; \"\/><\/p>\n<p>\n        TOK MED D\u00d8TRENE: Stine Skoli og Mads Clemmetsen sammen med f\u00f8rstnevntes tre d\u00f8tre. Foto: Shad Madian\n    <\/p>\n<p>        <img loading=\"lazy\" decoding=\"async\" src=\"https:\/\/www.europesays.com\/no\/wp-content\/uploads\/2025\/12\/1765920635_207_83994036.webp\" width=\"686\" height=\"1029\" title=\"DATENIGHT: Influenser Sara Emilie Tandberg og kj\u00e6resten Vegard Skau Tj\u00f8nn\u00e5s. Foto: Shad Madian\" alt=\"\" class=\"\" style=\"--aspect-ratio-image: 0.67; \"\/><\/p>\n<p>\n        DATENIGHT: Influenser Sara Emilie Tandberg og kj\u00e6resten Vegard Skau Tj\u00f8nn\u00e5s. Foto: Shad Madian\n    <\/p>\n<p>        <img loading=\"lazy\" decoding=\"async\" src=\"https:\/\/www.europesays.com\/no\/wp-content\/uploads\/2025\/12\/1765920637_430_83994033.webp\" width=\"667\" height=\"761\" title=\"KVALITETSTID: Proffdanser Catalin Mihu og Iselin Guttormsen. Foto: Shad Madian\" alt=\"\" class=\"\" style=\"--aspect-ratio-image: 0.88; \"\/><\/p>\n<p>\n        KVALITETSTID: Proffdanser Catalin Mihu og Iselin Guttormsen. Foto: Shad Madian\n    <\/p>\n<p>        <img loading=\"lazy\" decoding=\"async\" src=\"https:\/\/www.europesays.com\/no\/wp-content\/uploads\/2025\/12\/1765920639_928_83994030.webp\" width=\"686\" height=\"1029\" title=\"FILMKVELD: Matinfluenser Ellen Aabol. Foto: Shad Madian\" alt=\"\" class=\"\" style=\"--aspect-ratio-image: 0.67; \"\/><\/p>\n<p>\n        FILMKVELD: Matinfluenser Ellen Aabol. Foto: Shad Madian\n    <\/p>\n","protected":false},"excerpt":{"rendered":"\u00abAvatar &#8211; Fire &amp; Ash\u00bb Det var duket for eksklusiv filmpremiere i Oslo. Se alle bildene fra arrangementet&hellip;\n","protected":false},"author":2,"featured_media":114906,"comment_status":"","ping_status":"","sticky":false,"template":"","format":"standard","meta":{"footnotes":""},"categories":[58],"tags":[11184,71,12368,479,2543,30,28,29,5825,72],"class_list":{"0":"post-115008","1":"post","2":"type-post","3":"status-publish","4":"format-standard","5":"has-post-thumbnail","7":"category-underholdning","8":"tag-avatar","9":"tag-entertainment","10":"tag-filmpremiere","11":"tag-kjendis","12":"tag-kjendisdesken","13":"tag-no","14":"tag-norge","15":"tag-norway","16":"tag-rod-loper","17":"tag-underholdning"},"share_on_mastodon":{"url":"https:\/\/pubeurope.com\/@no\/115731380773582265","error":""},"_links":{"self":[{"href":"https:\/\/www.europesays.com\/no\/wp-json\/wp\/v2\/posts\/115008","targetHints":{"allow":["GET"]}}],"collection":[{"href":"https:\/\/www.europesays.com\/no\/wp-json\/wp\/v2\/posts"}],"about":[{"href":"https:\/\/www.europesays.com\/no\/wp-json\/wp\/v2\/types\/post"}],"author":[{"embeddable":true,"href":"https:\/\/www.europesays.com\/no\/wp-json\/wp\/v2\/users\/2"}],"replies":[{"embeddable":true,"href":"https:\/\/www.europesays.com\/no\/wp-json\/wp\/v2\/comments?post=115008"}],"version-history":[{"count":0,"href":"https:\/\/www.europesays.com\/no\/wp-json\/wp\/v2\/posts\/115008\/revisions"}],"wp:featuredmedia":[{"embeddable":true,"href":"https:\/\/www.europesays.com\/no\/wp-json\/wp\/v2\/media\/114906"}],"wp:attachment":[{"href":"https:\/\/www.europesays.com\/no\/wp-json\/wp\/v2\/media?parent=115008"}],"wp:term":[{"taxonomy":"category","embeddable":true,"href":"https:\/\/www.europesays.com\/no\/wp-json\/wp\/v2\/categories?post=115008"},{"taxonomy":"post_tag","embeddable":true,"href":"https:\/\/www.europesays.com\/no\/wp-json\/wp\/v2\/tags?post=115008"}],"curies":[{"name":"wp","href":"https:\/\/api.w.org\/{rel}","templated":true}]}}