{"id":115022,"date":"2025-12-16T21:54:16","date_gmt":"2025-12-16T21:54:16","guid":{"rendered":"https:\/\/www.europesays.com\/no\/115022\/"},"modified":"2025-12-16T21:54:16","modified_gmt":"2025-12-16T21:54:16","slug":"tenaringsgutt-siktet-for-a-ha-drept-ni-ar-gammel-jente","status":"publish","type":"post","link":"https:\/\/www.europesays.com\/no\/115022\/","title":{"rendered":"ten\u00e5ringsgutt siktet for \u00e5 ha drept ni \u00e5r gammel jente"},"content":{"rendered":"<p><strong>En ni \u00e5r gammel jente ble mandag kveld erkl\u00e6rt d\u00f8d p\u00e5 stedet etter at n\u00f8detatene rykket ut til en bolig i Weston-super-Mare i Somerset. Politiet ble varslet av ambulansepersonell som ankom adressen rundt klokken 18.10.<\/strong><\/p>\n<p>\u2013 Vi vet at hele Weston-super-Mare vil v\u00e6re dypt rystet og sjokkert over denne helt forferdelige nyheten, sier politikommiss\u00e6r Jen Appleford til The <a href=\"https:\/\/www.telegraph.co.uk\/news\/2025\/12\/16\/boy-arrested-on-suspicion-of-murdering-nine-year-old-girl\/\" rel=\"nofollow noopener\" target=\"_blank\">Telegraph<\/a>.<\/p>\n<p>Kort tid senere ble en ten\u00e5ringsgutt p\u00e5grepet i n\u00e6rliggende Worle, mistenkt for drap. Han sitter fortsatt i politiets varetekt. Politiet har sperret av omr\u00e5det rundt Lime Close, der jenta ble funnet, mens etterforskningen p\u00e5g\u00e5r.<\/p>\n<p>\u2013 Jentas familie ble varslet i g\u00e5r kveld. Det er umulig for oss \u00e5 sette ord p\u00e5 smerten og fortvilelsen de opplever n\u00e5, og v\u00e5re dypeste kondolanser g\u00e5r til dem. Vi vil s\u00f8rge for at de f\u00e5r st\u00f8tte fra en spesialtrent kontaktperson, sier Appleford.<\/p>\n<blockquote class=\"twitter-tweet\">\n<p lang=\"en\" dir=\"ltr\">A girl aged nine has been stabbed to death at a house in a quiet street in Somerset.<\/p>\n<p>A teenage boy was later arrested outside Worle rail station, less than half a mile from the scene, and held on suspicion of murdering nine-year-old Aria Thorpe: <a href=\"https:\/\/t.co\/Nk9gL2K7O9\" rel=\"nofollow\">https:\/\/t.co\/Nk9gL2K7O9<\/a><\/p>\n<p>\u2014 BettyBoo (@BettyBoochichi2) <a href=\"https:\/\/twitter.com\/BettyBoochichi2\/status\/2000950618521845793?ref_src=twsrc%5Etfw\" rel=\"nofollow noopener\" target=\"_blank\">December 16, 2025<\/a><\/p><\/blockquote>\n<p>Hun opplyser at en omfattende kriminaletterforskning allerede er i gang for \u00e5 avklare hendelsesforl\u00f8pet. Formell identifisering er enn\u00e5 ikke gjennomf\u00f8rt, og det vil bli foretatt en rettsmedisinsk obduksjon.<\/p>\n<p>Politiet ber publikum vise hensyn og avst\u00e5 fra spekulasjoner. Samtidig varsles det om \u00f8kt polititilstedev\u00e6relse i omr\u00e5det de kommende dagene, men politiet understreker at det ikke er kjent informasjon som tilsier \u00f8kt risiko for allmennheten.<\/p>\n<p><script async src=\"https:\/\/platform.twitter.com\/widgets.js\" charset=\"utf-8\"><\/script><\/p>\n","protected":false},"excerpt":{"rendered":"En ni \u00e5r gammel jente ble mandag kveld erkl\u00e6rt d\u00f8d p\u00e5 stedet etter at n\u00f8detatene rykket ut til&hellip;\n","protected":false},"author":2,"featured_media":115023,"comment_status":"","ping_status":"","sticky":false,"template":"","format":"standard","meta":{"footnotes":""},"categories":[12],"tags":[20,21,377,4835,24,25,15,22,23,13,30,28,29,14,16,26,27,42,13969,43,44,45],"class_list":{"0":"post-115022","1":"post","2":"type-post","3":"status-publish","4":"format-standard","5":"has-post-thumbnail","7":"category-verden","8":"tag-breaking-news","9":"tag-breakingnews","10":"tag-drap","11":"tag-england","12":"tag-featured-news","13":"tag-featurednews","14":"tag-headlines","15":"tag-latest-news","16":"tag-latestnews","17":"tag-news","18":"tag-no","19":"tag-norge","20":"tag-norway","21":"tag-nyheter","22":"tag-overskrifter","23":"tag-top-stories","24":"tag-topstories","25":"tag-verden","26":"tag-weston-super-mare","27":"tag-world","28":"tag-world-news","29":"tag-worldnews"},"share_on_mastodon":{"url":"https:\/\/pubeurope.com\/@no\/115731474888960235","error":""},"_links":{"self":[{"href":"https:\/\/www.europesays.com\/no\/wp-json\/wp\/v2\/posts\/115022","targetHints":{"allow":["GET"]}}],"collection":[{"href":"https:\/\/www.europesays.com\/no\/wp-json\/wp\/v2\/posts"}],"about":[{"href":"https:\/\/www.europesays.com\/no\/wp-json\/wp\/v2\/types\/post"}],"author":[{"embeddable":true,"href":"https:\/\/www.europesays.com\/no\/wp-json\/wp\/v2\/users\/2"}],"replies":[{"embeddable":true,"href":"https:\/\/www.europesays.com\/no\/wp-json\/wp\/v2\/comments?post=115022"}],"version-history":[{"count":0,"href":"https:\/\/www.europesays.com\/no\/wp-json\/wp\/v2\/posts\/115022\/revisions"}],"wp:featuredmedia":[{"embeddable":true,"href":"https:\/\/www.europesays.com\/no\/wp-json\/wp\/v2\/media\/115023"}],"wp:attachment":[{"href":"https:\/\/www.europesays.com\/no\/wp-json\/wp\/v2\/media?parent=115022"}],"wp:term":[{"taxonomy":"category","embeddable":true,"href":"https:\/\/www.europesays.com\/no\/wp-json\/wp\/v2\/categories?post=115022"},{"taxonomy":"post_tag","embeddable":true,"href":"https:\/\/www.europesays.com\/no\/wp-json\/wp\/v2\/tags?post=115022"}],"curies":[{"name":"wp","href":"https:\/\/api.w.org\/{rel}","templated":true}]}}