{"id":115028,"date":"2025-12-16T22:04:17","date_gmt":"2025-12-16T22:04:17","guid":{"rendered":"https:\/\/www.europesays.com\/no\/115028\/"},"modified":"2025-12-16T22:04:17","modified_gmt":"2025-12-16T22:04:17","slug":"kongelig-forjulsfeiring-i-slottskapellet-en-sjarmerende-duo","status":"publish","type":"post","link":"https:\/\/www.europesays.com\/no\/115028\/","title":{"rendered":"Kongelig f\u00f8rjulsfeiring i Slottskapellet: &#8211; En sjarmerende duo"},"content":{"rendered":"<p class=\"kicker \" style=\"\">Kronprinsfamilien samlet:<\/p>\n<p>  Prinsesse Ingrid Alexandra og prins Sverre Magnus har v\u00e6rt synlige i f\u00f8rjulstida. Kongehusekspert mener at det har en positiv effekt for kongehuset.<\/p>\n<p>\n    SAMLET: Kronprins Haakon, kronprinsesse Mette-Marit, prinsesse Ingrid Alexandra og prins Sverre Magnus p\u00e5 f\u00f8rjulsstund i Slottskapellet. Foto: Jonas Been Henriksen \/ NTB\n  <\/p>\n<p class=\"font-weight-normal m-font-weight-normal\" data-lab-font_weight=\"font-weight-normal\">Tirsdag kveld inviterte kronprins Haakon (52) og kronprinsesse Mette-Marit (52) gjester fra n\u00f8detatene til f\u00f8rjulsstund i Slottskapellet.<\/p>\n<p data-lab-font_weight=\"\">Prinsesse Ingrid Alexandra (21) og prins Sverre Magnus (20) deltok ogs\u00e5.<\/p>\n<p>Tidligere p\u00e5 dagen var s\u00f8skenduoen ute p\u00e5 en annen jobb sammen, <a href=\"https:\/\/www.dagbladet.no\/kjendis\/utenkelig\/83989577\" rel=\"nofollow noopener\" target=\"_blank\">da de bes\u00f8kte Sentrum brannstasjon.<\/a><\/p>\n<p>        <img loading=\"lazy\" decoding=\"async\" src=\"https:\/\/www.europesays.com\/no\/wp-content\/uploads\/2025\/12\/83991817.webp\" width=\"667\" height=\"654\" title=\"GODT HUM\u00d8R: De kongelige var sv\u00e6rt blide p\u00e5 bes\u00f8k hos Sentrum brannstasjon. Foto: Andreas Fadum \/ Se og H\u00f8r\" alt=\"\" class=\"\" style=\"--aspect-ratio-image: 1.02; \"\/><\/p>\n<p>\n        GODT HUM\u00d8R: De kongelige var sv\u00e6rt blide p\u00e5 bes\u00f8k hos Sentrum brannstasjon. Foto: Andreas Fadum \/ Se og H\u00f8r\n    <\/p>\n<p>Kongehusekspert: &#8211; Sier det gjerne igjen\t<\/p>\n<p>De siste ukene har man f\u00e5tt se mer og mer av de yngste medlemmene i kongefamilien, etter at prinsessen kom hjem p\u00e5 juleferie.\u00a0<\/p>\n<p>Hun bor til vanlig i Sydney i Australia, hvor hun er i gang med en bachelorgrad i samfunnsfag med fordypning i internasjonale forhold og politisk \u00f8konomi.<\/p>\n<p>Siden hun returnerte til Norge har hun blant annet holdt audienser,\u00a0<a href=\"https:\/\/www.dagbladet.no\/kjendis\/aldri-skjedd-for\/83962930\" target=\"_blank\" rel=\"nofollow noopener\">deltatt p\u00e5 Redd Barnas fredsprisfest<\/a>\u00a0og v\u00e6rt til stede ved selve utdelingen av Nobels fredspris.<\/p>\n<p>        BES\u00d8KER BRANNSTASJON: Prinsesse Ingrid Alexandra og Prins Sverre Magnus f\u00e5r pr\u00f8ve seg som brannkonstabel n\u00e5r de bes\u00f8ker Sentrum brannstasjon i Oslo. Video: Danny Son Ngoc To \/Thea Hope\/ R\u00f8d L\u00f8per<\/p>\n<p>Se og H\u00f8rs kongehusekspert, Caroline Vagle, er i klar i sin tale hva gjelder dette:<\/p>\n<p>&#8211; Jeg har sagt det f\u00f8r, men sier det gjerne igjen: Det er et utmerket sjakktrekk \u00e5 f\u00e5 disse to mer fram i det kongelige rampelyset!<\/p>\n<p>        <img loading=\"lazy\" decoding=\"async\" src=\"https:\/\/www.europesays.com\/no\/wp-content\/uploads\/2025\/12\/83994396.webp\" width=\"686\" height=\"872\" title=\"TIL STEDE: Prinsesse Ingrid Alexandra har deltatt p\u00e5 en rekke arrangementer den siste tida. Foto: Jonas Been Henriksen \/ NTB\" alt=\"\" class=\"\" style=\"--aspect-ratio-image: 0.79; \"\/><\/p>\n<p>\n        TIL STEDE: Prinsesse Ingrid Alexandra har deltatt p\u00e5 en rekke arrangementer den siste tida. Foto: Jonas Been Henriksen \/ NTB\n    <\/p>\n<p>&#8211; En sjarmerende duo\t<\/p>\n<p>Ogs\u00e5 prinsessens bror, prins Sverre Magnus (20), har kommet tilbake til Norge etter et utenlandsopphold. Han har de siste m\u00e5nedene bodd i Milano, hvor han jobbet med fotografi og video.<\/p>\n<p>        <img loading=\"lazy\" decoding=\"async\" src=\"https:\/\/www.europesays.com\/no\/wp-content\/uploads\/2025\/12\/83994402.webp\" width=\"686\" height=\"872\" title=\"I NORGE: Prins Sverre Magnus. Foto: Jonas Been Henriksen \/ NTB\" alt=\"\" class=\"\" style=\"--aspect-ratio-image: 0.79; \"\/><\/p>\n<p>\n        I NORGE: Prins Sverre Magnus. Foto: Jonas Been Henriksen \/ NTB\n    <\/p>\n<p>Under markeringen i Slottskapellet var det flere artister som sang til forsamlingen, deriblant Gabrielle og Emil K\u00e1rlsen. Vagle beskriver arrangementet som \u00abjulestemning av ypperste sort\u00bb.<\/p>\n<p class=\"font-weight-bold m-font-weight-bold\" data-lab-font_weight=\"font-weight-bold\">&#8211; Kronprinsfamilien sitter p\u00e5 f\u00f8rste rad og nyter. De to yngste har ogs\u00e5 v\u00e6rt oppe og \u00f8nsket velkommen. En sjarmerende duo! Og kanskje spesielt da prinsessen sa at de gledet seg til \u00e5 feire jul med de som de er glad i, og deretter s\u00e5 kj\u00e6rlig p\u00e5 broren sin, forteller Vagle.<\/p>\n<p>    <a itemprop=\"url\" href=\"https:\/\/www.dagbladet.no\/kjendis\/utenkelig\/83989577\" rel=\"nofollow noopener\" target=\"_blank\"><\/p>\n<p>        <img loading=\"lazy\" decoding=\"async\" src=\"https:\/\/www.europesays.com\/no\/wp-content\/uploads\/2025\/12\/1765922655_987_83991225.webp\" width=\"980\" height=\"441\" title=\"- Utenkelig\" alt=\"\" class=\"lazyload\" style=\"--aspect-ratio-image: 2.22; \"\/><\/p>\n<p>        &#8211; Utenkelig<\/p>\n<p>    <\/a><\/p>\n<p>&#8211; Det er tydelig at de to er n\u00e6re, og er glade for endelig \u00e5 v\u00e6re sammen etter noen m\u00e5neder i hvert sitt land. Tidligere i dag var de sammen p\u00e5 brannstasjonen i Oslo, og bildene derfra viser ogs\u00e5 s\u00f8skenkj\u00e6rligheten!<\/p>\n<p>        <img loading=\"lazy\" decoding=\"async\" src=\"https:\/\/www.europesays.com\/no\/wp-content\/uploads\/2025\/12\/83994492.webp\" width=\"667\" height=\"654\" title=\"BROR OG S\u00d8STER: Prins Sverre Magnus og prinsesse Ingrid Alexandra. Foto: Jonas Been Henriksen \/ NTB\" alt=\"\" class=\"\" style=\"--aspect-ratio-image: 1.02; \"\/><\/p>\n<p>\n        BROR OG S\u00d8STER: Prins Sverre Magnus og prinsesse Ingrid Alexandra. Foto: Jonas Been Henriksen \/ NTB\n    <\/p>\n<p>&#8211; En p\u00e5minnelse til alle\t<\/p>\n<p>I sin tale passet Sverre Magnus p\u00e5 \u00e5 hedre n\u00f8detatene og den viktige jobben de gj\u00f8r.<\/p>\n<p>&#8211; Vi h\u00e5per at musikken og ordene vi skal f\u00e5 h\u00f8re i kveld blir en p\u00e5minnelse til alle om \u00e5 ta godt vare p\u00e5 hverandre. Vi \u00f8nsker gjestene v\u00e5re fra n\u00f8detatene spesielt velkommen. Takk for jobben dere gj\u00f8r, sa Prins Sverre Magnus, if\u00f8lge NTB.<\/p>\n<p>        <img loading=\"lazy\" decoding=\"async\" src=\"https:\/\/www.europesays.com\/no\/wp-content\/uploads\/2025\/12\/83994496.webp\" width=\"667\" height=\"654\" title=\"TALTE: Kronprins Haakon og kronprinsesse Mette-Marit. Foto: Jonas Been Henriksen \/ NTB\" alt=\"\" class=\"\" style=\"--aspect-ratio-image: 1.02; \"\/><\/p>\n<p>\n        TALTE: Kronprins Haakon og kronprinsesse Mette-Marit. Foto: Jonas Been Henriksen \/ NTB\n    <\/p>\n","protected":false},"excerpt":{"rendered":"Kronprinsfamilien samlet: Prinsesse Ingrid Alexandra og prins Sverre Magnus har v\u00e6rt synlige i f\u00f8rjulstida. Kongehusekspert mener at det&hellip;\n","protected":false},"author":2,"featured_media":115029,"comment_status":"","ping_status":"","sticky":false,"template":"","format":"standard","meta":{"footnotes":""},"categories":[10],"tags":[20,21,24,25,15,479,1764,2293,22,23,13,30,28,29,14,16,402,291,13970,26,27],"class_list":{"0":"post-115028","1":"post","2":"type-post","3":"status-publish","4":"format-standard","5":"has-post-thumbnail","7":"category-norge","8":"tag-breaking-news","9":"tag-breakingnews","10":"tag-featured-news","11":"tag-featurednews","12":"tag-headlines","13":"tag-kjendis","14":"tag-kronprins-haakon","15":"tag-kronprinsesse-mette-marit","16":"tag-latest-news","17":"tag-latestnews","18":"tag-news","19":"tag-no","20":"tag-norge","21":"tag-norway","22":"tag-nyheter","23":"tag-overskrifter","24":"tag-prins-sverre-magnus","25":"tag-prinsesse-ingrid-alexandra","26":"tag-slottskapellet","27":"tag-top-stories","28":"tag-topstories"},"share_on_mastodon":{"url":"https:\/\/pubeurope.com\/@no\/115731514442714616","error":""},"_links":{"self":[{"href":"https:\/\/www.europesays.com\/no\/wp-json\/wp\/v2\/posts\/115028","targetHints":{"allow":["GET"]}}],"collection":[{"href":"https:\/\/www.europesays.com\/no\/wp-json\/wp\/v2\/posts"}],"about":[{"href":"https:\/\/www.europesays.com\/no\/wp-json\/wp\/v2\/types\/post"}],"author":[{"embeddable":true,"href":"https:\/\/www.europesays.com\/no\/wp-json\/wp\/v2\/users\/2"}],"replies":[{"embeddable":true,"href":"https:\/\/www.europesays.com\/no\/wp-json\/wp\/v2\/comments?post=115028"}],"version-history":[{"count":0,"href":"https:\/\/www.europesays.com\/no\/wp-json\/wp\/v2\/posts\/115028\/revisions"}],"wp:featuredmedia":[{"embeddable":true,"href":"https:\/\/www.europesays.com\/no\/wp-json\/wp\/v2\/media\/115029"}],"wp:attachment":[{"href":"https:\/\/www.europesays.com\/no\/wp-json\/wp\/v2\/media?parent=115028"}],"wp:term":[{"taxonomy":"category","embeddable":true,"href":"https:\/\/www.europesays.com\/no\/wp-json\/wp\/v2\/categories?post=115028"},{"taxonomy":"post_tag","embeddable":true,"href":"https:\/\/www.europesays.com\/no\/wp-json\/wp\/v2\/tags?post=115028"}],"curies":[{"name":"wp","href":"https:\/\/api.w.org\/{rel}","templated":true}]}}