{"id":115030,"date":"2025-12-16T22:12:50","date_gmt":"2025-12-16T22:12:50","guid":{"rendered":"https:\/\/www.europesays.com\/no\/115030\/"},"modified":"2025-12-16T22:12:50","modified_gmt":"2025-12-16T22:12:50","slug":"trump-fentanyl-er-masseodeleggelsesvapen","status":"publish","type":"post","link":"https:\/\/www.europesays.com\/no\/115030\/","title":{"rendered":"Trump: Fentanyl er masse\u00f8deleggelsesv\u00e5pen"},"content":{"rendered":"<p>  USAs president Donald Trump klassifiserer i en presidentordre fentanyl som et masse\u00f8deleggelsesv\u00e5pen.<\/p>\n<p>\n    Soldater viser frem presidentordren som Donald Trump undertegnet mandag. Foto: Alex Brandon \/ AP \/ NTB\n  <\/p>\n<p>\u2013 Ingen bombe gj\u00f8r det som dette gj\u00f8r \u2013 200.000-300.000 mennesker d\u00f8r hvert \u00e5r, etter det vi kjenner til, sa Trump da han undertegnet presidentordren mandag.<\/p>\n<p>Klassifiseringen plasserer fentanyl i samme kategori som atomv\u00e5pen og kjemiske v\u00e5pen.<\/p>\n<p>    <a itemprop=\"url\" href=\"https:\/\/sol.no\/nyheter\/sendte-skarp-melding\/83988579\" rel=\"nofollow noopener\" target=\"_blank\"><\/p>\n<p>        <img loading=\"lazy\" decoding=\"async\" src=\"https:\/\/www.europesays.com\/no\/wp-content\/uploads\/2025\/12\/83988588.webp\" width=\"980\" height=\"441\" title=\"Sendte skarp melding\" alt=\"\" class=\"lazyload\" style=\"--aspect-ratio-image: 2.22; \"\/><\/p>\n<p>        Sendte skarp melding<\/p>\n<p>sol.no<\/p>\n<p>    <\/a><\/p>\n<p>Tall fra den amerikanske folkehelsemyndigheten Centers for Disease Control and Prevention (CDC) viser en annen d\u00f8dsstatistikk enn anslaget fra Trump. If\u00f8lge CDC ble det registrert rundt 80.000 overdosed\u00f8dsfall i USA i 2024, blant dem om lag 48.000 knyttet til syntetiske opioider.<\/p>\n<p>I presidentordren st\u00e5r det at \u00abulovlig fentanyl er mer \u00e5 regne som kjemisk v\u00e5pen enn narkotika\u00bb, og at produksjon og distribusjon \u00abtruer v\u00e5r nasjonale sikkerhet\u00bb.<\/p>\n<p>        INGEN LYD: I 34 sekunder fors\u00f8kete Vladimir Putin \u00e5 f\u00e5 levert innlegget sitt. Video: Reuters. Reporter: Marte Nyl\u00f8kken Helseth. <\/p>\n","protected":false},"excerpt":{"rendered":"USAs president Donald Trump klassifiserer i en presidentordre fentanyl som et masse\u00f8deleggelsesv\u00e5pen. Soldater viser frem presidentordren som Donald&hellip;\n","protected":false},"author":2,"featured_media":115031,"comment_status":"","ping_status":"","sticky":false,"template":"","format":"standard","meta":{"footnotes":""},"categories":[12],"tags":[20,21,55,24,25,13971,15,22,23,13,30,28,29,14,16,26,27,50,42,43,44,45],"class_list":{"0":"post-115030","1":"post","2":"type-post","3":"status-publish","4":"format-standard","5":"has-post-thumbnail","7":"category-verden","8":"tag-breaking-news","9":"tag-breakingnews","10":"tag-donald-trump","11":"tag-featured-news","12":"tag-featurednews","13":"tag-fentanyl","14":"tag-headlines","15":"tag-latest-news","16":"tag-latestnews","17":"tag-news","18":"tag-no","19":"tag-norge","20":"tag-norway","21":"tag-nyheter","22":"tag-overskrifter","23":"tag-top-stories","24":"tag-topstories","25":"tag-usa","26":"tag-verden","27":"tag-world","28":"tag-world-news","29":"tag-worldnews"},"share_on_mastodon":{"url":"https:\/\/pubeurope.com\/@no\/115731549832119856","error":""},"_links":{"self":[{"href":"https:\/\/www.europesays.com\/no\/wp-json\/wp\/v2\/posts\/115030","targetHints":{"allow":["GET"]}}],"collection":[{"href":"https:\/\/www.europesays.com\/no\/wp-json\/wp\/v2\/posts"}],"about":[{"href":"https:\/\/www.europesays.com\/no\/wp-json\/wp\/v2\/types\/post"}],"author":[{"embeddable":true,"href":"https:\/\/www.europesays.com\/no\/wp-json\/wp\/v2\/users\/2"}],"replies":[{"embeddable":true,"href":"https:\/\/www.europesays.com\/no\/wp-json\/wp\/v2\/comments?post=115030"}],"version-history":[{"count":0,"href":"https:\/\/www.europesays.com\/no\/wp-json\/wp\/v2\/posts\/115030\/revisions"}],"wp:featuredmedia":[{"embeddable":true,"href":"https:\/\/www.europesays.com\/no\/wp-json\/wp\/v2\/media\/115031"}],"wp:attachment":[{"href":"https:\/\/www.europesays.com\/no\/wp-json\/wp\/v2\/media?parent=115030"}],"wp:term":[{"taxonomy":"category","embeddable":true,"href":"https:\/\/www.europesays.com\/no\/wp-json\/wp\/v2\/categories?post=115030"},{"taxonomy":"post_tag","embeddable":true,"href":"https:\/\/www.europesays.com\/no\/wp-json\/wp\/v2\/tags?post=115030"}],"curies":[{"name":"wp","href":"https:\/\/api.w.org\/{rel}","templated":true}]}}