{"id":115038,"date":"2025-12-16T22:28:10","date_gmt":"2025-12-16T22:28:10","guid":{"rendered":"https:\/\/www.europesays.com\/no\/115038\/"},"modified":"2025-12-16T22:28:10","modified_gmt":"2025-12-16T22:28:10","slug":"slik-kan-julevaeret-bli","status":"publish","type":"post","link":"https:\/\/www.europesays.com\/no\/115038\/","title":{"rendered":"Slik kan julev\u00e6ret bli"},"content":{"rendered":"\n<p class=\"_lead_o9xde_2 _lead_xtcu6_50 layout-component text-serif-m layout-normal text-serif-l layout-component layout-wide layout-padded _wide_17hqh_1 layout-padded\">Hvit jul til folket? Neppe! <\/p>\n<p><img alt=\"Null sn\u00f8 p\u00e5 bakken i Oslo 4. desember, slik ser det fortsatt ut tolv dager senere.\" class=\"_image_qp4xg_65 layout-component layout-wide\" data-fullscreen- data-track-element-type=\"Article image fullscreen\" data-track-name=\"ImageFullscreen\" fetchpriority=\"high\" decoding=\"sync\" loading=\"eager\" height=\"3649\" itemprop=\"image\"  src=\"https:\/\/www.europesays.com\/no\/wp-content\/uploads\/2025\/12\/d12d1c5c-d5b6-4969-8568-f7bbfc6a372f\"  style=\"object-position:0% 0%\" width=\"5473\"\/>Null sn\u00f8 p\u00e5 bakken i Oslo 4. desember, slik ser det fortsatt ut tolv dager senere. Foto: Lise \u00c5serud \/ NTB<\/p>\n<ul aria-hidden=\"true\" class=\"_images_ntbth_112\">\n<li><a class=\"_link_ntbth_117\" href=\"https:\/\/www.vg.no\/forfatter\/fredrik-ouren-jostad\" style=\"z-index:1\" title=\"Fredrik Ouren Jostad\" rel=\"nofollow noopener\" target=\"_blank\"><img alt=\"Bilde av Fredrik Ouren Jostad\" class=\"_image_ntbth_93\" fetchpriority=\"low\" loading=\"lazy\" decoding=\"async\" itemprop=\"image\"  src=\"https:\/\/www.europesays.com\/no\/wp-content\/uploads\/2025\/12\/1765924089_171_44a138e9-ee61-47be-8b25-b699b8f538d1\"  width=\"480\"\/><\/a><\/li>\n<\/ul>\n<p> Oppdatert tirsdag 16. desember kl. 23:07    <\/p>\n<ul class=\"_list_o9xde_3 _list_64s2r_85 _unordered_o9xde_106 text-sans-m\">\n<li class=\"_item_o9xde_30\">Kaldere v\u00e6r ventes over hele landet neste uke, men hvit jul forblir usikkert.<\/li>\n<li class=\"_item_o9xde_30\">Denne uken er uvanlig varm og v\u00e5t, med temperaturer opptil 9 grader og regn i Oslo-omr\u00e5det.<\/li>\n<li class=\"_item_o9xde_30\">Meteorologen anbefaler fjellomr\u00e5der eller steder med eksisterende sn\u00f8, som Nord-Norge, for en hvit jul.<\/li>\n<li class=\"_item_o9xde_30\">Ny varmerekord i Oslo med temperaturer aldri under 8 grader natt til tirsdag.<\/li>\n<\/ul>\n<p>Vis mer <\/p>\n<p class=\"_paragraph_o9xde_4 _paragraph_xtcu6_10 layout-component text-serif-m layout-normal text-serif-m layout-padded\">\u2013 Denne uken er unormalt mild og v\u00e5t, med regn og plussgrader flere steder. Men det g\u00e5r mot en kj\u00f8ligere og t\u00f8rrere juleuke, sier vakthavende meteorolog Julie Solsvik V\u00e5gane p\u00e5 telefonen til VG.<\/p>\n<p class=\"_paragraph_o9xde_4 _paragraph_xtcu6_10 layout-component text-serif-m layout-normal text-serif-m layout-padded\">Selv om det blir kaldere, er det ikke sikkert at julen blir hvit flere steder: <\/p>\n<ul class=\"_list_o9xde_3 _list_xtcu6_9 _unordered_o9xde_106 layout-component text-serif-m layout-normal text-serif-m layout-padded\">\n<li class=\"_item_o9xde_30\">De neste dagene er det meldt temperaturer helt opp til 9 grader, kombinert med regn i Oslo-omr\u00e5det. <\/li>\n<li class=\"_item_o9xde_30\">Neste uke kan det g\u00e5 ned til 2\u20133 varmegrader.<\/li>\n<\/ul>\n<p><img decoding=\"async\" alt=\"Bilde av Julie Solsvik V\u00e5gane\" class=\"_image_ygndg_42\" height=\"27\" itemprop=\"image\" loading=\"lazy\"  src=\"https:\/\/www.europesays.com\/no\/wp-content\/uploads\/2025\/12\/ccb2f530-1293-4e5d-ad0e-2eb95b6c1604\"  width=\"40\"\/><strong class=\"_name_ygndg_51 title-serif-xs\">Julie Solsvik V\u00e5gane<\/strong><\/p>\n<p class=\"_paragraph_o9xde_4 _paragraph_xtcu6_10 layout-component text-serif-m layout-normal text-serif-m layout-padded\">\u2013 B\u00e5de temperatur og nedb\u00f8r m\u00e5 klaffe for \u00e5 f\u00e5 hvit jul her nedeher nedeHer nede= Meteorologisk institutts kontor i Bergen, men hun forteller at dette ogs\u00e5 gjelder Oslo og omegn.. Per n\u00e5 er det en ganske t\u00f8rr uke neste uke. Noen fnugg her og der er alltids mulig, og det kan bli litt frost og rim som ser litt mer julete ut enn regn.<\/p>\n<p> Her kan det bli hvitt<\/p>\n<p class=\"_paragraph_o9xde_4 _paragraph_xtcu6_10 layout-component text-serif-m layout-normal text-serif-m layout-padded\">\u00d8nsker du deg hvit jul, anbefaler meteorologen \u00e5 dra opp til fjells hvor det er kaldt eller allerede finnes sn\u00f8 p\u00e5 bakken, for eksempel i Nord-Norge.<\/p>\n<p class=\"_paragraph_o9xde_4 _paragraph_xtcu6_10 layout-component text-serif-m layout-normal text-serif-m layout-padded\">\u2013 De som har best sjanse for hvit jul er de som allerede har sn\u00f8. Troms\u00f8 har over 50 centimeter sn\u00f8, s\u00e5 de f\u00e5r nok en hvit jul.<\/p>\n<p class=\"_paragraph_o9xde_4 _paragraph_xtcu6_10 layout-component text-serif-m layout-normal text-serif-m layout-padded\">\u2013 Det er ogs\u00e5 bedre sjanser om man drar litt inn i landet, der hvor det er ordentlige minusgrader, sier V\u00e5gane.<\/p>\n<p>  Ny varmerekord<\/p>\n<p class=\"_paragraph_o9xde_4 _paragraph_xtcu6_10 layout-component text-serif-m layout-normal text-serif-m layout-padded\">Natt til tirsdag ble det satt ny varmerekord i Oslo. Temperaturen falt aldri under 8 grader.<\/p>\n<p class=\"_paragraph_o9xde_4 _paragraph_xtcu6_10 layout-component text-serif-m layout-normal text-serif-m layout-padded\"><a href=\"https:\/\/www.vg.no\/tag\/meteorologisk-institutt?utm_source=vg-article&amp;utm_medium=auto-tagger&amp;utm_campaign=BxJa7w\" class=\"_link_o9xde_39\" rel=\"nofollow noopener\" target=\"_blank\">Meteorologisk institutt <\/a>har m\u00e5lt temperatur p\u00e5 Blindern siden 1937.<\/p>\n<p class=\"_paragraph_o9xde_4 _paragraph_xtcu6_10 layout-component text-serif-m layout-normal text-serif-m layout-padded\">Solsvik V\u00e5gane forteller at dette er rundt 10 grader mer enn det som er normalt p\u00e5 denne tiden av \u00e5ret.<\/p>\n<p class=\"_paragraph_o9xde_4 _paragraph_xtcu6_10 layout-component text-serif-m layout-normal text-serif-m layout-padded\">\u2013 Dette er langt ifra normalt. S\u00e5 n\u00e5r folk sier at det er uvanlig varmt, har de et poeng.<\/p>\n<p class=\"_paragraph_o9xde_4 _paragraph_xtcu6_10 layout-component text-serif-m layout-normal text-serif-m layout-padded\"><strong class=\"_strong_o9xde_25\">I fjor var det et uvanlig vinterv\u00e6r p\u00e5 Tenerife \u2013 se video: <\/strong><\/p>\n","protected":false},"excerpt":{"rendered":"Hvit jul til folket? Neppe! Null sn\u00f8 p\u00e5 bakken i Oslo 4. desember, slik ser det fortsatt ut&hellip;\n","protected":false},"author":2,"featured_media":115039,"comment_status":"","ping_status":"","sticky":false,"template":"","format":"standard","meta":{"footnotes":""},"categories":[10],"tags":[20,21,24,25,15,5593,22,23,1202,13,30,28,29,14,16,385,26,27,553],"class_list":{"0":"post-115038","1":"post","2":"type-post","3":"status-publish","4":"format-standard","5":"has-post-thumbnail","7":"category-norge","8":"tag-breaking-news","9":"tag-breakingnews","10":"tag-featured-news","11":"tag-featurednews","12":"tag-headlines","13":"tag-jul","14":"tag-latest-news","15":"tag-latestnews","16":"tag-meteorologisk-institutt","17":"tag-news","18":"tag-no","19":"tag-norge","20":"tag-norway","21":"tag-nyheter","22":"tag-overskrifter","23":"tag-temperatur","24":"tag-top-stories","25":"tag-topstories","26":"tag-vaer"},"share_on_mastodon":{"url":"https:\/\/pubeurope.com\/@no\/115731608784190236","error":""},"_links":{"self":[{"href":"https:\/\/www.europesays.com\/no\/wp-json\/wp\/v2\/posts\/115038","targetHints":{"allow":["GET"]}}],"collection":[{"href":"https:\/\/www.europesays.com\/no\/wp-json\/wp\/v2\/posts"}],"about":[{"href":"https:\/\/www.europesays.com\/no\/wp-json\/wp\/v2\/types\/post"}],"author":[{"embeddable":true,"href":"https:\/\/www.europesays.com\/no\/wp-json\/wp\/v2\/users\/2"}],"replies":[{"embeddable":true,"href":"https:\/\/www.europesays.com\/no\/wp-json\/wp\/v2\/comments?post=115038"}],"version-history":[{"count":0,"href":"https:\/\/www.europesays.com\/no\/wp-json\/wp\/v2\/posts\/115038\/revisions"}],"wp:featuredmedia":[{"embeddable":true,"href":"https:\/\/www.europesays.com\/no\/wp-json\/wp\/v2\/media\/115039"}],"wp:attachment":[{"href":"https:\/\/www.europesays.com\/no\/wp-json\/wp\/v2\/media?parent=115038"}],"wp:term":[{"taxonomy":"category","embeddable":true,"href":"https:\/\/www.europesays.com\/no\/wp-json\/wp\/v2\/categories?post=115038"},{"taxonomy":"post_tag","embeddable":true,"href":"https:\/\/www.europesays.com\/no\/wp-json\/wp\/v2\/tags?post=115038"}],"curies":[{"name":"wp","href":"https:\/\/api.w.org\/{rel}","templated":true}]}}