{"id":115040,"date":"2025-12-16T22:30:13","date_gmt":"2025-12-16T22:30:13","guid":{"rendered":"https:\/\/www.europesays.com\/no\/115040\/"},"modified":"2025-12-16T22:30:13","modified_gmt":"2025-12-16T22:30:13","slug":"norges-forberedelser-til-vm-treningskamper-program-og-gruppespill","status":"publish","type":"post","link":"https:\/\/www.europesays.com\/no\/115040\/","title":{"rendered":"Norges forberedelser til VM: Treningskamper, program og gruppespill"},"content":{"rendered":"\n<p class=\"_lead_o9xde_2 _lead_xtcu6_50 layout-component text-serif-m layout-normal text-serif-l layout-component layout-wide layout-padded _wide_17hqh_1 layout-padded\">Forberedelser, treningskamper og et mulig sjokkresultat i VM? Her er alt du trenger \u00e5 vite om det neste halv\u00e5ret for det norske landslaget.<\/p>\n<p><img alt=\" Foto: Tore Kristiansen \/ VG\" class=\"_image_qp4xg_65 layout-component layout-wide\" data-fullscreen- data-track-element-type=\"Article image fullscreen\" data-track-name=\"ImageFullscreen\" fetchpriority=\"high\" decoding=\"sync\" loading=\"eager\" height=\"2496\" itemprop=\"image\"  src=\"https:\/\/www.europesays.com\/no\/wp-content\/uploads\/2025\/12\/684f6477-fe6a-40ba-8db9-c35f70722407\"  style=\"object-position:0% 0%\" width=\"3744\"\/> Foto: Tore Kristiansen \/ VG<\/p>\n<ul aria-hidden=\"true\" class=\"_images_ntbth_112\">\n<li><a class=\"_link_ntbth_117\" href=\"https:\/\/www.vg.no\/forfatter\/andreas-almli\" style=\"z-index:2\" title=\"Andreas Almli\" rel=\"nofollow noopener\" target=\"_blank\"><img alt=\"Bilde av Andreas Almli\" class=\"_image_ntbth_93\" fetchpriority=\"low\" loading=\"lazy\" decoding=\"async\" itemprop=\"image\"  src=\"https:\/\/www.europesays.com\/no\/wp-content\/uploads\/2025\/12\/1765924212_438_375927d7-c3ac-45fd-a424-5db85cd85b8f\"  width=\"480\"\/><\/a><\/li>\n<li><a class=\"_link_ntbth_117\" href=\"https:\/\/www.vg.no\/forfatter\/steffen-stenersen\" style=\"z-index:1\" title=\"Steffen Stenersen\" rel=\"nofollow noopener\" target=\"_blank\"><img alt=\"Bilde av Steffen Stenersen\" class=\"_image_ntbth_93\" fetchpriority=\"low\" loading=\"lazy\" decoding=\"async\" itemprop=\"image\"  src=\"https:\/\/www.europesays.com\/no\/wp-content\/uploads\/2025\/12\/1765924213_166_53060b84-6e6f-4eee-9b23-952f524bbbf0\"  width=\"480\"\/><\/a><\/li>\n<\/ul>\n<p> Oppdatert tirsdag 16. desember kl. 23:03    <\/p>\n<ul class=\"_list_o9xde_3 _list_64s2r_85 _unordered_o9xde_106 text-sans-m\">\n<li class=\"_item_o9xde_30\">Norge m\u00f8ter Frankrike, Senegal og Bolivia\/Surinam\/Irak i gruppespillet i VM til sommeren.<\/li>\n<li class=\"_item_o9xde_30\">F\u00f8r VM skal landslaget forberede seg gjennom treningskamper mot Nederland og Sveits.<\/li>\n<li class=\"_item_o9xde_30\">Brasil har foresl\u00e5tt en generalpr\u00f8ve mot Norge f\u00f8r VM.<\/li>\n<li class=\"_item_o9xde_30\">Landslagssjef St\u00e5le Solbakken vil utvide st\u00f8tteapparatet og finne en passende basecamp.<\/li>\n<\/ul>\n<p>Vis mer <\/p>\n<p class=\"_paragraph_o9xde_4 _paragraph_xtcu6_10 layout-component text-serif-m layout-normal text-serif-m layout-padded\">Forrige uke ble det klart at Norge havnet i gruppe I \u2013 og m\u00f8ter Frankrike, Senegal og vinneren av Irak, Bolivia og Surinam i gruppespillet da VM-gruppene ble trukket i Washington.<\/p>\n<p class=\"_paragraph_o9xde_4 _paragraph_xtcu6_10 layout-component text-serif-m layout-normal text-serif-m layout-padded\">Dette er kampoppsettet:<\/p>\n<ul class=\"_list_o9xde_3 _list_xtcu6_9 _unordered_o9xde_106 layout-component text-serif-m layout-normal text-serif-m layout-padded\">\n<li class=\"_item_o9xde_30\">Norge m\u00f8ter Bolivia\/Surinam\/Irak onsdag 17. juni klokken 00.00 norsk tid i Boston.<\/li>\n<li class=\"_item_o9xde_30\">Norge m\u00f8ter Senegal tirsdag 23. juni klokken 02.00 norsk tid i New York.<\/li>\n<li class=\"_item_o9xde_30\">Norge m\u00f8ter Frankrike fredag 26. juni klokken 21.00 norsk tid i Boston.<\/li>\n<\/ul>\n<p class=\"_paragraph_o9xde_4 _paragraph_xtcu6_10 layout-component text-serif-m layout-normal text-serif-m layout-padded\">\u2013 Frankrike har Mbappe i en syk, syk form. De har veldig mange muligheter i stoppere, backer og sentrale midtbanespillere, hva man kan velge av ulike typer er eksepsjonelt. De har trippeldekning p\u00e5 alle posisjoner. De er en av de store favorittene. Spania, Frankrike, Argentina og Brasil er de fire store, sier landslagssjef St\u00e5le Solbakken. <\/p>\n<p class=\"_paragraph_o9xde_4 _paragraph_xtcu6_10 layout-component text-serif-m layout-normal text-serif-m layout-padded\">\u2013 Var Senegal noe av det verste man kunne f\u00e5 fra pott 2?<\/p>\n<p class=\"_paragraph_o9xde_4 _paragraph_xtcu6_10 layout-component text-serif-m layout-normal text-serif-m layout-padded\">\u2013 Ja, det var det jo. De er et lag som har voldsom fysikk, det har alle de beste afrikanske lagene, og det er derfor Frankrike og Senegal er en spesiell kamp, for Senegal kan matche Frankrike p\u00e5 fysikken. <\/p>\n<p>   Tett program inn mot VM<\/p>\n<p class=\"_paragraph_o9xde_4 _paragraph_xtcu6_10 layout-component text-serif-m layout-normal text-serif-m layout-padded\">Men f\u00f8r kampene skal spilles venter flere m\u00e5neder med forberedelser. <\/p>\n<p class=\"_paragraph_o9xde_4 _paragraph_xtcu6_10 layout-component text-serif-m layout-normal text-serif-m layout-padded\">VG har tatt en gjennomgang av hvordan Norges vei fra 1. januar til en eventuell VM-finale vil se ut:<\/p>\n<ul class=\"_list_o9xde_3 _list_xtcu6_9 _unordered_o9xde_106 layout-component text-serif-m layout-normal text-serif-m layout-padded\">\n<li class=\"_item_o9xde_30\">9. januar m\u00e5 Norge sende inn <a href=\"https:\/\/www.vg.no\/sport\/i\/L4047P\/dette-kan-bli-norges-vm-base-luksus-golf-tennis-og-spa\" data-track-element-type=\"Link\" data-track-id=\"link:L4047P\" class=\"_link_o9xde_39\" rel=\"nofollow noopener\" target=\"_blank\">\u00f8nsker til basecamp, f\u00f8r de f\u00e5r svar en uke senere.<\/a><\/li>\n<li class=\"_item_o9xde_30\">Solbakken har fortalt at han vil ruste opp st\u00f8tteapparatet. Dette sier han vil skje tidlig i det nye \u00e5ret.<\/li>\n<li class=\"_item_o9xde_30\">Landslaget samles i mars, da for \u00e5 m\u00f8te Nederland og Sveits. <\/li>\n<li class=\"_item_o9xde_30\">I juni skal landslagsgutta samles for \u00e5 spille minst to oppkj\u00f8ringskamper til VM. <\/li>\n<li class=\"_item_o9xde_30\">I samme tidsrom reiser landslagsgutta til USA.<\/li>\n<li class=\"_item_o9xde_30\">Onsdag 17. juni klokken 00:00 norsk tid spiller Norge sin f\u00f8rste kamp i VM.<\/li>\n<\/ul>\n<p class=\"_paragraph_o9xde_4 _paragraph_xtcu6_10 layout-component text-serif-m layout-normal text-serif-m layout-padded\">Tidligere denne uken kom nyheten om at Brasil \u00f8nsker en treningskamp mot Norge som generalpr\u00f8ve til VM. En eventuell kamp mot Brasil spilles mest sannsynlig ikke p\u00e5 norsk jord. <\/p>\n<p class=\"_paragraph_o9xde_4 _paragraph_xtcu6_10 layout-component text-serif-m layout-normal text-serif-m layout-padded\">Dersom det blir Brasils siste oppkj\u00f8ringskamp er det naturlig at oppgj\u00f8ret spilles i USA.<\/p>\n<p class=\"_paragraph_o9xde_4 _paragraph_xtcu6_10 layout-component text-serif-m layout-normal text-serif-m layout-padded\">Samtidig som de siste detaljene rundt Norges oppkj\u00f8ringskamper fullf\u00f8res, skal ogs\u00e5 Truls D\u00e6hli, Are Hokstad og Andr\u00e9 Flem finne ut hvor de norske spillerne skal bo under VM. <\/p>\n<p class=\"_paragraph_o9xde_4 _paragraph_xtcu6_10 layout-component text-serif-m layout-normal text-serif-m layout-padded\">\u2013 Det som er viktig n\u00e5 er \u00e5 finne en god basecamp s\u00e5nn at vi kan v\u00e6re der, fortalte Solbakken til VG i helgen.<\/p>\n<p class=\"_paragraph_o9xde_4 _paragraph_xtcu6_10 layout-component text-serif-m layout-normal text-serif-m layout-padded\"><a href=\"https:\/\/www.vg.no\/sport\/i\/L4047P\/dette-kan-bli-norges-vm-base-luksus-golf-tennis-og-spa\" data-track-element-type=\"Link\" data-track-id=\"link:L4047P\" class=\"_link_o9xde_39\" rel=\"nofollow noopener\" target=\"_blank\">VG har trukket ut en liste p\u00e5 ti steder som kan bli Norges base under VM.<\/a><\/p>\n<p>   Veien mot en finale<\/p>\n<p class=\"_paragraph_o9xde_4 _paragraph_xtcu6_10 layout-component text-serif-m layout-normal text-serif-m layout-padded\">Basert p\u00e5 FIFA-rankingen har analyseprogrammet \u00abFootball Meets Data\u00bb simulert hvem Norge kan m\u00f8te i veien til en eventuell finale.<\/p>\n<p class=\"_paragraph_o9xde_4 _paragraph_xtcu6_10 layout-component text-serif-m layout-normal text-serif-m layout-padded\">Dersom Norge vinner sin gruppe, kan dette bli kampprogrammet for nordmennene:<\/p>\n<ul class=\"_list_o9xde_3 _list_xtcu6_9 _unordered_o9xde_106 layout-component text-serif-m layout-normal text-serif-m layout-padded\">\n<li class=\"_item_o9xde_30\">29. juni &#8211; 16-delsfinale: Ukraina<\/li>\n<li class=\"_item_o9xde_30\">5. juli &#8211; 8-delsfinale: Tyskland\/Ecuador<\/li>\n<li class=\"_item_o9xde_30\">11. juli &#8211; Kvartfinale: Nederland<\/li>\n<li class=\"_item_o9xde_30\">15. juli &#8211; Semifinale: Spania<\/li>\n<\/ul>\n<p class=\"_paragraph_o9xde_4 _paragraph_xtcu6_10 layout-component text-serif-m layout-normal text-serif-m layout-padded\">Med utgangspunkt i at Norge ender som nummer to i gruppen, kan motstanderne v\u00e6re:<\/p>\n<ul class=\"_list_o9xde_3 _list_xtcu6_9 _unordered_o9xde_106 layout-component text-serif-m layout-normal text-serif-m layout-padded\">\n<li class=\"_item_o9xde_30\">29. juni &#8211; 16-delsfinale: Tyskland\/Ecuador<\/li>\n<li class=\"_item_o9xde_30\">5. juli &#8211; 8-delsfinale: Brasil<\/li>\n<li class=\"_item_o9xde_30\">11. juli &#8211; Kvartfinale: England<\/li>\n<li class=\"_item_o9xde_30\">15. juli &#8211; Semifinale: Argentina<\/li>\n<\/ul>\n<p class=\"_paragraph_o9xde_4 _paragraph_xtcu6_10 layout-component text-serif-m layout-normal text-serif-m layout-padded\">Da Solbakken m\u00f8tte VG f\u00f8r hjemreisen til Norge, hadde han ikke en konkret dato for n\u00e5r landslaget samles for \u00e5 gj\u00f8re de siste forberedelsene f\u00f8r mesterskapet.<\/p>\n<p class=\"_paragraph_o9xde_4 _paragraph_xtcu6_10 layout-component text-serif-m layout-normal text-serif-m layout-padded\">\u2013 Ser du for deg at den landslagsperioden starter 1. juni, at man m\u00f8tes da?<\/p>\n<p class=\"_paragraph_o9xde_4 _paragraph_xtcu6_10 layout-component text-serif-m layout-normal text-serif-m layout-padded\">\u2013 Det er noe av det vi skal se p\u00e5 n\u00e5. Vi skal i hvert fall ha en kamp p\u00e5 Ullevaal, det tror jeg er ganske sikkert.  <\/p>\n<p class=\"_paragraph_o9xde_4 _paragraph_xtcu6_10 layout-component text-serif-m layout-normal text-serif-m layout-padded\">Solbakken er videre klar p\u00e5 at han \u00f8nsker en motstander i generalpr\u00f8ven som gj\u00f8r at laget f\u00e5r testet seg. <\/p>\n<p class=\"_paragraph_o9xde_4 _paragraph_xtcu6_10 layout-component text-serif-m layout-normal text-serif-m layout-padded\">\u2013 Dette er vanskelig. Dette er et sykt puslespill som vi ikke har i n\u00e6rheten av oversikt over n\u00e5.<\/p>\n<p class=\"_paragraph_o9xde_4 _paragraph_xtcu6_10 layout-component text-serif-m layout-normal text-serif-m layout-padded\">Noe Solbakken er mer sikker p\u00e5 er at st\u00f8tteapparatet skal utvides. Han har tidligere r\u00f8pet at tidligere landslagskaptein Stefan Strandberg trolig f\u00e5r en rolle som scout.<\/p>\n<p class=\"_paragraph_o9xde_4 _paragraph_xtcu6_10 layout-component text-serif-m layout-normal text-serif-m layout-padded\">\u2013 Jeg vil gjerne ha det s\u00e5 lite som mulig, i form av at jeg ikke vil ha inn ti nye, men vi m\u00e5 ha inn noen som skal v\u00e6re rundt gutta. <\/p>\n","protected":false},"excerpt":{"rendered":"Forberedelser, treningskamper og et mulig sjokkresultat i VM? Her er alt du trenger \u00e5 vite om det neste&hellip;\n","protected":false},"author":2,"featured_media":115041,"comment_status":"","ping_status":"","sticky":false,"template":"","format":"standard","meta":{"footnotes":""},"categories":[59],"tags":[92,4472,3163,30,28,29,83,82,1387],"class_list":{"0":"post-115040","1":"post","2":"type-post","3":"status-publish","4":"format-standard","5":"has-post-thumbnail","7":"category-sport","8":"tag-fotball","9":"tag-fotball-vm","10":"tag-herrelandslaget-fotball","11":"tag-no","12":"tag-norge","13":"tag-norway","14":"tag-sport","15":"tag-sports","16":"tag-stale-solbakken"},"share_on_mastodon":{"url":"https:\/\/pubeurope.com\/@no\/115731616714886396","error":""},"_links":{"self":[{"href":"https:\/\/www.europesays.com\/no\/wp-json\/wp\/v2\/posts\/115040","targetHints":{"allow":["GET"]}}],"collection":[{"href":"https:\/\/www.europesays.com\/no\/wp-json\/wp\/v2\/posts"}],"about":[{"href":"https:\/\/www.europesays.com\/no\/wp-json\/wp\/v2\/types\/post"}],"author":[{"embeddable":true,"href":"https:\/\/www.europesays.com\/no\/wp-json\/wp\/v2\/users\/2"}],"replies":[{"embeddable":true,"href":"https:\/\/www.europesays.com\/no\/wp-json\/wp\/v2\/comments?post=115040"}],"version-history":[{"count":0,"href":"https:\/\/www.europesays.com\/no\/wp-json\/wp\/v2\/posts\/115040\/revisions"}],"wp:featuredmedia":[{"embeddable":true,"href":"https:\/\/www.europesays.com\/no\/wp-json\/wp\/v2\/media\/115041"}],"wp:attachment":[{"href":"https:\/\/www.europesays.com\/no\/wp-json\/wp\/v2\/media?parent=115040"}],"wp:term":[{"taxonomy":"category","embeddable":true,"href":"https:\/\/www.europesays.com\/no\/wp-json\/wp\/v2\/categories?post=115040"},{"taxonomy":"post_tag","embeddable":true,"href":"https:\/\/www.europesays.com\/no\/wp-json\/wp\/v2\/tags?post=115040"}],"curies":[{"name":"wp","href":"https:\/\/api.w.org\/{rel}","templated":true}]}}