{"id":115042,"date":"2025-12-16T22:34:08","date_gmt":"2025-12-16T22:34:08","guid":{"rendered":"https:\/\/www.europesays.com\/no\/115042\/"},"modified":"2025-12-16T22:34:08","modified_gmt":"2025-12-16T22:34:08","slug":"trumps-stabssjef-med-oppsiktsvekkende-uttalelser-om-presidenten-nrk-urix-utenriksnyheter-og-dokumentarer","status":"publish","type":"post","link":"https:\/\/www.europesays.com\/no\/115042\/","title":{"rendered":"Trumps stabssjef med oppsiktsvekkende uttalelser om presidenten \u2013 NRK Urix \u2013 Utenriksnyheter og -dokumentarer"},"content":{"rendered":"<p>Saken oppsummert<\/p>\n<ul>\n<li>Susie Wiles, Donald Trumps stabssjef, bekrefter delvis at Trumps straffesaker mot fiender kan v\u00e6re motivert av hevn, selv om hun avviser at han er p\u00e5 en \u00abgjengjeldelsesturn\u00e9\u00bb.<\/li>\n<li>Wiles kritiserer justisminister Pam Bondi og omtaler visepresident JD Vance som en konspirasjonsteoretiker.<\/li>\n<li>Hun sier Trump har en \u00abalkoholikers personlighet\u00bb, til tross for at han er totalavholdsmann.<\/li>\n<li>Trump forsvarer Wiles og hevder at journalisten bak saken kan ha villedet henne.<\/li>\n<li>Wiles har g\u00e5tt hardt ut mot artikkelen og hevder at den er vinklet for \u00e5 fremstille Trump og hans administrasjon i et negativt lys.<\/li>\n<\/ul>\n<p><strong>B\u00e5de Donald Trump og den mektige stabssjefen Susie Wiles g\u00e5r hardt ut mot saken som er basert p\u00e5 flere intervjuer av Wiles. Mer om det senere.<\/strong><\/p>\n<p>Da Donald Trump flyttet inn i Det hvite hus i januar 2025 hadde han med seg Wiles.<\/p>\n<p>Gjennom det f\u00f8rste \u00e5ret av Trumps andre periode som president har skribent Chris Whipple intervjuet Wiles flere ganger. N\u00e5 kommer flere av intervjuene ut i en sak i <a href=\"https:\/\/www.vanityfair.com\/news\/story\/trump-susie-wiles-interview-exclusive-part-1\" ec-id=\"https:\/\/www.vanityfair.com\/news\/story\/trump-susie-wiles-interview-exclusive-part-1\" ec-name=\"Vanity Fair\" rel=\"nofollow noopener\" target=\"_blank\">Vanity Fair<\/a>.<\/p>\n<p>Ogs\u00e5 justisminister Pam Bondi og visepresident JD Vance f\u00e5r harde karakteristikker i saken.<\/p>\n<p><strong>Wiles sier Bondi \u00abtok fullstendig feil\u00bb i sin h\u00e5ndtering av Jeffrey Epstein-mappene, og at Vance er en konspirasjonsteoretiker.<br \/>\n<\/strong><\/p>\n<p><img decoding=\"async\"   src=\"data:image\/gif;base64,R0lGODlhAQABAIAAAAAAAP\/\/\/yH5BAEAAAAALAAAAAABAAEAAAIBRAA7\" loading=\"eager\" alt=\"Bildet viser en kvinne med gr\u00e5tt h\u00e5r og solbriller, som st\u00e5r foran en mikrofon. Hun har p\u00e5 seg en svart jakke og er del av en offentlig sammenkomst. Intensiteten i lysforholdene gir en lys bakgrunn som omringer henne. Hennes ansiktsuttrykk og kroppsspr\u00e5k kan tyde p\u00e5 engasjement i situasjonen. (Bildebeskrivelsen er laget av en KI-tjeneste)\" title=\"Foto: Aaron Schwartz \/ Reuters \/ NTB\"\/><\/p>\n<p>Foto: Aaron Schwartz \/ Reuters \/ NTB<\/p>\n<p>Hevn gjennom straffesaker<\/p>\n<p>Stabssjefen bekrefter delvis at straffesakene mot dem Trump anser som fiender, er motivert av hevn fra Trump.<\/p>\n<p><strong>\u2013 Jeg tror ikke han v\u00e5kner opp og tenker p\u00e5 gjengjeldelse. Men n\u00e5r det byr seg en mulighet, vil han gripe den, sier Wiles.<\/strong><\/p>\n<p>Trump har via justisdepartementet fors\u00f8kt \u00e5 tiltale tidligere FBI-sjef James Comey og New Yorks riksadvokat Letitia James. Det ble sist avvist i november<\/p>\n<p>Comey er tiltalt for \u00e5 ha avgitt falsk forklaring under en h\u00f8ring i Kongressen i 2020. Letitia James ledet bedragerisaken mot Trump.<\/p>\n<p>I et av de f\u00f8rste intervjuene sa Wiles at hun hadde \u00aben l\u00f8s avtale om at oppgj\u00f8ret skal avsluttes f\u00f8r de f\u00f8rste 90 dagene er over.\u00bb<\/p>\n<p>\u2013 Trump lovet \u00e5 avslutte hevn- og gjengjeldelsesturneen etter 90 dager? sp\u00f8r journalisten senere. <\/p>\n<p>Da avviser Wiles at han er p\u00e5 en \u00abgjengjeldelsesturn\u00e9\u00bb, men hun sier ogs\u00e5:<\/p>\n<p>\u2013 I noen tilfeller kan det se ut som gjengjeldelse. Og det kan v\u00e6re et element av det fra tid til annen.<\/p>\n<p>\u2013 Et u\u00e6rlig vinklet angrep<\/p>\n<p>Wiles har v\u00e6rt ute p\u00e5 <a href=\"https:\/\/x.com\/SusieWiles\/status\/2000943061627548148\" ec-id=\"https:\/\/x.com\/SusieWiles\/status\/2000943061627548148\" ec-name=\"X\" rel=\"nofollow\">X<\/a> etter at saken ble publisert. Der g\u00e5r hun hardt mot saken og gir Trump full st\u00f8tte.<\/p>\n<p>\u2013 <strong>Artikkelen som ble publisert tidlig i morges er et u\u00e6rlig vinklet angrep mot meg og historiens beste president, Det hvite hus og kabinettet, skriver Wiles.<\/strong><\/p>\n<p><img decoding=\"async\"   src=\"data:image\/gif;base64,R0lGODlhAQABAIAAAAAAAP\/\/\/yH5BAEAAAAALAAAAAABAAEAAAIBRAA7\" loading=\"eager\" alt=\"En kvinne med gr\u00e5tt h\u00e5r og svart jakke st\u00e5r foran en bygning med hvit fasade. Hun b\u00e6rer en gullkjede og har en liten veske. I bakgrunnen er en mann delvis synlig, if\u00f8rt en bl\u00e5 rutete skjorte og dress. Bildet gir inntrykk av en offentlig hendelse. (Bildebeskrivelsen er laget av en KI-tjeneste)\" title=\"Foto: Ken Cedeno \/ Reuters \/ NTB\"\/><\/p>\n<p>Foto: Ken Cedeno \/ Reuters \/ NTB<\/p>\n<p>Hun skriver at viktig kontekst ble ignorert.<\/p>\n<p>\u2013 Mye av det jeg og andre sa om teamet og presidenten ble utelatt fra saken. Etter \u00e5 ha lest den, antar jeg at dette ble gjort for \u00e5 male et overhvelmende kaotisk og negativt narrativ om presidenten og v\u00e5rt team, skriver Wiles.<\/p>\n<p>\u00abEn alkoholikers personlighet\u00bb<\/p>\n<p>Trump har ofte rost Wiles, og han ga henne mye av \u00e6ren for valgseieren i 2024. Han har beskrevet Wiles som en helt avgj\u00f8rende faktor for resultatet.<\/p>\n<p>P\u00e5 sp\u00f8rsm\u00e5l om Trump har full tillit til Wiles etter intervjuet, sier presidenten:<\/p>\n<p><strong>\u2013 \u00c5, hun er fantastisk, sier han til <a href=\"https:\/\/nypost.com\/2025\/12\/16\/us-news\/trump-stands-by-chief-of-staff-susie-wiles-after-bombshell-vanity-fair-interviews-admits-he-has-alcoholics-personality\/\" ec-id=\"https:\/\/nypost.com\/2025\/12\/16\/us-news\/trump-stands-by-chief-of-staff-susie-wiles-after-bombshell-vanity-fair-interviews-admits-he-has-alcoholics-personality\/\" ec-name=\"New York Post\" rel=\"nofollow noopener\" target=\"_blank\">New York Post<\/a>.<\/strong><\/p>\n<p>Han sier ogs\u00e5 at han tror journalist Chris Whipple kan ha lurt Wiles. Han sier at Wiles sjelden gir intervjuer<\/p>\n<p><img decoding=\"async\"   src=\"data:image\/gif;base64,R0lGODlhAQABAIAAAAAAAP\/\/\/yH5BAEAAAAALAAAAAABAAEAAAIBRAA7\" loading=\"eager\" alt=\"Bilde viser en gruppe personer samlet rundt et bord i et m\u00f8terom. Det er en mann i sentrum med hvitt h\u00e5r, if\u00f8rt dress, som st\u00e5r foran et dokument. Bak mennene henger to amerikanske flagg, og det er andre personer til stede som ser mot kameraet. Omgivelsene inkluderer brune gardiner og en klokke synlig p\u00e5 veggen. (Bildebeskrivelsen er laget av en KI-tjeneste)\" title=\"Foto: MANDEL NGAN \/ AFP \/ NTB\"\/><\/p>\n<p class=\"\">Susie Wiles og Donald Trump under et m\u00f8te i Det hvite hus i mars. <\/p>\n<p>Foto: MANDEL NGAN \/ AFP \/ NTB<\/p>\n<p>\u2013 Ut fra det jeg har h\u00f8rt, tror jeg at faktaene var feil, og at intervjueren var veldig villedet, med vilje villedet, sier Trump.<\/p>\n<p><strong>Mest oppsiktsvekkende er det kanskje at hun sier avholdsmannen Trump \u00abhar en alkoholikers personlighet\u00bb. <\/strong><\/p>\n<p>Trump sier at han ikke har lest saken. Han er som kjent totalavholdsmann.<\/p>\n<p>\u2013 Jeg leser ikke Vanity Fair \u2013 men hun har gjort en fantastisk jobb, sier Trump til New York Post.<\/p>\n<p>Wiles begrunner alkoholiker-beskrivelsen med at \u00abalkoholikere generelt har overdrevne personligheter n\u00e5r de drikker. S\u00e5 jeg er litt av en ekspert p\u00e5 store personligheter.\u00bb Han \u00abopererer med et syn p\u00e5 at det ikke er noe han ikke kan gj\u00f8re. Ingenting, null, ingenting\u00bb, sier hun.<\/p>\n<p>Wiles er datteren til den ber\u00f8mte amerikanske sportsankeret Pat Summerall. Han var en nasjonal kjendis, men ogs\u00e5 en sv\u00e6rt profilert alkoholiker som drakk i \u00e5revis f\u00f8r han til slutt ble t\u00f8rrlagt.<\/p>\n<p>Publisert<\/p>\n<p>16.12.2025, kl. 23.05<\/p>\n<p>Oppdatert<\/p>\n<p>16.12.2025, kl. 23.30<\/p>\n","protected":false},"excerpt":{"rendered":"Saken oppsummert Susie Wiles, Donald Trumps stabssjef, bekrefter delvis at Trumps straffesaker mot fiender kan v\u00e6re motivert av&hellip;\n","protected":false},"author":2,"featured_media":115043,"comment_status":"","ping_status":"","sticky":false,"template":"","format":"standard","meta":{"footnotes":""},"categories":[12],"tags":[20,21,24,25,15,22,23,13,30,28,29,14,16,26,27,42,43,44,45],"class_list":{"0":"post-115042","1":"post","2":"type-post","3":"status-publish","4":"format-standard","5":"has-post-thumbnail","7":"category-verden","8":"tag-breaking-news","9":"tag-breakingnews","10":"tag-featured-news","11":"tag-featurednews","12":"tag-headlines","13":"tag-latest-news","14":"tag-latestnews","15":"tag-news","16":"tag-no","17":"tag-norge","18":"tag-norway","19":"tag-nyheter","20":"tag-overskrifter","21":"tag-top-stories","22":"tag-topstories","23":"tag-verden","24":"tag-world","25":"tag-world-news","26":"tag-worldnews"},"share_on_mastodon":{"url":"https:\/\/pubeurope.com\/@no\/115731632460877122","error":""},"_links":{"self":[{"href":"https:\/\/www.europesays.com\/no\/wp-json\/wp\/v2\/posts\/115042","targetHints":{"allow":["GET"]}}],"collection":[{"href":"https:\/\/www.europesays.com\/no\/wp-json\/wp\/v2\/posts"}],"about":[{"href":"https:\/\/www.europesays.com\/no\/wp-json\/wp\/v2\/types\/post"}],"author":[{"embeddable":true,"href":"https:\/\/www.europesays.com\/no\/wp-json\/wp\/v2\/users\/2"}],"replies":[{"embeddable":true,"href":"https:\/\/www.europesays.com\/no\/wp-json\/wp\/v2\/comments?post=115042"}],"version-history":[{"count":0,"href":"https:\/\/www.europesays.com\/no\/wp-json\/wp\/v2\/posts\/115042\/revisions"}],"wp:featuredmedia":[{"embeddable":true,"href":"https:\/\/www.europesays.com\/no\/wp-json\/wp\/v2\/media\/115043"}],"wp:attachment":[{"href":"https:\/\/www.europesays.com\/no\/wp-json\/wp\/v2\/media?parent=115042"}],"wp:term":[{"taxonomy":"category","embeddable":true,"href":"https:\/\/www.europesays.com\/no\/wp-json\/wp\/v2\/categories?post=115042"},{"taxonomy":"post_tag","embeddable":true,"href":"https:\/\/www.europesays.com\/no\/wp-json\/wp\/v2\/tags?post=115042"}],"curies":[{"name":"wp","href":"https:\/\/api.w.org\/{rel}","templated":true}]}}