{"id":115044,"date":"2025-12-16T22:35:15","date_gmt":"2025-12-16T22:35:15","guid":{"rendered":"https:\/\/www.europesays.com\/no\/115044\/"},"modified":"2025-12-16T22:35:15","modified_gmt":"2025-12-16T22:35:15","slug":"subjektprisen-2025-skapte-furore-na-har-hun-vunnet-pris","status":"publish","type":"post","link":"https:\/\/www.europesays.com\/no\/115044\/","title":{"rendered":"Subjektprisen 2025: Skapte furore &#8211; n\u00e5 har hun vunnet pris"},"content":{"rendered":"<p>        Saken oppsummert<\/p>\n<ul lang=\"nb-NO\">\n<li>KrFU-lederen Ingrid Olina Hovland vant prisen for \u00ab\u00c5rets subjekt\u00bb p\u00e5 Subjektprisen i Oslo.<\/li>\n<li>Tidligere i h\u00f8st mottok hun trusler etter \u00e5 ha kommet med uttalelser om abort etter voldtekt. <\/li>\n<li>Hovland uttrykte takknemlighet for nominasjonen og respekt for de andre nominerte.<\/li>\n<li>Hun fortalte at hun har l\u00e6rt mye av mediestormen og at det g\u00e5r bedre med henne i dag.<\/li>\n<\/ul>\n<p class=\"italic ai-disclaimer\" data-lab-italic=\"italic\">Oppsummeringen er laget med kunstig intelligens (KI) fra OpenAI. Innholdet er kvalitetssikret av TV 2s journalister. <a target=\"_blank\" href=\"https:\/\/hjelp.tv2.no\/info\/artikkel\/slik-jobber-vi-med-ki-i-tv-2\" title=\"Les om hvordan vi jobber med KI\" rel=\"nofollow noopener\">Les om hvordan vi jobber med KI<\/a><\/p>\n<p>Tidligere i h\u00f8st ble KrFU-lederen Ingrid Olina Hovland (20)<a href=\"https:\/\/www.tv2.no\/nyheter\/krfu-lederen-apner-opp-om-trusler-folk-onsker-meg-voldtatt\/18241300\/\" target=\"_blank\" rel=\"nofollow noopener\"> kastet inn i nasjonal oppmerksomhet<\/a>.<\/p>\n<p class=\"bold m-bold\" data-lab-font_weight=\"bold\">Det etter at hun i en podkast med influenseren Jenny Huse uttalte at hun mener kvinner b\u00f8r b\u00e6re frem barn etter voldtekt.\u00a0<\/p>\n<p>Utspillet f\u00f8rte til\u00a0<a href=\"https:\/\/www.tv2.no\/underholdning\/opprop-etter-abortutsagn\/18232372\/\" rel=\"nofollow noopener\" target=\"_blank\">kraftige reaksjoner,\u00a0<\/a>og flere mente at ungdomspolitikeren burde trekke seg.\u00a0<\/p>\n<p class=\"bold m-bold\" data-lab-font_weight=\"bold\">\u2013 Jeg har f\u00e5tt kommentarer om at folk \u00f8nsker meg voldtatt, sa den unge KrFU-lederen til TV 2 om reaksjonene.<\/p>\n<p>\u2013 Veldig takknemlig<\/p>\n<p>Tirsdag kveld var det duket for Subjekt-prisen p\u00e5 Sentralen i Oslo, som arrangeres av nettavisen med samme navn, for \u00e5 feire norsk kulturliv.\u00a0<\/p>\n<p>\u2013 Subjekt-prisen er en hyllest av dem som gj\u00f8r Norge til et kulere land \u00e5 bo i. Og den blir st\u00f8rre hvert \u00e5r, mens mange prisutdelinger mister TV-tiden sin, sier sjefredakt\u00f8r Danby Choi (32) i en pressemelding.<\/p>\n<p class=\"bold m-bold\" data-lab-font_weight=\"bold\">Under utdelingen ble det klart at den unge KrFU-lederen vant prisen for \u00ab\u00c5rets subjekt\u00bb.\u00a0<\/p>\n<p>\u2013 Det er utrolig kjekt, og jeg er veldig takknemlig for nominasjonen, sa 20-\u00e5ringen til TV 2 i forkant av utdelingen.\u00a0<\/p>\n<p>\u2013 Jeg har veldig stor respekt for de andre nominerte, s\u00e5 jeg kommer her med senkede skuldre, og bare gleder meg til utdelingen, la hun til.<\/p>\n<p>        <img class=\"image__img lazyload\" itemprop=\"image\" title=\"Foto: Sara Aar\u00f8en Lien \/ TV 2\" alt=\"NOMINERT: Tidligere \u00abDebatten\u00bb-programleder Fredrik Solvang var ogs\u00e5 blant de nominerte til \u00ab\u00c5rets subjekt\u00bb. Foto: Sara Aar\u00f8en Lien \/ TV 2\" width=\"978\" height=\"551\" bad-src=\"https:\/\/www.europesays.com\/no\/wp-content\/uploads\/2025\/12\/18391490.webp\" fetchpriority=\"auto\" \/><\/p>\n<p>      NOMINERT: Tidligere \u00abDebatten\u00bb-programleder Fredrik Solvang var ogs\u00e5 blant de nominerte til \u00ab\u00c5rets subjekt\u00bb.<br \/>\n         Foto: Sara Aar\u00f8en Lien \/ TV 2<\/p>\n<p>Blant de nominerte i \u00ab\u00c5rets subjekt\u00bb var ogs\u00e5 nylig avg\u00e5tte \u00abDebatten\u00bb-programleder Fredrik Solvang, jusprofessor\u00a0Benedikte Moltumyr H\u00f8gberg, stortingsrepresentant Fr\u00f8ya Sjurs\u00e6ther og\u00a0samfunns\u00f8konom Martin Bech Holte.<\/p>\n<p class=\"bold m-bold\" data-lab-font_weight=\"bold\">\u00ab\u00c5rets subjekt er kategorien der vi nominerer en person for \u00e5 kjempe sin kampsak\u00bb, st\u00e5r det p\u00e5 nettsiden til\u00a0<a href=\"https:\/\/subjekt.no\/subjektprisen\/arets-subjekt-2025\/\" target=\"_blank\" rel=\"nofollow noopener\">Subjekt<\/a>\u00a0om prisen.<\/p>\n<p data-lab-font_weight=\"\">I 2024 var det sivil\u00f8konom og tidligere generalsekret\u00e6r i Norsk bonde- og sm\u00e5brukarlag, Anders Nordstad, som mottok prisen.<\/p>\n<p data-lab-font_weight=\"\" class=\"italic m-italic\" data-lab-italic=\"italic\">Saken fortsetter under prisvinnerne.<\/p>\n<p>        Dette er \u00e5rets prisvinnere i Subjektprisen 2025:<\/p>\n<p data-lab-font_weight=\"\">\u00ab\u00c5rets utstilling\u00bb: Postkost fra framtida (Posten moderne\/POMO)<\/p>\n<p data-lab-font_weight=\"\">\u00ab\u00c5rets litteratur\u00bb: Gater jeg har levd (Nikolai Torgersen, Aschehoug)<\/p>\n<p data-lab-font_weight=\"\">\u00ab\u00c5rets film og TV\u00bb: Hvor blir det av penga? (Sindre Wiig Nordby)<\/p>\n<p data-lab-font_weight=\"\">\u00ab\u00c5rets scenekunst\u00bb: Et sted \u00e5 v\u00e6re (=Oslo)<\/p>\n<p data-lab-font_weight=\"\">\u00ab\u00c5rets mat og drikke\u00bb: Sparta vinbar<\/p>\n<p data-lab-font_weight=\"\">\u00ab\u00c5rets musikkutgivelse\u00bb: Valget \u00e5 g\u00e5, og vi gikk (Ari Bajgora, Distortion)<\/p>\n<p data-lab-font_weight=\"\">\u00ab\u00c5rets kunstner\u00bb: Johanna Hoffsten<\/p>\n<p data-lab-font_weight=\"\">\u00ab\u00c5rets stemme\u00bb: Kjetil Rolness<\/p>\n<p data-lab-font_weight=\"\">\u00ab\u00c5rets subjekt\u00bb: Ingrid Olina Hovland (KrFU)<\/p>\n<p>\u2013 Noen overveldende uker<\/p>\n<p>Da TV 2 m\u00f8tte Hovland p\u00e5 Subjekt-prisen, kunne hun fortelle at stormen\u00a0 har roet seg.<\/p>\n<p class=\"bold m-bold\" data-lab-font_weight=\"bold\">\u2013 Det g\u00e5r veldig fint, det var jo noen overveldende uker og en intens periode, sier hun, f\u00f8r hun fortsetter:<\/p>\n<p class=\"bold m-bold\" data-lab-font_weight=\"bold\">\u2013 Jeg f\u00f8ler jeg har l\u00e6rt veldig mye av det, og har hatt gode folk rundt meg. Jeg har kommet hel ut av det og st\u00e5r p\u00e5 begge beina.<\/p>\n<p>Da TV 2 snakket med politikeren da stormen sto p\u00e5 sitt verste, var situasjonen en litt annen:<\/p>\n<p>        <img class=\"image__img lazyload\" itemprop=\"image\" title=\"Foto: Thomas Fure \/ NTB\" alt=\"UBEHAGELIG: Enkelte tilfeller som KrFU-lederen opplevde etter abort-utsagnet, beskrev hun som ubehagelig. Foto: Thomas Fure \/ NTB\" width=\"978\" height=\"551\" bad-src=\"https:\/\/www.europesays.com\/no\/wp-content\/uploads\/2025\/12\/18233789.webp\" fetchpriority=\"auto\" \/><\/p>\n<p>      UBEHAGELIG: Enkelte tilfeller som KrFU-lederen opplevde etter abort-utsagnet, beskrev hun som ubehagelig.<br \/>\n         Foto: Thomas Fure \/ NTB<\/p>\n<p>\u2013 Det har v\u00e6rt veldig mye. P\u00e5 flyplassen ble jeg m\u00f8tt med folk som viste langefingeren og ropte stygge ting etter meg. Det er litt ubehagelig, sa hun til <a href=\"https:\/\/www.tv2.no\/nyheter\/krfu-lederen-apner-opp-om-trusler-folk-onsker-meg-voldtatt\/18241300\/\" target=\"_blank\" rel=\"nofollow noopener\">TV 2 den gang<\/a>.<\/p>\n<p class=\"bold m-bold\" data-lab-font_weight=\"bold\">I ettertid presiserte ogs\u00e5 20-\u00e5ringen at hun uttalte seg om hva hun selv h\u00e5per hun hadde gjort, dersom hun var i den situasjonen.<\/p>\n<p>\u2013 Jeg har stor forst\u00e5else for folk som tenker annerledes og velger annerledes. Jeg har bare reflektert h\u00f8yt, og det jeg sa er ikke politikk for KrFU eller KrF, sa hun.<\/p>\n","protected":false},"excerpt":{"rendered":"Saken oppsummert KrFU-lederen Ingrid Olina Hovland vant prisen for \u00ab\u00c5rets subjekt\u00bb p\u00e5 Subjektprisen i Oslo. Tidligere i h\u00f8st&hellip;\n","protected":false},"author":2,"featured_media":115045,"comment_status":"","ping_status":"","sticky":false,"template":"","format":"standard","meta":{"footnotes":""},"categories":[10],"tags":[20,21,24,25,15,22,23,13,30,28,29,14,16,26,27],"class_list":{"0":"post-115044","1":"post","2":"type-post","3":"status-publish","4":"format-standard","5":"has-post-thumbnail","7":"category-norge","8":"tag-breaking-news","9":"tag-breakingnews","10":"tag-featured-news","11":"tag-featurednews","12":"tag-headlines","13":"tag-latest-news","14":"tag-latestnews","15":"tag-news","16":"tag-no","17":"tag-norge","18":"tag-norway","19":"tag-nyheter","20":"tag-overskrifter","21":"tag-top-stories","22":"tag-topstories"},"share_on_mastodon":{"url":"https:\/\/pubeurope.com\/@no\/115731636254219393","error":""},"_links":{"self":[{"href":"https:\/\/www.europesays.com\/no\/wp-json\/wp\/v2\/posts\/115044","targetHints":{"allow":["GET"]}}],"collection":[{"href":"https:\/\/www.europesays.com\/no\/wp-json\/wp\/v2\/posts"}],"about":[{"href":"https:\/\/www.europesays.com\/no\/wp-json\/wp\/v2\/types\/post"}],"author":[{"embeddable":true,"href":"https:\/\/www.europesays.com\/no\/wp-json\/wp\/v2\/users\/2"}],"replies":[{"embeddable":true,"href":"https:\/\/www.europesays.com\/no\/wp-json\/wp\/v2\/comments?post=115044"}],"version-history":[{"count":0,"href":"https:\/\/www.europesays.com\/no\/wp-json\/wp\/v2\/posts\/115044\/revisions"}],"wp:featuredmedia":[{"embeddable":true,"href":"https:\/\/www.europesays.com\/no\/wp-json\/wp\/v2\/media\/115045"}],"wp:attachment":[{"href":"https:\/\/www.europesays.com\/no\/wp-json\/wp\/v2\/media?parent=115044"}],"wp:term":[{"taxonomy":"category","embeddable":true,"href":"https:\/\/www.europesays.com\/no\/wp-json\/wp\/v2\/categories?post=115044"},{"taxonomy":"post_tag","embeddable":true,"href":"https:\/\/www.europesays.com\/no\/wp-json\/wp\/v2\/tags?post=115044"}],"curies":[{"name":"wp","href":"https:\/\/api.w.org\/{rel}","templated":true}]}}