{"id":115053,"date":"2025-12-16T23:06:08","date_gmt":"2025-12-16T23:06:08","guid":{"rendered":"https:\/\/www.europesays.com\/no\/115053\/"},"modified":"2025-12-16T23:06:08","modified_gmt":"2025-12-16T23:06:08","slug":"gary-lineker-fotball-gary-lineker-haver-inn-pa-gigantavtale-med-netflix","status":"publish","type":"post","link":"https:\/\/www.europesays.com\/no\/115053\/","title":{"rendered":"Gary Lineker, Fotball | Gary Lineker h\u00e5ver inn p\u00e5 gigantavtale med Netflix"},"content":{"rendered":"\n<p>Flere britiske aviser, deriblant <a href=\"https:\/\/www.dailymail.co.uk\/sport\/football\/article-15386579\/Gary-Linekers-podcast-company-set-make-14million-Netflix-World-Cup-deal.html\" rel=\"Follow nofollow noopener\" target=\"_blank\">Daily Mail <\/a>og <a href=\"https:\/\/www.thetimes.com\/sport\/football\/world-cup\/article\/gary-lineker-rest-is-football-podcast-netflix-world-cup-deal-xv062q90b\" rel=\"Follow nofollow noopener\" target=\"_blank\">The Times,<\/a> skriver at den tidligere fotballspilleren har landet en solid avtale med Netflix. Den amerikanske str\u00f8mmegiganten skal angivelig betale 14 millioner pund for podkasten \u00abThe Rest is Football\u00bb under mesterskapet. <\/p>\n<p>Det tilsvarer rundt 190 millioner norske kroner. <\/p>\n<p>Det er Linekers eget selskap \u00abGoalhanger\u00bb som har landet avtalen. Selskapet jobber med produksjon og distribusjon av podkaster.<\/p>\n<p>Deriblant den velkjente fotballpodkasten, som vil komme med hyppige episoder under VM. <\/p>\n<p><b>Les ogs\u00e5: <a href=\"https:\/\/www.nettavisen.no\/sport\/therese-johaug-raser-over-nordmenns-reaksjoner-det-er-ikke-lov\/s\/5-95-2780435\" rel=\"Follow nofollow noopener\" target=\"_blank\">Raser over nordmenns reaksjoner: \u2013 Det er ikke lov<\/a><\/b><\/p>\n<p>P\u00e5 innsiden<\/p>\n<p>Den tidligere fotballstjernen skal lede podkastprogrammet sammen med Alan Shearer og Micah Richards. Det fra et studio i New York, med innslag fra innsiden av det engelske landslaget og diverse \u00abfanzones\u00bb.<\/p>\n<p>\u00abDette er en fantastisk mulighet for oss tre til \u00e5 gj\u00f8re det vi elsker, \u00e5 snakke om fotball hver dag, men p\u00e5 en virkelig global scene\u00bb, har Lineker uttalt. <\/p>\n<p>\u00abAvtalen er selskapets f\u00f8rste fors\u00f8k p\u00e5 direktesendt fotballdekning og blir sett p\u00e5 som et fors\u00f8k p\u00e5 \u00e5 utfordre YouTube\u00bb, beskriver Daily Mail. <\/p>\n<p>Podkasten \u00abThe Rest is Football\u00bb er blant verdens mest popul\u00e6re fotballpodkaster. <\/p>\n<p><b>Les ogs\u00e5: <a href=\"https:\/\/www.nettavisen.no\/sport\/mainoos-bror-ble-snakkis-etter-united-thriller-kom-med-klart-budskap-pa-t-skjorte\/s\/5-95-2781948\" rel=\"Follow nofollow noopener\" target=\"_blank\">Mainoos bror ble snakkis etter United-thriller \u2013 kom med klart budskap p\u00e5 T-skjorte<\/a><\/b><\/p>\n<p>Lignende avtaler <\/p>\n<p>Daily Mail skriver at Lineker har landet lignende avtaler med &laquo;The Rest is Football&raquo; tidligere.<\/p>\n<p>I sommer laget han podkasten underveis i klubb-VM, da med DAZN som produsent. Han gjorde det samme med LaLiga i august. <\/p>\n<p>Linekers selskap eier ogs\u00e5 podkastene &laquo;The Rest is History&raquo; og &laquo;The Rest is Politics&raquo;. <\/p>\n","protected":false},"excerpt":{"rendered":"Flere britiske aviser, deriblant Daily Mail og The Times, skriver at den tidligere fotballspilleren har landet en solid&hellip;\n","protected":false},"author":2,"featured_media":115054,"comment_status":"","ping_status":"","sticky":false,"template":"","format":"standard","meta":{"footnotes":""},"categories":[59],"tags":[30,28,29,83,82],"class_list":{"0":"post-115053","1":"post","2":"type-post","3":"status-publish","4":"format-standard","5":"has-post-thumbnail","7":"category-sport","8":"tag-no","9":"tag-norge","10":"tag-norway","11":"tag-sport","12":"tag-sports"},"share_on_mastodon":{"url":"https:\/\/pubeurope.com\/@no\/115731757971485263","error":""},"_links":{"self":[{"href":"https:\/\/www.europesays.com\/no\/wp-json\/wp\/v2\/posts\/115053","targetHints":{"allow":["GET"]}}],"collection":[{"href":"https:\/\/www.europesays.com\/no\/wp-json\/wp\/v2\/posts"}],"about":[{"href":"https:\/\/www.europesays.com\/no\/wp-json\/wp\/v2\/types\/post"}],"author":[{"embeddable":true,"href":"https:\/\/www.europesays.com\/no\/wp-json\/wp\/v2\/users\/2"}],"replies":[{"embeddable":true,"href":"https:\/\/www.europesays.com\/no\/wp-json\/wp\/v2\/comments?post=115053"}],"version-history":[{"count":0,"href":"https:\/\/www.europesays.com\/no\/wp-json\/wp\/v2\/posts\/115053\/revisions"}],"wp:featuredmedia":[{"embeddable":true,"href":"https:\/\/www.europesays.com\/no\/wp-json\/wp\/v2\/media\/115054"}],"wp:attachment":[{"href":"https:\/\/www.europesays.com\/no\/wp-json\/wp\/v2\/media?parent=115053"}],"wp:term":[{"taxonomy":"category","embeddable":true,"href":"https:\/\/www.europesays.com\/no\/wp-json\/wp\/v2\/categories?post=115053"},{"taxonomy":"post_tag","embeddable":true,"href":"https:\/\/www.europesays.com\/no\/wp-json\/wp\/v2\/tags?post=115053"}],"curies":[{"name":"wp","href":"https:\/\/api.w.org\/{rel}","templated":true}]}}