{"id":115057,"date":"2025-12-16T23:13:37","date_gmt":"2025-12-16T23:13:37","guid":{"rendered":"https:\/\/www.europesays.com\/no\/115057\/"},"modified":"2025-12-16T23:13:37","modified_gmt":"2025-12-16T23:13:37","slug":"mbappe-vant-fram-i-retten","status":"publish","type":"post","link":"https:\/\/www.europesays.com\/no\/115057\/","title":{"rendered":"Mbapp\u00e9 vant fram i retten"},"content":{"rendered":"<p>  En arbeidsrett i Paris har d\u00f8mt Paris Saint-Germain til \u00e5 betale Kylian Mbapp\u00e9 i overkant av 700 millioner kroner i den p\u00e5g\u00e5ende l\u00f8nnstvisten mellom partene.<\/p>\n<p>\n    Tvisten mellom PSG og den tidligere PSG-spilleren har versert lenge. Foto: Franck Fife\/AFP\/NTB\n  <\/p>\n<p>Tvisten mellom PSG og den tidligere PSG-spilleren har versert lenge. Mbapp\u00e9 har hele tiden ment at klubben skylder ham store summer i l\u00f8nn og bonuser som klubben ikke har villet betale ham etter overgangen til Real Madrid.<\/p>\n<p>Arbeidsretten i Paris har bestemt at PSG m\u00e5 betale Mbapp\u00e9 59,2 millioner euro, og det tilsvarer 704 millioner norske kroner etter tirsdagens kurs.<\/p>\n<p>Mbapp\u00e9 sluttet seg til Real Madrid i juni 2024 og har hevdet at PSG skylder ham 260 millioner euro.<\/p>\n<p>PSG har p\u00e5 sin side hevdet at Mbapp\u00e9 skylder dem 440 millioner euro.<\/p>\n<p>Striden mellom partene stammer fra sommeren 2023 da stjernespissen nektet \u00e5 forlenge kontrakten mellom Paris-klubben. Det gjorde at han skifte gratis til Real Madrid sommeren etter. Det gjorde at PSG gikk glipp av store overgangssummer.<\/p>\n<p>PSG mener at Mbapp\u00e9 hadde akseptert en l\u00f8nnsnedgang som f\u00f8lge av dem manglende kontraktsforlengelsen, og derfor holdt de tilbake l\u00f8nnen hans for de siste m\u00e5nedene av sesongen 2023\/2024.<\/p>\n<p>Mbapp\u00e9 hevder at det aldri ble inng\u00e5tt en slik avtale, og han har f\u00f8lt seg forfulgt og trakassert av sin tidligere klubb.<\/p>\n","protected":false},"excerpt":{"rendered":"En arbeidsrett i Paris har d\u00f8mt Paris Saint-Germain til \u00e5 betale Kylian Mbapp\u00e9 i overkant av 700 millioner&hellip;\n","protected":false},"author":2,"featured_media":115058,"comment_status":"","ping_status":"","sticky":false,"template":"","format":"standard","meta":{"footnotes":""},"categories":[59],"tags":[92,2500,30,28,29,14,83,82],"class_list":{"0":"post-115057","1":"post","2":"type-post","3":"status-publish","4":"format-standard","5":"has-post-thumbnail","7":"category-sport","8":"tag-fotball","9":"tag-kylian-mbappe","10":"tag-no","11":"tag-norge","12":"tag-norway","13":"tag-nyheter","14":"tag-sport","15":"tag-sports"},"share_on_mastodon":{"url":"https:\/\/pubeurope.com\/@no\/115731785549346828","error":""},"_links":{"self":[{"href":"https:\/\/www.europesays.com\/no\/wp-json\/wp\/v2\/posts\/115057","targetHints":{"allow":["GET"]}}],"collection":[{"href":"https:\/\/www.europesays.com\/no\/wp-json\/wp\/v2\/posts"}],"about":[{"href":"https:\/\/www.europesays.com\/no\/wp-json\/wp\/v2\/types\/post"}],"author":[{"embeddable":true,"href":"https:\/\/www.europesays.com\/no\/wp-json\/wp\/v2\/users\/2"}],"replies":[{"embeddable":true,"href":"https:\/\/www.europesays.com\/no\/wp-json\/wp\/v2\/comments?post=115057"}],"version-history":[{"count":0,"href":"https:\/\/www.europesays.com\/no\/wp-json\/wp\/v2\/posts\/115057\/revisions"}],"wp:featuredmedia":[{"embeddable":true,"href":"https:\/\/www.europesays.com\/no\/wp-json\/wp\/v2\/media\/115058"}],"wp:attachment":[{"href":"https:\/\/www.europesays.com\/no\/wp-json\/wp\/v2\/media?parent=115057"}],"wp:term":[{"taxonomy":"category","embeddable":true,"href":"https:\/\/www.europesays.com\/no\/wp-json\/wp\/v2\/categories?post=115057"},{"taxonomy":"post_tag","embeddable":true,"href":"https:\/\/www.europesays.com\/no\/wp-json\/wp\/v2\/tags?post=115057"}],"curies":[{"name":"wp","href":"https:\/\/api.w.org\/{rel}","templated":true}]}}