{"id":115059,"date":"2025-12-16T23:20:26","date_gmt":"2025-12-16T23:20:26","guid":{"rendered":"https:\/\/www.europesays.com\/no\/115059\/"},"modified":"2025-12-16T23:20:26","modified_gmt":"2025-12-16T23:20:26","slug":"haaland-vraket-pa-arets-lag","status":"publish","type":"post","link":"https:\/\/www.europesays.com\/no\/115059\/","title":{"rendered":"Haaland vraket p\u00e5 \u00e5rets lag"},"content":{"rendered":"\n<p>Paris Saint-Germain-stjernen Ousmane Demb\u00e9l\u00e9 og Barcelonas Aitana Bonmat\u00ed fikk priser som \u00e5rets beste spillere under Fifas \u00abThe Best\u00bb-galla i Doha.<\/p>\n<p>Begge to ble i september hedret med Ballon d&#8217;Or i Paris og kunne tirsdag juble igjen.<\/p>\n<p>Tre spillere var i finalefeltet om prisen. I tillegg til Dembel\u00e9 hadde Kylian Mbapp\u00e9 og Lamine Yamal h\u00e5p om \u00e5 g\u00e5 seirende ut.<\/p>\n<p>Alle tre fikk, i motsetning til Erling Braut Haaland, plass p\u00e5 \u00e5rets lag.<\/p>\n<p>Bonmati har herjet b\u00e5de for Barcelona og Spania de siste \u00e5rene. Midtbaneeleganten hjalp Barcelona til mesterligafinale og Spania til EM-finale tidligere i \u00e5r, men gikk tapende ut av begge kamper.<\/p>\n<p>Prestasjonene p\u00e5 banen har likevel gitt gjeve priser. Hun vant Gullballen for tredje \u00e5r p\u00e5 rad i september.<\/p>\n<p>\u00c5rets \u00abThe Best\u00bb-galla ble arrangert i Doha i forkant av finalen i den interkontinentale supercupen mellom PSG og brasilianske Flamengo. Den avvikles onsdag.<\/p>\n<p>Gianluigi Donnarumma ble k\u00e5ret til den beste m\u00e5lvakten p\u00e5 gallaen. Han hjalp i mai PSG til sin Champions League-tittelen. I sommer gjorde den italienske keeperkjempen overgang til Manchester City.<\/p>\n<p>Engelske Hannah Hampton fikk keeperprisen blant kvinnene etter \u00e5 ha st\u00e5tt som en vegg b\u00e5de for Chelsea og England sist sesong.<\/p>\n<p>PSGs Luis Enrique og Englands landslagssjef Sarina Wiegman fikk pris som \u00e5rets beste trenere.<\/p>\n<p>(\u00a9NTB)<\/p>\n","protected":false},"excerpt":{"rendered":"Paris Saint-Germain-stjernen Ousmane Demb\u00e9l\u00e9 og Barcelonas Aitana Bonmat\u00ed fikk priser som \u00e5rets beste spillere under Fifas \u00abThe Best\u00bb-galla&hellip;\n","protected":false},"author":2,"featured_media":115060,"comment_status":"","ping_status":"","sticky":false,"template":"","format":"standard","meta":{"footnotes":""},"categories":[59],"tags":[30,28,29,83,82],"class_list":{"0":"post-115059","1":"post","2":"type-post","3":"status-publish","4":"format-standard","5":"has-post-thumbnail","7":"category-sport","8":"tag-no","9":"tag-norge","10":"tag-norway","11":"tag-sport","12":"tag-sports"},"share_on_mastodon":{"url":"https:\/\/pubeurope.com\/@no\/115731812992157345","error":""},"_links":{"self":[{"href":"https:\/\/www.europesays.com\/no\/wp-json\/wp\/v2\/posts\/115059","targetHints":{"allow":["GET"]}}],"collection":[{"href":"https:\/\/www.europesays.com\/no\/wp-json\/wp\/v2\/posts"}],"about":[{"href":"https:\/\/www.europesays.com\/no\/wp-json\/wp\/v2\/types\/post"}],"author":[{"embeddable":true,"href":"https:\/\/www.europesays.com\/no\/wp-json\/wp\/v2\/users\/2"}],"replies":[{"embeddable":true,"href":"https:\/\/www.europesays.com\/no\/wp-json\/wp\/v2\/comments?post=115059"}],"version-history":[{"count":0,"href":"https:\/\/www.europesays.com\/no\/wp-json\/wp\/v2\/posts\/115059\/revisions"}],"wp:featuredmedia":[{"embeddable":true,"href":"https:\/\/www.europesays.com\/no\/wp-json\/wp\/v2\/media\/115060"}],"wp:attachment":[{"href":"https:\/\/www.europesays.com\/no\/wp-json\/wp\/v2\/media?parent=115059"}],"wp:term":[{"taxonomy":"category","embeddable":true,"href":"https:\/\/www.europesays.com\/no\/wp-json\/wp\/v2\/categories?post=115059"},{"taxonomy":"post_tag","embeddable":true,"href":"https:\/\/www.europesays.com\/no\/wp-json\/wp\/v2\/tags?post=115059"}],"curies":[{"name":"wp","href":"https:\/\/api.w.org\/{rel}","templated":true}]}}