{"id":115063,"date":"2025-12-16T23:33:10","date_gmt":"2025-12-16T23:33:10","guid":{"rendered":"https:\/\/www.europesays.com\/no\/115063\/"},"modified":"2025-12-16T23:33:10","modified_gmt":"2025-12-16T23:33:10","slug":"trump-har-en-alkoholikers-personlighet","status":"publish","type":"post","link":"https:\/\/www.europesays.com\/no\/115063\/","title":{"rendered":"Trump har en \u00abalkoholikers personlighet\u00bb"},"content":{"rendered":"\n<p class=\"_lead_o9xde_2 _lead_xtcu6_50 layout-component text-serif-m layout-normal text-serif-l layout-component layout-wide layout-padded _wide_17hqh_1 layout-padded\">N\u00e5 anklager hun magasinet Vanity Fair for \u00e5 ta sitater ut av konteksten.<\/p>\n<p><img alt=\"Donald Trumps stabssjef, Susie Wiles, hevder at hun er feilsitert, ute av kontekst, i et intervju med Vanity Fair.  Foto: Evan Vucci \/ AP \/ NTB\" class=\"_image_qp4xg_65 layout-component layout-wide\" data-fullscreen- data-track-element-type=\"Article image fullscreen\" data-track-name=\"ImageFullscreen\" fetchpriority=\"high\" decoding=\"sync\" loading=\"eager\" height=\"3416\" itemprop=\"image\"  src=\"https:\/\/www.europesays.com\/no\/wp-content\/uploads\/2025\/12\/af34d1fc-684c-4bbf-b125-df3d700a882c\"  style=\"object-position:0% 0%\" width=\"5124\"\/>Donald Trumps stabssjef, Susie Wiles, hevder at hun er feilsitert, ute av kontekst, i et intervju med Vanity Fair.  Foto: Evan Vucci \/ AP \/ NTB<\/p>\n<ul aria-hidden=\"true\" class=\"_images_ntbth_112\">\n<li><a class=\"_link_ntbth_117\" href=\"https:\/\/www.vg.no\/forfatter\/ntb\" style=\"z-index:1\" title=\"NTB\" rel=\"nofollow noopener\" target=\"_blank\"><img alt=\"Bilde av NTB\" class=\"_image_ntbth_93\" fetchpriority=\"low\" loading=\"lazy\" decoding=\"async\" itemprop=\"image\"  src=\"https:\/\/www.europesays.com\/no\/wp-content\/uploads\/2025\/12\/1765927989_71_c33980b0-5d07-4027-84a1-813f90a7c8d6\"  width=\"480\"\/><\/a><\/li>\n<\/ul>\n<p> Oppdatert tirsdag 16. desember kl. 22:48     <\/p>\n<p class=\"_paragraph_o9xde_4 _paragraph_xtcu6_10 layout-component text-serif-m layout-normal text-serif-m layout-padded\">Donald Trumps stabssjef Susie Wiles kom med en rekke kritiske utsagn om sjefen sin i <a href=\"https:\/\/www.vanityfair.com\/news\/story\/trump-susie-wiles-interview-exclusive-part-1\" class=\"_link_o9xde_39\" rel=\"nofollow noopener\" target=\"_blank\">Vanity Fair<\/a>. <\/p>\n<p class=\"_paragraph_o9xde_4 _paragraph_xtcu6_10 layout-component text-serif-m layout-normal text-serif-m layout-padded\">I intervjuet som er publisert i to deler, sier Wiles at avholdsmannen Trump har en \u00abalkoholikers personlighet\u00bb. <\/p>\n<p class=\"_paragraph_o9xde_4 _paragraph_xtcu6_10 layout-component text-serif-m layout-normal text-serif-m layout-padded\">Hun kaller ogs\u00e5 visepresident J.D. Vance konspirasjonsteoretiker og omtaler Elon Musk som en \u00abpussig and\u00bb og ketaminmisbruker.<\/p>\n<p class=\"_paragraph_o9xde_4 _paragraph_xtcu6_10 layout-component text-serif-m layout-normal text-serif-m layout-padded\">Hun sier ogs\u00e5 at Trump opererer i den tro at det \u00abikke er noe han ikke kan gj\u00f8re. Ingenting, null, ingenting\u00bb.<\/p>\n<p class=\"_paragraph_o9xde_4 _paragraph_xtcu6_10 layout-component text-serif-m layout-normal text-serif-m layout-padded\">N\u00e5r det gjelder Trumps Venezuela-strategi, sier hun at Trump vil fortsette \u00e5 sprenge b\u00e5ter i lufta til Maduro skriker \u00abJeg gir meg\u00bb. <\/p>\n<p class=\"_paragraph_o9xde_4 _paragraph_xtcu6_10 layout-component text-serif-m layout-normal text-serif-m layout-padded\">Hun mener ogs\u00e5 at Trump tror Putin vil ha hele Ukraina, selv om han likevel fortsetter \u00e5 jobbe for en fredsavtale. <\/p>\n<p class=\"_paragraph_o9xde_4 _paragraph_xtcu6_10 layout-component text-serif-m layout-normal text-serif-m layout-padded\">Om justisminister Pam Bondi sier hun at hun fullstendig forkludret h\u00e5ndteringen av Epstein-dokumentene, da hun f\u00f8rst sa hun skulle offentliggj\u00f8re dem, men s\u00e5 trakk seg da Trump nektet.<\/p>\n<p><img alt=\"Susie Wiles avbildet sammen med Pam Bondi.  Foto: MANDEL NGAN \/ AFP \/ NTB\" class=\"_image_qp4xg_65 layout-component layout-normal\" data-fullscreen- data-track-element-type=\"Article image fullscreen\" data-track-name=\"ImageFullscreen\" decoding=\"async\" loading=\"lazy\" height=\"2984\" itemprop=\"image\"  src=\"https:\/\/www.europesays.com\/no\/wp-content\/uploads\/2025\/12\/3c06183d-fe81-440b-a7de-e8dd3c43ddd5\"  style=\"object-position:0% 0%\" width=\"4480\"\/>Susie Wiles avbildet sammen med Pam Bondi.  Foto: MANDEL NGAN \/ AFP \/ NTB<\/p>\n<p class=\"_paragraph_o9xde_4 _paragraph_xtcu6_10 layout-component text-serif-m layout-normal text-serif-m layout-padded\">Om Trumps holdning til motstandere og kritikere sa hun:<\/p>\n<p class=\"_paragraph_o9xde_4 _paragraph_xtcu6_10 layout-component text-serif-m layout-normal text-serif-m layout-padded\">\u2013 Jeg tror ikke han v\u00e5kner hver dag og tenker p\u00e5 hevn. Men n\u00e5r anledningen er der, griper han den.<\/p>\n<p>Sier sitater er tatt ut av sammenhengen<\/p>\n<p class=\"_paragraph_o9xde_4 _paragraph_xtcu6_10 layout-component text-serif-m layout-normal text-serif-m layout-padded\">Men etter publiseringen av intervjuet slo hun tilbake mot Vanity Fair og beskyldte bladet for \u00e5 ta sitatene hennes ut av sin sammenheng. <\/p>\n<p class=\"_paragraph_o9xde_4 _paragraph_xtcu6_10 layout-component text-serif-m layout-normal text-serif-m layout-padded\">Hun kalte artikkelen et falskt slag mot henne og \u00abden beste presidenten, den beste staben i Det hvite hus og det beste kabinettet noensinne\u00bb.<\/p>\n<p><img alt=\"Susie Wiles har gjort et oppsiktsvekkende intervju med Vanity Fair.   Foto: Julia Demaree Nikhinson \/ AP \/ NTB\" class=\"_image_qp4xg_65 layout-component layout-normal\" data-fullscreen- data-track-element-type=\"Article image fullscreen\" data-track-name=\"ImageFullscreen\" decoding=\"async\" loading=\"lazy\" height=\"1336\" itemprop=\"image\"  src=\"https:\/\/www.europesays.com\/no\/wp-content\/uploads\/2025\/12\/e1b7fe2b-ceba-4398-b589-acd9e14f14d5\"  style=\"object-position:0% 0%\" width=\"2004\"\/>Susie Wiles har gjort et oppsiktsvekkende intervju med Vanity Fair.   Foto: Julia Demaree Nikhinson \/ AP \/ NTB<\/p>\n<p class=\"_paragraph_o9xde_4 _paragraph_xtcu6_10 layout-component text-serif-m layout-normal text-serif-m layout-padded\">\u2013 Etter \u00e5 ha lest det antar jeg at dette ble gjort for \u00e5 tegne et overveldende kaotisk og negativt bilde av presidenten og hans team, sier Wiles p\u00e5 <a href=\"https:\/\/x.com\/susiewiles\/status\/2000943061627548148?s=46\" class=\"_link_o9xde_39\" rel=\"nofollow\">X<\/a>.<\/p>\n<p class=\"_paragraph_o9xde_4 _paragraph_xtcu6_10 layout-component text-serif-m layout-normal text-serif-m layout-padded\">\u2013 Mye av sammenhengen er det sett bort fra, og mye av det jeg, og andre, sa om laget og presidenten, er utelatt fra saken, sier hun.<\/p>\n<p>Trump forsvarer henne<\/p>\n<p class=\"_paragraph_o9xde_4 _paragraph_xtcu6_10 layout-component text-serif-m layout-normal text-serif-m layout-padded\">Hun sier hun er enig med Trump om det meste, men ikke alt. Blant annet var hun kritisk til oppl\u00f8sningen av <a href=\"https:\/\/www.vg.no\/tag\/usa?utm_source=vg-article&amp;utm_medium=auto-tagger&amp;utm_campaign=rrLQGA\" class=\"_link_o9xde_39\" rel=\"nofollow noopener\" target=\"_blank\">USAs<\/a> bistandsdirektorat USAID.<\/p>\n<p class=\"_paragraph_o9xde_4 _paragraph_xtcu6_10 layout-component text-serif-m layout-normal text-serif-m layout-padded\">Vanity Fair sier at artiklene er basert p\u00e5 en rekke intervjuer med Wiles gjort av veteran-journalisten Chris Wipple over elleve forskjellige dager det siste \u00e5ret.<\/p>\n<p class=\"_paragraph_o9xde_4 _paragraph_xtcu6_10 layout-component text-serif-m layout-normal text-serif-m layout-padded\">Trass i de overraskende negative utsagnene forsvarte Trump henne.<\/p>\n<p class=\"_paragraph_o9xde_4 _paragraph_xtcu6_10 layout-component text-serif-m layout-normal text-serif-m layout-padded\">\u2013 Jeg har ikke lest det, men s\u00e5 leser jeg ikke Vanity Fair. Men hun har gjort en fantastisk jobb, sier han til New York Post.<\/p>\n","protected":false},"excerpt":{"rendered":"N\u00e5 anklager hun magasinet Vanity Fair for \u00e5 ta sitater ut av konteksten. Donald Trumps stabssjef, Susie Wiles,&hellip;\n","protected":false},"author":2,"featured_media":115064,"comment_status":"","ping_status":"","sticky":false,"template":"","format":"standard","meta":{"footnotes":""},"categories":[5],"tags":[20,21,55,24,25,15,19,22,23,17,18,13,30,28,29,14,16,26,27,50,13972],"class_list":{"0":"post-115063","1":"post","2":"type-post","3":"status-publish","4":"format-standard","5":"has-post-thumbnail","7":"category-overskrifter","8":"tag-breaking-news","9":"tag-breakingnews","10":"tag-donald-trump","11":"tag-featured-news","12":"tag-featurednews","13":"tag-headlines","14":"tag-hovedoppslag","15":"tag-latest-news","16":"tag-latestnews","17":"tag-main-news","18":"tag-mainnews","19":"tag-news","20":"tag-no","21":"tag-norge","22":"tag-norway","23":"tag-nyheter","24":"tag-overskrifter","25":"tag-top-stories","26":"tag-topstories","27":"tag-usa","28":"tag-vanity-fair"},"share_on_mastodon":{"url":"https:\/\/pubeurope.com\/@no\/115731864411158995","error":""},"_links":{"self":[{"href":"https:\/\/www.europesays.com\/no\/wp-json\/wp\/v2\/posts\/115063","targetHints":{"allow":["GET"]}}],"collection":[{"href":"https:\/\/www.europesays.com\/no\/wp-json\/wp\/v2\/posts"}],"about":[{"href":"https:\/\/www.europesays.com\/no\/wp-json\/wp\/v2\/types\/post"}],"author":[{"embeddable":true,"href":"https:\/\/www.europesays.com\/no\/wp-json\/wp\/v2\/users\/2"}],"replies":[{"embeddable":true,"href":"https:\/\/www.europesays.com\/no\/wp-json\/wp\/v2\/comments?post=115063"}],"version-history":[{"count":0,"href":"https:\/\/www.europesays.com\/no\/wp-json\/wp\/v2\/posts\/115063\/revisions"}],"wp:featuredmedia":[{"embeddable":true,"href":"https:\/\/www.europesays.com\/no\/wp-json\/wp\/v2\/media\/115064"}],"wp:attachment":[{"href":"https:\/\/www.europesays.com\/no\/wp-json\/wp\/v2\/media?parent=115063"}],"wp:term":[{"taxonomy":"category","embeddable":true,"href":"https:\/\/www.europesays.com\/no\/wp-json\/wp\/v2\/categories?post=115063"},{"taxonomy":"post_tag","embeddable":true,"href":"https:\/\/www.europesays.com\/no\/wp-json\/wp\/v2\/tags?post=115063"}],"curies":[{"name":"wp","href":"https:\/\/api.w.org\/{rel}","templated":true}]}}