{"id":115065,"date":"2025-12-16T23:40:19","date_gmt":"2025-12-16T23:40:19","guid":{"rendered":"https:\/\/www.europesays.com\/no\/115065\/"},"modified":"2025-12-16T23:40:19","modified_gmt":"2025-12-16T23:40:19","slug":"kjendiser-ankommer-den-rode-loperen-i-oslo","status":"publish","type":"post","link":"https:\/\/www.europesays.com\/no\/115065\/","title":{"rendered":"Kjendiser ankommer den r\u00f8de l\u00f8peren i Oslo"},"content":{"rendered":"<p>I kveld er den r\u00f8de l\u00f8peren rullet ut i anledning Subjektprisen 2025.\u00a0<\/p>\n<p> Dette er den \u00e5ttende gangen prisen finner sted og totalt ni priser blir delt ut.\u00a0<\/p>\n<p>    <a itemprop=\"url\" href=\"https:\/\/www.dagbladet.no\/kjendis\/det-er-skandalost\/83983076\" rel=\"nofollow noopener\" target=\"_blank\"><\/p>\n<p>        <img loading=\"lazy\" decoding=\"async\" src=\"https:\/\/www.europesays.com\/no\/wp-content\/uploads\/2025\/12\/1765928409_927_83983377.webp\" width=\"980\" height=\"441\" title=\"- Det er skandal\u00f8st\" alt=\"\" class=\"lazyload\" style=\"--aspect-ratio-image: 2.22; \"\/><\/p>\n<p>        &#8211; Det er skandal\u00f8st<\/p>\n<p>    <\/a><\/p>\n<p class=\"italic m-italic\" data-lab-italic=\"italic\">Se alle prisene og nominasjonene nederst i saken!<\/p>\n<p>Flere kjente fjes har m\u00f8tt opp for \u00e5 delta p\u00e5 prisutdelinga, og den f\u00f8rste som Dagbladet sl\u00e5r av en prat med er sjefredakt\u00f8r i Subjekt, Danby Choi (32).\u00a0<\/p>\n<p>        <img loading=\"lazy\" decoding=\"async\" src=\"https:\/\/www.europesays.com\/no\/wp-content\/uploads\/2025\/12\/83994258.webp\" width=\"686\" height=\"1029\" title=\"SJEFSREDAKT\u00d8R: Danby Choi er sjefsredakt\u00f8r i Subjekt, her p\u00e5 r\u00f8d l\u00f8per til Subjektprisen. Foto: Shad Madian\" alt=\"\" class=\"\" style=\"--aspect-ratio-image: 0.67; \"\/><\/p>\n<p>\n        SJEFSREDAKT\u00d8R: Danby Choi er sjefsredakt\u00f8r i Subjekt, her p\u00e5 r\u00f8d l\u00f8per til Subjektprisen. Foto: Shad Madian\n    <\/p>\n<p>De seineste ukene har han v\u00e6rt \u00e5 se p\u00e5 TV-skjermen i \u00abSkal vi danse\u00bb, men forrige uke ble det klart at han m\u00e5tte forlate programmet.<\/p>\n<p>Overfor Dagbladet forteller Choi at han n\u00e5 er klar for \u00e5 slippe seg l\u00f8s etter \u00e5 ha holdt seg edru i forbindelse med dansekonkurransen.\u00a0<\/p>\n<p>Med seg p\u00e5 l\u00f8peren har han ogs\u00e5 tidligere dansepartner Norunn Ringvoll (24), og de er enige om at det er en velfortjent trio som skal kjempe om seieren i \u00abSkal vi danse\u00bb.\u00a0<\/p>\n<p>        <img loading=\"lazy\" decoding=\"async\" src=\"https:\/\/www.europesays.com\/no\/wp-content\/uploads\/2025\/12\/83994314.webp\" width=\"686\" height=\"1029\" title=\"DANSEPARTNEREN: Danby Choi kom med dansepartner Norunn Ringvoll fra \u00abSkal vi danse.\u00bb Foto: Shad Madian\" alt=\"\" class=\"\" style=\"--aspect-ratio-image: 0.67; \"\/><\/p>\n<p>\n        DANSEPARTNEREN: Danby Choi kom med dansepartner Norunn Ringvoll fra \u00abSkal vi danse.\u00bb Foto: Shad Madian\n    <\/p>\n<p>&#8211; Den cha chaen til Tale var helt syk. Jeg elsker Viggo og Tiril er r\u00e5, forteller Danby.\u00a0<\/p>\n<p>Ringvoll r\u00f8per at planene for finalen er \u00e5 heie, og til tross for at duoen ikke lenger f\u00e5r svinge seg p\u00e5 parketten selv, ser hun ikke bort ifra at det blir litt dansing i l\u00f8pet av kvelden.\u00a0<\/p>\n<p>Hun legger heller ikke skjul p\u00e5 at det er trist \u00e5 ikke f\u00e5 delta i finalen.\u00a0<\/p>\n<p> &#8211; Jeg hadde en sykt fin kjole jeg gledet meg til \u00e5 bruke, men det fikk jeg ikke tid til , forteller hun videre til Dagbladet.\u00a0<\/p>\n<p> Snorre Klanderud er nominert i kategorien \u00c5rets film og TV sammen med influenserne i Gutta.\u00a0<\/p>\n<p>        <img loading=\"lazy\" decoding=\"async\" src=\"https:\/\/www.europesays.com\/no\/wp-content\/uploads\/2025\/12\/83994266.webp\" width=\"686\" height=\"1029\" title=\"NEW YORK: Snorre Klanderud skal p\u00e5 juleferie med sin kj\u00e6reste til New York. Foto: Shad Madian\" alt=\"\" class=\"\" style=\"--aspect-ratio-image: 0.67; \"\/><\/p>\n<p>\n        NEW YORK: Snorre Klanderud skal p\u00e5 juleferie med sin kj\u00e6reste til New York. Foto: Shad Madian\n    <\/p>\n<p>Til Dagbladet forteller han at juleplanene er en kj\u00e6restetur til New York.\u00a0<\/p>\n<p>Halvor Bjune (24) er ogs\u00e5 p\u00e5 plass p\u00e5 den r\u00f8de l\u00f8peren, og i kveld skal han f\u00e5 \u00e6ren av \u00e5 dele ut pris for \u00e5rets scenekunst.\u00a0<\/p>\n<p>        <img loading=\"lazy\" decoding=\"async\" src=\"https:\/\/www.europesays.com\/no\/wp-content\/uploads\/2025\/12\/83994276.webp\" width=\"667\" height=\"1001\" title=\"NERV\u00d8S: Halvor Bjune har f\u00e5tt \u00e6ren av \u00e5 dele ut pris. Foto: Shad Madian\" alt=\"\" class=\"\" style=\"--aspect-ratio-image: 0.67; \"\/><\/p>\n<p>\n        NERV\u00d8S: Halvor Bjune har f\u00e5tt \u00e6ren av \u00e5 dele ut pris. Foto: Shad Madian\n    <\/p>\n<p>&#8211; Jeg er veldig nerv\u00f8s for \u00e5 dele ut prisen, innr\u00f8mmer han til Dagbladet.<\/p>\n<p>En annen som skal dele ut pris er rapperen Kevin Lauren (37).<\/p>\n<p>        <img loading=\"lazy\" decoding=\"async\" src=\"https:\/\/www.europesays.com\/no\/wp-content\/uploads\/2025\/12\/83994300.webp\" width=\"686\" height=\"1029\" title=\"TIDLIGERE DEBATTLEDER: Fredrik Solvang her sammen med rapperen Kevin Lauren. Foto: Shad Madian\" alt=\"\" class=\"\" style=\"--aspect-ratio-image: 0.67; \"\/><\/p>\n<p>\n        TIDLIGERE DEBATTLEDER: Fredrik Solvang her sammen med rapperen Kevin Lauren. Foto: Shad Madian\n    <\/p>\n<p class=\"font-weight-normal m-font-weight-normal\" data-lab-font_weight=\"font-weight-normal\">Han byttet navn i januar til Kevin Jamal Lauren.\u00a0<\/p>\n<p class=\"font-weight-normal m-font-weight-normal\" data-lab-font_weight=\"font-weight-normal\">&#8211; Jeg har f\u00e5tt alt nytt legitimasjon. Grunnen til at jeg byttet navn er fordi det reflekterer den jeg er, jeg er multikulturell, forteller Lauren til han.\u00a0<\/p>\n<p class=\"font-weight-normal m-font-weight-normal\" data-lab-font_weight=\"font-weight-normal\"> Den tidligere finansministeren Trygve Slagvold Vedum (47) har ogs\u00e5 f\u00e5tt \u00e6ren av \u00e5 dele ut prisen for \u00e5rets musikkutgivelse.\u00a0<\/p>\n<p>        <img loading=\"lazy\" decoding=\"async\" src=\"https:\/\/www.europesays.com\/no\/wp-content\/uploads\/2025\/12\/83994332.webp\" width=\"686\" height=\"1029\" title=\"TIDLIGERE FINANSMINISTER: Trygve Slagvold Vedum. Foto: Shad Madian\" alt=\"\" class=\"\" style=\"--aspect-ratio-image: 0.67; \"\/><\/p>\n<p>\n        TIDLIGERE FINANSMINISTER: Trygve Slagvold Vedum. Foto: Shad Madian\n    <\/p>\n<p> Se bildene fra prisutdelinga her: <\/p>\n<p>        <img loading=\"lazy\" decoding=\"async\" src=\"https:\/\/www.europesays.com\/no\/wp-content\/uploads\/2025\/12\/83994666.webp\" width=\"667\" height=\"908\" title=\"P\u00c5 PLASS: Elias Omberg er influenser. Foto: Shad Madian\" alt=\"\" class=\"\" style=\"--aspect-ratio-image: 0.73; \"\/><\/p>\n<p>\n        P\u00c5 PLASS: Elias Omberg er influenser. Foto: Shad Madian\n    <\/p>\n<p>        <img loading=\"lazy\" decoding=\"async\" src=\"https:\/\/www.europesays.com\/no\/wp-content\/uploads\/2025\/12\/83994564.webp\" width=\"667\" height=\"834\" title=\"JOURNALIST: Heritier Mufano Rutikanga i gr\u00e5 dress, her sammen med vennegjengen. Foto: Shad Madian\" alt=\"\" class=\"\" style=\"--aspect-ratio-image: 0.80; \"\/><\/p>\n<p>\n        JOURNALIST: Heritier Mufano Rutikanga i gr\u00e5 dress, her sammen med vennegjengen. Foto: Shad Madian\n    <\/p>\n<p>        <img loading=\"lazy\" decoding=\"async\" src=\"https:\/\/www.europesays.com\/no\/wp-content\/uploads\/2025\/12\/83994278.webp\" width=\"686\" height=\"831\" title=\"AKTIVIST: Amrit Pernille Kaur Sandhu er aktivist og DJ. Foto: Shad Madian\" alt=\"\" class=\"\" style=\"--aspect-ratio-image: 0.83; \"\/><\/p>\n<p>\n        AKTIVIST: Amrit Pernille Kaur Sandhu er aktivist og DJ. Foto: Shad Madian\n    <\/p>\n<p>        <img loading=\"lazy\" decoding=\"async\" src=\"https:\/\/www.europesays.com\/no\/wp-content\/uploads\/2025\/12\/83994264.webp\" width=\"667\" height=\"761\" title=\"JURIST OG JOURNALIST: Benedikte Moltumyr H\u00f8gberg i midten. Foto: Shad Madian\" alt=\"\" class=\"\" style=\"--aspect-ratio-image: 0.88; \"\/><\/p>\n<p>\n        JURIST OG JOURNALIST: Benedikte Moltumyr H\u00f8gberg i midten. Foto: Shad Madian\n    <\/p>\n<p>    Disse prisene vil blir delt ut<\/p>\n<p class=\"font-weight-bold m-font-weight-bold\" data-lab-font_weight=\"font-weight-bold\">\u00c5rets utstilling<\/p>\n<ul>\n<li class=\"lab-bodytext-line\">\u00abGothic Modern\u00bb p\u00e5 Nasjonalmuseet<\/li>\n<li class=\"lab-bodytext-line font-weight-normal m-font-weight-normal\" data-lab-font_weight=\"font-weight-normal\">Kira Wager p\u00e5 Galleri K<\/li>\n<li class=\"lab-bodytext-line\">\u00abMoon Bag\u00bb av Tori Wr\u00e5nes p\u00e5 Bergen kunsthall<\/li>\n<li class=\"lab-bodytext-line\">\u00abPostkort fra framtida\u00bb p\u00e5 Pomo<\/li>\n<li class=\"lab-bodytext-line\">\u00abStrategier mot rinnande \u00f8yne\u00bb p\u00e5 LNM<\/li>\n<\/ul>\n<p class=\"font-weight-bold m-font-weight-bold\" data-lab-font_weight=\"font-weight-bold\">\u00c5rets litteratur<\/p>\n<ul>\n<li class=\"lab-bodytext-line\">\u00abBarnet er som sk\u00e5ret ut av tung silke\u00bb av Ingvild Lothe p\u00e5 Kolon forlag<\/li>\n<li class=\"lab-bodytext-line\">\u00abBlodbank\u00bb av Sarah Zahid p\u00e5 Flamme forlag<\/li>\n<li class=\"lab-bodytext-line\">\u00abDoggerland\u00bb av Agnes Ravatn p\u00e5 Samlaget<\/li>\n<li class=\"lab-bodytext-line\">\u00abGater jeg har levd\u00bb av Nikolai Torgersen p\u00e5 Aschehoug<\/li>\n<li class=\"lab-bodytext-line\">\u00abGj\u00f8r Norge greit igjen\u00bb av M\u00edmir Kristj\u00e1nsson p\u00e5 Kagge forlag<\/li>\n<li class=\"lab-bodytext-line\">\u00abNerdrum som oppdrager\u00bb av Einar Duenger B\u00f8hn p\u00e5 Cappelen Damm<\/li>\n<\/ul>\n<p>\u00c5rets musikkutgivelse<\/p>\n<ul>\n<li>\u00abAntiphon of Dirty Water\u00bb av Nothing Personal<\/li>\n<li>\u00abBig City Life\u00bb av Smerz<\/li>\n<li>\u00abValget \u00e5 g\u00e5, og vi gikk\u00bb av Ari Bajgora<\/li>\n<li>\u00abSinekyre 3\u00bb av Cezinando<\/li>\n<li>\u00abSoft Spot\u00bb av Honningbarna<\/li>\n<\/ul>\n<p class=\"font-weight-bold m-font-weight-bold\" data-lab-font_weight=\"font-weight-bold\">\u00c5rest film og tv<\/p>\n<ul>\n<li class=\"lab-bodytext-line\">\u00a0Guttas valgkampsending av Gutta Sprut AS<\/li>\n<li class=\"lab-bodytext-line\">\u00abHvor blir det av penga?\u00bb av Sindre Wiig Nordby<\/li>\n<li class=\"lab-bodytext-line\">\u00abKj\u00e6rlighet\u00bb av Dag Johan Haugerud p\u00e5 Motlys AS<\/li>\n<li class=\"lab-bodytext-line\">\u00abNo other land\u00bb av B\u00e5rd Kj\u00f8ge R\u00f8nning og Fabien Greenberg mfl. p\u00e5 Antipode Films<\/li>\n<li class=\"lab-bodytext-line\">\u00abTre fedre\u00bb av Even G. Benestad og August B. Hanssen p\u00e5 Indie Film<\/li>\n<li class=\"lab-bodytext-line\">\u00ab\u00d8lhunden Berit\u00bb p\u00e5 Maipo film og NRK<\/li>\n<\/ul>\n<p class=\"font-weight-bold m-font-weight-bold\" data-lab-font_weight=\"font-weight-bold\">\u00c5rets scenekunst<\/p>\n<ul>\n<li class=\"lab-bodytext-line\">\u00abEt sted \u00e5 v\u00e6re\u00bb av Rudolf Terland Bj\u00f8rnerem og Simen Formo Hay p\u00e5 =Oslospel<\/li>\n<li class=\"lab-bodytext-line\">\u00abEugen Onegin\u00bb av Christof Loy p\u00e5 Den norske opera og ballett<\/li>\n<li class=\"lab-bodytext-line\">\u00abEuropavisjonar\u00bb av Simen Formo Hay, Johan Hveem Maurud og Oda Radoor p\u00e5 Det norske teateret.\u00a0<\/li>\n<\/ul>\n<p> \u00c5rets mat og drikke <\/p>\n<ul>\n<li class=\"lab-bodytext-line\"> Duken\u00a0<\/li>\n<li class=\"lab-bodytext-line\">Grotto\u00a0<\/li>\n<li class=\"lab-bodytext-line\">Little Wolf\u00a0<\/li>\n<li class=\"lab-bodytext-line\">Sparta vinbar\u00a0<\/li>\n<li class=\"lab-bodytext-line\">Tabuno <\/li>\n<\/ul>\n<p class=\"font-weight-bold m-font-weight-bold\" data-lab-font_weight=\"font-weight-bold\">\u00c5rets kunstner<\/p>\n<ul>\n<li> A. K. Dolven\u00a0<\/li>\n<li>Finn Adrian Jorkjen\u00a0<\/li>\n<li>Johanna Hoffsten\u00a0<\/li>\n<li>Simen Formo Hay\u00a0<\/li>\n<li>Steinar Haga Kristensen <\/li>\n<\/ul>\n<p class=\"font-weight-bold m-font-weight-bold\" data-lab-font_weight=\"font-weight-bold\">\u00c5rets stemme<\/p>\n<ul>\n<li>Bernhard Ellefsen<\/li>\n<li>Kjetil Rolness<\/li>\n<li>Sigrid Bratlie<\/li>\n<li>Snorre Rein<\/li>\n<li>Thorbj\u00f8rn R\u00f8e Isaksen<\/li>\n<\/ul>\n<p class=\"font-weight-bold m-font-weight-bold\" data-lab-font_weight=\"font-weight-bold\"> \u00c5rets subjekt <\/p>\n<ul>\n<li>Benedikte Moltumyr H\u00f8gberg\u00a0<\/li>\n<li>Fredrik Solvang\u00a0<\/li>\n<li>Fr\u00f8ya Sjurs\u00e6ther\u00a0<\/li>\n<li>Ingrid Olina Hovland\u00a0<\/li>\n<li>Martin Bech Holte<\/li>\n<\/ul>\n<p>      Vis mer<br \/>\n      Vis mindre<\/p>\n<p class=\"font-weight-bold m-font-weight-bold\" data-lab-font_weight=\"font-weight-bold\">Her er vinnerne av Subjektprisen 2025:\u00a0<\/p>\n<p>\u00c5rets utstilling: \u00abPostkort fra framtida\u00bb p\u00e5 Pomo.<\/p>\n<p>\u00c5rets litteratur: \u00abGater jeg har levd\u00bb av Nikolai Torgersen.\u00a0<\/p>\n<p>\u00c5rets film og tv: \u00abHvor blir det av penga?\u00bb av Sindre Wiig Nordby<\/p>\n<p>\u00c5rets scenekunst: \u00abEt sted \u00e5 v\u00e6re\u00bb av Rudolf Terland Bj\u00f8rnerem og Simen Formo Hay p\u00e5 =Oslospel<\/p>\n<p>\u00c5rets mat og drikke: Sparta vinbar\u00a0<\/p>\n<p>\u00c5rets musikkutgivelse: \u00abValget \u00e5 g\u00e5, og vi gikk\u00bb av Ari Bajgora<\/p>\n<p>\u00c5rets kunstner: Johanna Hoffsten<\/p>\n<p>\u00c5rets stemme: Kjetil Rolness<\/p>\n<p>\u00c5rets subjekt: Ingrid Olina Hovland<\/p>\n","protected":false},"excerpt":{"rendered":"I kveld er den r\u00f8de l\u00f8peren rullet ut i anledning Subjektprisen 2025.\u00a0 Dette er den \u00e5ttende gangen prisen&hellip;\n","protected":false},"author":2,"featured_media":115066,"comment_status":"","ping_status":"","sticky":false,"template":"","format":"standard","meta":{"footnotes":""},"categories":[5],"tags":[20,21,2077,24,25,13973,15,19,479,22,23,17,18,13,30,28,13725,29,14,16,5825,8488,13974,26,27],"class_list":{"0":"post-115065","1":"post","2":"type-post","3":"status-publish","4":"format-standard","5":"has-post-thumbnail","7":"category-overskrifter","8":"tag-breaking-news","9":"tag-breakingnews","10":"tag-danby-choi","11":"tag-featured-news","12":"tag-featurednews","13":"tag-gutta","14":"tag-headlines","15":"tag-hovedoppslag","16":"tag-kjendis","17":"tag-latest-news","18":"tag-latestnews","19":"tag-main-news","20":"tag-mainnews","21":"tag-news","22":"tag-no","23":"tag-norge","24":"tag-norunn-ringvoll","25":"tag-norway","26":"tag-nyheter","27":"tag-overskrifter","28":"tag-rod-loper","29":"tag-subjekt","30":"tag-subjektprisen","31":"tag-top-stories","32":"tag-topstories"},"share_on_mastodon":{"url":"https:\/\/pubeurope.com\/@no\/115731892008724013","error":""},"_links":{"self":[{"href":"https:\/\/www.europesays.com\/no\/wp-json\/wp\/v2\/posts\/115065","targetHints":{"allow":["GET"]}}],"collection":[{"href":"https:\/\/www.europesays.com\/no\/wp-json\/wp\/v2\/posts"}],"about":[{"href":"https:\/\/www.europesays.com\/no\/wp-json\/wp\/v2\/types\/post"}],"author":[{"embeddable":true,"href":"https:\/\/www.europesays.com\/no\/wp-json\/wp\/v2\/users\/2"}],"replies":[{"embeddable":true,"href":"https:\/\/www.europesays.com\/no\/wp-json\/wp\/v2\/comments?post=115065"}],"version-history":[{"count":0,"href":"https:\/\/www.europesays.com\/no\/wp-json\/wp\/v2\/posts\/115065\/revisions"}],"wp:featuredmedia":[{"embeddable":true,"href":"https:\/\/www.europesays.com\/no\/wp-json\/wp\/v2\/media\/115066"}],"wp:attachment":[{"href":"https:\/\/www.europesays.com\/no\/wp-json\/wp\/v2\/media?parent=115065"}],"wp:term":[{"taxonomy":"category","embeddable":true,"href":"https:\/\/www.europesays.com\/no\/wp-json\/wp\/v2\/categories?post=115065"},{"taxonomy":"post_tag","embeddable":true,"href":"https:\/\/www.europesays.com\/no\/wp-json\/wp\/v2\/tags?post=115065"}],"curies":[{"name":"wp","href":"https:\/\/api.w.org\/{rel}","templated":true}]}}