{"id":115075,"date":"2025-12-17T00:43:08","date_gmt":"2025-12-17T00:43:08","guid":{"rendered":"https:\/\/www.europesays.com\/no\/115075\/"},"modified":"2025-12-17T00:43:08","modified_gmt":"2025-12-17T00:43:08","slug":"ny-undersokelse-bekrefter-andelig-apenhet-blant-unge","status":"publish","type":"post","link":"https:\/\/www.europesays.com\/no\/115075\/","title":{"rendered":"Ny unders\u00f8kelse bekrefter \u00e5ndelig \u00e5penhet blant unge"},"content":{"rendered":"<p>\n        STUDENT: Bildet er fra Studentforum i Trondheim i 2019.<br \/>\n        Johanna Hundvin Almelid\n    <\/p>\n<p>    \u00abJeg tror ikke enn\u00e5\u00bb. Generalsekret\u00e6ren i Laget har h\u00f8rt det fra flere. Selv ber hun for fem unge som har gitt Gud en sjanse og blitt med i bibelgruppe.\u00a0<\/p>\n<p>Dagens studenter er i \u00f8kende grad \u00e5ndelig \u00e5pne og er mer villig enn foreldrene til \u00e5 endre sin \u00e5ndelige overbevisning.<\/p>\n<p>Det er ett av funnene i <a href=\"https:\/\/ifesworld.org\/en\/gen-z-insights\/\" rel=\"nofollow noopener\" target=\"_blank\">en ny unders\u00f8kelse i regi av Den internasjonale lagsbevegelsen (IFES).<\/a><\/p>\n<p>Rapporten bygger p\u00e5 intervjuer med studenter, ansatte og ledere fra ulike deler av IFES-nettverket.\u00a0<\/p>\n","protected":false},"excerpt":{"rendered":"STUDENT: Bildet er fra Studentforum i Trondheim i 2019. Johanna Hundvin Almelid \u00abJeg tror ikke enn\u00e5\u00bb. Generalsekret\u00e6ren i&hellip;\n","protected":false},"author":2,"featured_media":115076,"comment_status":"","ping_status":"","sticky":false,"template":"","format":"standard","meta":{"footnotes":""},"categories":[12],"tags":[20,21,24,25,15,22,23,13,30,28,29,14,16,26,27,42,43,44,45],"class_list":{"0":"post-115075","1":"post","2":"type-post","3":"status-publish","4":"format-standard","5":"has-post-thumbnail","7":"category-verden","8":"tag-breaking-news","9":"tag-breakingnews","10":"tag-featured-news","11":"tag-featurednews","12":"tag-headlines","13":"tag-latest-news","14":"tag-latestnews","15":"tag-news","16":"tag-no","17":"tag-norge","18":"tag-norway","19":"tag-nyheter","20":"tag-overskrifter","21":"tag-top-stories","22":"tag-topstories","23":"tag-verden","24":"tag-world","25":"tag-world-news","26":"tag-worldnews"},"share_on_mastodon":{"url":"https:\/\/pubeurope.com\/@no\/115732139408533575","error":""},"_links":{"self":[{"href":"https:\/\/www.europesays.com\/no\/wp-json\/wp\/v2\/posts\/115075","targetHints":{"allow":["GET"]}}],"collection":[{"href":"https:\/\/www.europesays.com\/no\/wp-json\/wp\/v2\/posts"}],"about":[{"href":"https:\/\/www.europesays.com\/no\/wp-json\/wp\/v2\/types\/post"}],"author":[{"embeddable":true,"href":"https:\/\/www.europesays.com\/no\/wp-json\/wp\/v2\/users\/2"}],"replies":[{"embeddable":true,"href":"https:\/\/www.europesays.com\/no\/wp-json\/wp\/v2\/comments?post=115075"}],"version-history":[{"count":0,"href":"https:\/\/www.europesays.com\/no\/wp-json\/wp\/v2\/posts\/115075\/revisions"}],"wp:featuredmedia":[{"embeddable":true,"href":"https:\/\/www.europesays.com\/no\/wp-json\/wp\/v2\/media\/115076"}],"wp:attachment":[{"href":"https:\/\/www.europesays.com\/no\/wp-json\/wp\/v2\/media?parent=115075"}],"wp:term":[{"taxonomy":"category","embeddable":true,"href":"https:\/\/www.europesays.com\/no\/wp-json\/wp\/v2\/categories?post=115075"},{"taxonomy":"post_tag","embeddable":true,"href":"https:\/\/www.europesays.com\/no\/wp-json\/wp\/v2\/tags?post=115075"}],"curies":[{"name":"wp","href":"https:\/\/api.w.org\/{rel}","templated":true}]}}