{"id":115077,"date":"2025-12-17T00:45:33","date_gmt":"2025-12-17T00:45:33","guid":{"rendered":"https:\/\/www.europesays.com\/no\/115077\/"},"modified":"2025-12-17T00:45:33","modified_gmt":"2025-12-17T00:45:33","slug":"dragkamp-om-oljeerstatning","status":"publish","type":"post","link":"https:\/\/www.europesays.com\/no\/115077\/","title":{"rendered":"Dragkamp om oljeerstatning"},"content":{"rendered":"<p>  Tirsdag skal Stortinget stemme over en erstatningsordning for oljepionerene. I kveld, bare timer f\u00f8r avsteminingen, er det kamp om hvor stor erstatning de skal f\u00e5.\u00a0<\/p>\n<p>\n    FARLIG ARBEID: Tankskip laster olje fra lasteb\u00f8ye p\u00e5 Statfjordfeltet, som er Nordsj\u00f8ens st\u00f8rste oljefelt, sommeren 1984. I morgen kan Stortinget vedta erstatning til oljepionerene som ble skadet av jobben i Nordsj\u00f8en mellom 1966 og 1990. Foto: Foto: Henrik Laurvik \/ NTB\n  <\/p>\n<p>Stortinget h\u00e5per tirsdag \u00e5 vedta en kompensasjonsordning for oljepionerene.\u00a0<\/p>\n<p>Men bare timer f\u00f8r avstemningen i Stortingssalen er det fortsatt en dragkamp mellom partiene om hvor mye penger oljepionerene skal f\u00e5.<\/p>\n<p>I\u00a0<a href=\"https:\/\/stortinget.no\/no\/Saker-og-publikasjoner\/Publikasjoner\/Innstillinger\/Stortinget\/2025-2026\/inns-202526-053l\/?m=2&amp;c=False\" rel=\"nofollow noopener\" target=\"_blank\">innstillingen fra Arbeids- og sosialkomiteen p\u00e5 Stortinget<\/a>\u00a0foresl\u00e5s det at oljepionerene, som har f\u00e5tt varige skader av arbeidet, skal kompenseres med 8G &#8211; i overkant av \u00e9n million kroner.\u00a0<\/p>\n<p>Frp og SV \u00f8nsker at Stortinget skal vedta en st\u00f8rre kompensasjon allerede i morgen. De fremmer forslag om at kompensasjonen skal settes til 65G (i dag rundt 8,5 millioner kroner).\u00a0<\/p>\n<p>Ogs\u00e5 R\u00f8dt vil stemme for dette forslaget, opplyser partileder Marie Sneve Martinussen til Dagbladet.\u00a0<\/p>\n<p>Helt i det bl\u00e5\t<\/p>\n<p>Dagbladet f\u00e5r opplyst av kilder tett p\u00e5 prosessen at Arbeiderpartiet n\u00e5 jobber for \u00e5 f\u00e5 MDG og Senterpartiet til\u00a0ikke\u00a0\u00e5 st\u00f8tte forslaget om \u00e5 gi oljepionerene en erstatning p\u00e5 65G n\u00e5.<\/p>\n<p>Ap mener at hvis Sp og MDG stiller seg bak dette, vil det kunne g\u00e5 ut over partienes handlingsrom i seinere budsjettforhandlinger.<\/p>\n<p class=\"font-weight-bold m-font-weight-bold\" data-lab-font_weight=\"font-weight-bold\">Hvor dette lander er fortsatt i det bl\u00e5 mandag kveld:<\/p>\n<p>Senterpartiet opplyser til Dagbladet at de selv jobber med \u00e5 sikre et stortingsflertall for et eget forslag som inneb\u00e6rer en h\u00f8yere erstatning enn \u00e5tte G.<\/p>\n<p>Det har ikke lykkes Dagbladet \u00e5 ta rede p\u00e5 hvor MDG lander i saken.\u00a0<\/p>\n<p>    <a itemprop=\"url\" href=\"https:\/\/borsen.dagbladet.no\/nyheter\/foler-seg-hengt-ut-tarene-rant\/82072922\" rel=\"nofollow noopener\" target=\"_blank\"><\/p>\n<p>        <img loading=\"lazy\" decoding=\"async\" src=\"https:\/\/www.europesays.com\/no\/wp-content\/uploads\/2025\/12\/1765932330_792_82073810.webp\" width=\"980\" height=\"441\" title=\"F\u00f8ler seg hengt ut: - T\u00e5rene rant\" alt=\"\" class=\"lazyload\" style=\"--aspect-ratio-image: 2.22; \"\/><\/p>\n<p>        F\u00f8ler seg hengt ut: &#8211; T\u00e5rene rant<\/p>\n<p>    <\/a><\/p>\n<p>T\u00f8r ikke sp\u00e5\t<\/p>\n<p>&#8211; Vi \u00f8nsker et flertall for loven i morgen. Blir det en votering uten flertall, blir det bare mer venting for denne gruppa, sier Per Vidar Kj\u00f8lmoen (Ap) som var saksordf\u00f8rer for saken i Arbeids- og sosialkomiteen.\u00a0<\/p>\n<p>Han mener det er betenkelig at Frp og SV er villige til \u00e5 bruke milliarder av kroner p\u00e5 en sak de selv ikke har prioritert i sine alternative statsbudsjett.\u00a0<\/p>\n<p>&#8211; Skal erstatningen settes til 65G blir det snakk om milliardbel\u00f8p. Jeg synes det er betenkelig at SV og Frp g\u00e5r s\u00e5 h\u00f8yt uten at de er villige til \u00e5 vise prioriteringene i sine alternative statsbudsjett, sier Kj\u00f8lmoen.\u00a0<\/p>\n<p>    <a itemprop=\"url\" href=\"https:\/\/www.dagbladet.no\/nyheter\/raser-en-fot-i-grava\/82187939\" rel=\"nofollow noopener\" target=\"_blank\"><\/p>\n<p>        <img loading=\"lazy\" decoding=\"async\" src=\"https:\/\/www.europesays.com\/no\/wp-content\/uploads\/2025\/12\/1765932331_719_81823262.webp\" width=\"980\" height=\"441\" title=\"Raser: - En fot i grava\" alt=\"\" class=\"lazyload\" style=\"--aspect-ratio-image: 2.22; \"\/><\/p>\n<p>        Raser: &#8211; En fot i grava<\/p>\n<p>    <\/a><\/p>\n<p class=\"italic m-italic\" data-lab-italic=\"italic\">&#8211; Mener dere at dersom MDG og Sp st\u00f8tter dette, s\u00e5 vil det regnes som en framtidig prioritering i budsjettforhandlinger fra deres side?<\/p>\n<p>&#8211; Alle som bruker penger m\u00e5 v\u00e6re villige til \u00e5<br \/>\nprioritere, hvis ikke gj\u00f8r du ikke jobben din. Jeg har full forst\u00e5else for at man kan ha andre prioriteringer enn Arbeiderpartiet, men da m\u00e5 man v\u00e6re villige til \u00e5 gj\u00f8re prioriteringene, sier han.\u00a0<\/p>\n<p class=\"font-weight-bold m-font-weight-bold\" data-lab-font_weight=\"font-weight-bold\">Han t\u00f8r ikke sp\u00e5 hva slags vedtak det ender med i Stortingssalen i morgen.\u00a0<\/p>\n<p>&#8211; Jeg merker meg at det er dynamikk i saken. Det kan<br \/>\nkomme nye forslag i morgen ogs\u00e5. Jeg tror partier kan justere seg helt fram til votering.\u00a0<\/p>\n<p>    <a itemprop=\"url\" href=\"https:\/\/www.dagbladet.no\/nyheter\/la-lokk-over-giftgaten\/81466503\" rel=\"nofollow noopener\" target=\"_blank\"><\/p>\n<p>        <img loading=\"lazy\" decoding=\"async\" src=\"https:\/\/www.europesays.com\/no\/wp-content\/uploads\/2025\/12\/1765932332_377_81574663.webp\" width=\"980\" height=\"441\" title=\"Mystisk syke: Synstap og lammelser\" alt=\"\" class=\"lazyload\" style=\"--aspect-ratio-image: 2.22; \"\/><\/p>\n<p>        Mystisk syke: Synstap og lammelser<\/p>\n<p>    <\/a><\/p>\n<p>&#8211; Historisk urett\t<\/p>\n<p>SV tar ikke til seg kritikken fra Arbeiderpartiet om at de gj\u00f8r opp regning uten vert n\u00e5r de fremmer et forslag om erstatning p\u00e5 65G til oljepionerene.\u00a0<\/p>\n<p>&#8211; SV har hele tida jobba for en verdig kompensasjon til pionerene, som et enstemmig Storting ogs\u00e5 vedtok for et \u00e5r siden. Vi har fors\u00f8kt ulike m\u00e5ter \u00e5 oppn\u00e5 flertall for 65G, og tok det opp i budsjettforhandlingene uten \u00e5 n\u00e5 fram, sier stortingsrepresentant Ingrid Fiskaa.<\/p>\n<p>&#8211; Det er p\u00e5 tide \u00e5 gj\u00f8re opp en historisk urett, og 65G er det niv\u00e5et som st\u00e5r best i stil med skadene og uretten de er p\u00e5f\u00f8rt, sier hun.\u00a0<\/p>\n<p>650 kan f\u00e5 erstatning\t<\/p>\n<p>Kompensasjonsordningen vil gjelde for folk som har jobbet i Nordsj\u00f8en i den s\u00e5kalte pion\u00e9rtida, fra 1966 til 1990, og som kan ha v\u00e6rt eksponert for boreslam, hydrokarboner eller benzen.<\/p>\n<p>Blant lidelsene som gir rett til kompensasjon er en rekke kreftsykdommer, samt l\u00f8semiddelskader. Ogs\u00e5 etterlatte vil ha rett p\u00e5 kompensasjon.\u00a0<\/p>\n<p>Stortinget ansl\u00e5r at rundt 650 personer vil oppfylle kriteriene for kompensasjon, men at flere av disse tidligere har f\u00e5tt en form for erstatning som vil komme til fradrag.\u00a0<\/p>\n<p>Man regner dermed med at de samlede utbetalingene vil v\u00e6re p\u00e5 511 millioner kroner.\u00a0<\/p>\n<p class=\"font-weight-bold m-font-weight-bold\" data-lab-font_weight=\"font-weight-bold\">Skulle Stortinget derimot komme til at erstatningen settes til 65G, blir kostnaden \u00e5tte ganger s\u00e5 h\u00f8y &#8211; rundt fire milliarder kroner.\u00a0<\/p>\n<p>    <a itemprop=\"url\" href=\"https:\/\/www.dagbladet.no\/nyheter\/dodens-redningsskoyte\/66024155\" rel=\"nofollow noopener\" target=\"_blank\"><\/p>\n<p>        &#8211; \u00a0D\u00f8dens redningssk\u00f8yte<\/p>\n<p>    <\/a><\/p>\n<p>&#8211; En h\u00e5n\t<\/p>\n<p>65G er <a href=\"https:\/\/www.dagbladet.no\/nyheter\/for-skadde-dykkere-som-gar-pa-trygd-er-dette-selvsagt-kjaerkomne-penger\/61393272\" rel=\"nofollow noopener\" target=\"_blank\">samme erstatningsniv\u00e5<\/a> som nordsj\u00f8dykkerne fikk totalt etter siste erstatningsrunde i 2014.\u00a0<\/p>\n<p class=\"font-weight-bold m-font-weight-bold\" data-lab-font_weight=\"font-weight-bold\">Kreftforeningen mener nordsj\u00f8pionerene som skal kompenseres igjennom loven som skal vedtas i morgen, b\u00f8r ha rett p\u00e5 samme bel\u00f8p.\u00a0<\/p>\n<p>&#8211; Vi i Kreftforeningen er sjokkerte over regjeringens forslag om \u00e5 sette av en million til oljepionerene (8G) n\u00e5r de ga \u00e5tte ganger s\u00e5 mye til nordsj\u00f8dykkerne (65G). Det er en h\u00e5n mot dem som ble kreftsyke av \u00e5 bygge velferden v\u00e5r, sier\u00a0generalsekret\u00e6r i Kreftforeningen, Ingrid Stenstadvold Ross til Dagbladet.<\/p>\n<p>&#8211; Vi registrerer at det i arbeids- og sosialkomiteen er fremmet flere forslag fra partiene som tar til orde for et h\u00f8yere bel\u00f8p, men dessverre har ingen av disse flertall.\u00a0<\/p>\n<p>    <a itemprop=\"url\" href=\"https:\/\/borsen.dagbladet.no\/nyheter\/store-skuffer-pa-dodsleiet\/82145484\" rel=\"nofollow noopener\" target=\"_blank\"><\/p>\n<p>        <img loading=\"lazy\" decoding=\"async\" src=\"https:\/\/www.europesays.com\/no\/wp-content\/uploads\/2025\/12\/1765932333_440_82103960.webp\" width=\"147\" height=\"98\" title=\"St\u00f8re skuffer: - P\u00e5 d\u00f8dsleiet\" alt=\"\" class=\"lazyload\" style=\"--aspect-ratio-image: 1.50; \"\/><\/p>\n<p>        St\u00f8re skuffer: &#8211; P\u00e5 d\u00f8dsleiet<\/p>\n<p>    <\/a><\/p>\n<p class=\"font-weight-bold m-font-weight-bold\" data-lab-font_weight=\"font-weight-bold\">N\u00e5 forventer kreftforeningen at partiene samler seg om en felles l\u00f8sning i morgen.\u00a0<\/p>\n<p>&#8211; Vi forventer at partiene som mener 8G er for lavt, tar ansvar i stortingssalen i morgen og samler seg om en felles l\u00f8sning som sikrer et kompensasjonsniv\u00e5 som st\u00e5r i forhold til den helserisikoen og belastningen disse menneskene ble utsatt for, sier Ross. Uenighet om modell eller innretning kan ikke brukes som begrunnelse for \u00e5 akseptere et niv\u00e5 alle egentlig er enige om er for lavt, sier Ross.\u00a0<\/p>\n<p class=\"font-weight-bold m-font-weight-bold\" data-lab-font_weight=\"font-weight-bold\">Mange av oljepionerene har allerede g\u00e5tt bort.\u00a0<\/p>\n<p>&#8211; De har ingen tid \u00e5 miste. Den lange tiden som har g\u00e5tt, har v\u00e6rt og er en ekstra p\u00e5kjenning b\u00e5de helsemessig og \u00f8konomisk. Belastningen har f\u00f8rt til at flere m\u00e5 selge hus og eiendeler, og mange har allerede g\u00e5tt bort. 8G erstatter ikke disse tapene. De aller fleste oljepionerer har hatt flere ti\u00e5r med tapt inntekt i tillegg til store helseplager, sier hun.\u00a0<\/p>\n<p>&#8211; Hvis Stortinget ikke evner \u00e5 enes om noe mer, blir regjeringens forslag st\u00e5ende. Det vil i s\u00e5 fall v\u00e6re et politisk valg og en historisk ansvarsfraskrivelse fra de andre p\u00e5 Stortinget, sier Ross.<\/p>\n","protected":false},"excerpt":{"rendered":"Tirsdag skal Stortinget stemme over en erstatningsordning for oljepionerene. I kveld, bare timer f\u00f8r avsteminingen, er det kamp&hellip;\n","protected":false},"author":2,"featured_media":114823,"comment_status":"","ping_status":"","sticky":false,"template":"","format":"standard","meta":{"footnotes":""},"categories":[5],"tags":[20,21,6896,24,25,15,19,22,23,17,18,13,30,28,29,14,1194,16,41,26,27,13940],"class_list":{"0":"post-115077","1":"post","2":"type-post","3":"status-publish","4":"format-standard","5":"has-post-thumbnail","7":"category-overskrifter","8":"tag-breaking-news","9":"tag-breakingnews","10":"tag-erstatning","11":"tag-featured-news","12":"tag-featurednews","13":"tag-headlines","14":"tag-hovedoppslag","15":"tag-latest-news","16":"tag-latestnews","17":"tag-main-news","18":"tag-mainnews","19":"tag-news","20":"tag-no","21":"tag-norge","22":"tag-norway","23":"tag-nyheter","24":"tag-olje","25":"tag-overskrifter","26":"tag-politikk","27":"tag-top-stories","28":"tag-topstories","29":"tag-yrkesskade"},"share_on_mastodon":{"url":"https:\/\/pubeurope.com\/@no\/115732147528621873","error":""},"_links":{"self":[{"href":"https:\/\/www.europesays.com\/no\/wp-json\/wp\/v2\/posts\/115077","targetHints":{"allow":["GET"]}}],"collection":[{"href":"https:\/\/www.europesays.com\/no\/wp-json\/wp\/v2\/posts"}],"about":[{"href":"https:\/\/www.europesays.com\/no\/wp-json\/wp\/v2\/types\/post"}],"author":[{"embeddable":true,"href":"https:\/\/www.europesays.com\/no\/wp-json\/wp\/v2\/users\/2"}],"replies":[{"embeddable":true,"href":"https:\/\/www.europesays.com\/no\/wp-json\/wp\/v2\/comments?post=115077"}],"version-history":[{"count":0,"href":"https:\/\/www.europesays.com\/no\/wp-json\/wp\/v2\/posts\/115077\/revisions"}],"wp:featuredmedia":[{"embeddable":true,"href":"https:\/\/www.europesays.com\/no\/wp-json\/wp\/v2\/media\/114823"}],"wp:attachment":[{"href":"https:\/\/www.europesays.com\/no\/wp-json\/wp\/v2\/media?parent=115077"}],"wp:term":[{"taxonomy":"category","embeddable":true,"href":"https:\/\/www.europesays.com\/no\/wp-json\/wp\/v2\/categories?post=115077"},{"taxonomy":"post_tag","embeddable":true,"href":"https:\/\/www.europesays.com\/no\/wp-json\/wp\/v2\/tags?post=115077"}],"curies":[{"name":"wp","href":"https:\/\/api.w.org\/{rel}","templated":true}]}}