{"id":115078,"date":"2025-12-17T01:18:08","date_gmt":"2025-12-17T01:18:08","guid":{"rendered":"https:\/\/www.europesays.com\/no\/115078\/"},"modified":"2025-12-17T01:18:08","modified_gmt":"2025-12-17T01:18:08","slug":"slovakia-robert-fico-tusener-i-protest-mot-fico-i-slovakia","status":"publish","type":"post","link":"https:\/\/www.europesays.com\/no\/115078\/","title":{"rendered":"Slovakia, Robert Fico | Tusener i protest mot Fico i Slovakia"},"content":{"rendered":"\n<p>Tusener av mennesker demonstrerte tirsdag over hele Slovakia mot regjeringens stengning av et uavhengig kontor som etterforsker korrupsjon.<\/p>\n<p>Demonstrasjoner fant sted p\u00e5 ti steder over hele landet. I Bratislava ropte demonstrantene at statsminister Robert Fico m\u00e5 g\u00e5 av.<\/p>\n<p>H\u00f8yrepopulisten Fico er en splittende figur i Slovakia, og det er ofte demonstrasjoner mot hans prorussiske politikk og andre kontroversielle saker.<\/p>\n<p>Denne gangen var folk provosert over hans partis nedstengning av det uavhengige kontoret til st\u00f8tte for varslere i forrige uke, trass i kritiske reaksjoner b\u00e5de i Slovakia og fra utlandet. I tillegg er de oppbrakt over en omstridt lovendring.<\/p>\n<p>Lederen for opposisjonspartiet Progressive Slovakia, Michal Simecka, som sto bak protesten, sa til tilh\u00f8rerne \u00abat Slovakia er det eneste landet der regjeringen godkjenner lover som gj\u00f8r livet enklere for kriminelle og mafiaen\u00bb.<\/p>\n<p>Opposisjonen hevder at endringene er gjort for \u00e5 hjelpe en viktig alliert av Fico, visepresident i nasjonalforsamlingen Tibor Gaspar, som er anklaget for \u00e5 ha dannet en kriminell gruppe.<\/p>\n<p>(\u00a9NTB)<\/p>\n","protected":false},"excerpt":{"rendered":"Tusener av mennesker demonstrerte tirsdag over hele Slovakia mot regjeringens stengning av et uavhengig kontor som etterforsker korrupsjon.&hellip;\n","protected":false},"author":2,"featured_media":115079,"comment_status":"","ping_status":"","sticky":false,"template":"","format":"standard","meta":{"footnotes":""},"categories":[12],"tags":[20,21,24,25,15,22,23,13,30,28,29,14,16,26,27,42,43,44,45],"class_list":{"0":"post-115078","1":"post","2":"type-post","3":"status-publish","4":"format-standard","5":"has-post-thumbnail","7":"category-verden","8":"tag-breaking-news","9":"tag-breakingnews","10":"tag-featured-news","11":"tag-featurednews","12":"tag-headlines","13":"tag-latest-news","14":"tag-latestnews","15":"tag-news","16":"tag-no","17":"tag-norge","18":"tag-norway","19":"tag-nyheter","20":"tag-overskrifter","21":"tag-top-stories","22":"tag-topstories","23":"tag-verden","24":"tag-world","25":"tag-world-news","26":"tag-worldnews"},"share_on_mastodon":{"url":"https:\/\/pubeurope.com\/@no\/115732277052300875","error":""},"_links":{"self":[{"href":"https:\/\/www.europesays.com\/no\/wp-json\/wp\/v2\/posts\/115078","targetHints":{"allow":["GET"]}}],"collection":[{"href":"https:\/\/www.europesays.com\/no\/wp-json\/wp\/v2\/posts"}],"about":[{"href":"https:\/\/www.europesays.com\/no\/wp-json\/wp\/v2\/types\/post"}],"author":[{"embeddable":true,"href":"https:\/\/www.europesays.com\/no\/wp-json\/wp\/v2\/users\/2"}],"replies":[{"embeddable":true,"href":"https:\/\/www.europesays.com\/no\/wp-json\/wp\/v2\/comments?post=115078"}],"version-history":[{"count":0,"href":"https:\/\/www.europesays.com\/no\/wp-json\/wp\/v2\/posts\/115078\/revisions"}],"wp:featuredmedia":[{"embeddable":true,"href":"https:\/\/www.europesays.com\/no\/wp-json\/wp\/v2\/media\/115079"}],"wp:attachment":[{"href":"https:\/\/www.europesays.com\/no\/wp-json\/wp\/v2\/media?parent=115078"}],"wp:term":[{"taxonomy":"category","embeddable":true,"href":"https:\/\/www.europesays.com\/no\/wp-json\/wp\/v2\/categories?post=115078"},{"taxonomy":"post_tag","embeddable":true,"href":"https:\/\/www.europesays.com\/no\/wp-json\/wp\/v2\/tags?post=115078"}],"curies":[{"name":"wp","href":"https:\/\/api.w.org\/{rel}","templated":true}]}}