{"id":115081,"date":"2025-12-17T01:32:08","date_gmt":"2025-12-17T01:32:08","guid":{"rendered":"https:\/\/www.europesays.com\/no\/115081\/"},"modified":"2025-12-17T01:32:08","modified_gmt":"2025-12-17T01:32:08","slug":"donald-trump-venezuela-trump-klassifiserer-venezuelas-regime-som-utenlandsk-terrororganisasjon","status":"publish","type":"post","link":"https:\/\/www.europesays.com\/no\/115081\/","title":{"rendered":"Donald Trump, Venezuela | Trump klassifiserer Venezuelas regime som utenlandsk terrororganisasjon"},"content":{"rendered":"\n<p>Presidenten kunngjorde dette p\u00e5 <a rel=\"noopener nofollow\" href=\"https:\/\/truthsocial.com\/@realDonaldTrump\/posts\/115731908387416458\" target=\"_blank\">Truth Social<\/a> tirsdag kveld. I innlegget skriver Trump ogs\u00e5 at den amerikanske marinefl\u00e5tens tilstedev\u00e6relse utenfor Venezuelas kyst skal forsterkes.<\/p>\n<p>\u2013 Venezuela er fullstendig omringet av den st\u00f8rste armadaen som noen gang er samlet i S\u00f8r-Amerikas historie. Den blir enda st\u00f8rre, skriver presidenten.<\/p>\n<p>Trump skriver at USA er blitt frastj\u00e5let olje, eiendom og andre verdier, og at han n\u00e5 har beordret full blokade av alle sanksjonerte oljetankskip som seiler til og fra Venezuela.<\/p>\n<p>Olje<\/p>\n<p>\u2013 Det ulovlige Maduro-regimet bruker olje fra stj\u00e5lne oljefelt til \u00e5 finansiere seg selv, narkoterrorisme, menneskesmugling, drap og bortf\u00f8ringer. For tyveriet av v\u00e5re midler, og av mange andre \u00e5rsaker, blant dem terrorisme, narkotikasmugling og menneskesmugling, er det venezuelanske regimet blitt klassifisert som en utenlandsk terrororganisasjon, skriver Trump.<\/p>\n<p>\u2013 Derfor beordrer jeg i dag en total og fullstendig blokade av alle sanksjonerte oljetankere som seiler til og fra Venezuela, skriver den amerikanske presidenten.<\/p>\n<p>\u2013 De ulovlige innvandrerne og kriminelle som Maduro-regimet har sendt til USA under den svake og t\u00e5pelige Biden-administrasjonen, blir sendt tilbake til Venezuela i raskt tempo. USA vil ikke tillate kriminelle, terrorister eller andre land \u00e5 rane, true eller skade v\u00e5rt land, skriver Trump.<\/p>\n<p>Anstrengt forhold<\/p>\n<p>Forholdet mellom USA og Venezuela er blitt meget anstrengt de siste m\u00e5nedene. Trump-administrasjonen har gjennomf\u00f8rt en rekke angrep mot b\u00e5ter som if\u00f8lge Washington frakter narkotika p\u00e5 vei fra Venezuela til USA.<\/p>\n<p>USA anklager Venezuelas president Nicol\u00e1s Maduro for \u00e5 lede det Washington selv kaller \u00abSol-kartellet\u00bb, og har utlovet en dus\u00f8r p\u00e5 50 millioner dollar for opplysninger som kan f\u00f8re til p\u00e5gripelse av Maduro.<\/p>\n<p>Maduro har avvist anklagene, og flere eksperter mener at det Washington kaller \u00abSol-kartellet\u00bb, i realiteten er en henvisning til korrupsjon og kontakter mellom kriminelle gjenger og h\u00f8ytst\u00e5ende tjenestemenn i Venezuela. Eksperter mener ogs\u00e5 at USAs b\u00e5tangrep kan v\u00e6re i strid med folkeretten.<\/p>\n<p>I h\u00f8st har USA sendt krigsskip til den s\u00f8rlige delen av Karibia, og Trump har sagtrett ut at han vil fors\u00f8ke \u00e5 presse Maduro til \u00e5 g\u00e5 av.<\/p>\n<p>Trump snakket med Maduro<\/p>\n<p>21. november hadde Trump og Maduro en telefonsamtale. Den ble bekreftet av Trump 30. november. USAs president har ikke villet g\u00e5 i detalj om innholdet i samtalen.<\/p>\n<p>\u2013 Jeg vil ikke si at det gikk bra eller d\u00e5rlig. Det var en telefonsamtale, sa Trump da han kommenterte den overfor journalister.<\/p>\n<p>3. desember kommenterte Maduro samtalen for f\u00f8rste gang og kalte den da \u00abrespektfull og hyggelig\u00bb.<\/p>\n<p>\u2013 Jeg snakket med USAs president Donald Trump. Jeg kan si at samtalen var respektfull, og jeg kan til og med si at den var hyggelig, sa Maduro til statlig fjernsyn i Venezuela.<\/p>\n<p>Maduro sa ogs\u00e5 at det er blitt iverksatt tiltak for \u00e5 fremme det han kaller respektfull dialog mellom de to landene.<\/p>\n<p>\u2013 Hvis denne samtalen betyr at noe blir gjort i fav\u00f8r av en respektfull dialog, stat til stat, land til land, s\u00e5 \u00f8nsker vi velkommen en slik dialog, vi \u00f8nsker velkommen diplomati, fordi vi vil alltid s\u00f8ke fred, sa Maduro.<\/p>\n<p>Beslaglagt<\/p>\n<p>10. desember, samme dag som Nobels fredspris ble delt ut i Oslo til Venezuelas opposisjonspolitiker Maria Corina Machado, kunngjorde Trump at amerikansk kystvakt hadde avsk\u00e5ret og tatt beslag i en oljetanker utenfor kysten av Venezuela.<\/p>\n<p>\u2013 Vi har akkurat beslaglagt et tankskip utenfor kysten av Venezuela, en stor tanker, veldig stor \u2013 faktisk den st\u00f8rste som noen gang er beslaglagt, sa Trump til journalister i Det hvite hus.<\/p>\n<p>\u2013 Og andre ting skjer, det f\u00e5r dere se senere, fortsatte han, uten \u00e5 komme med flere detaljer, annet enn \u00e5 si at det var \u00aben veldig god grunn\u00bb til at skipet ble tatt i beslag.<\/p>\n<p>Amerikanske medier skrev at oljetankeren var p\u00e5 vei til Cuba \u2013 som USA ogs\u00e5 har et anstrengt forhold til \u2013 da fart\u00f8yet ble stanset av USAs kystvakt.<\/p>\n<p>Opptrappingen kan gj\u00f8re det utfordrende for Venezuela \u00e5 eksportere olje ettersom Kina og andre handelspartnere kan bli mer tilbakeholdne med \u00e5 laste olje p\u00e5 skip i omr\u00e5det.<\/p>\n","protected":false},"excerpt":{"rendered":"Presidenten kunngjorde dette p\u00e5 Truth Social tirsdag kveld. I innlegget skriver Trump ogs\u00e5 at den amerikanske marinefl\u00e5tens tilstedev\u00e6relse&hellip;\n","protected":false},"author":2,"featured_media":115082,"comment_status":"","ping_status":"","sticky":false,"template":"","format":"standard","meta":{"footnotes":""},"categories":[12],"tags":[20,21,24,25,15,22,23,13,30,28,29,14,16,26,27,42,43,44,45],"class_list":{"0":"post-115081","1":"post","2":"type-post","3":"status-publish","4":"format-standard","5":"has-post-thumbnail","7":"category-verden","8":"tag-breaking-news","9":"tag-breakingnews","10":"tag-featured-news","11":"tag-featurednews","12":"tag-headlines","13":"tag-latest-news","14":"tag-latestnews","15":"tag-news","16":"tag-no","17":"tag-norge","18":"tag-norway","19":"tag-nyheter","20":"tag-overskrifter","21":"tag-top-stories","22":"tag-topstories","23":"tag-verden","24":"tag-world","25":"tag-world-news","26":"tag-worldnews"},"share_on_mastodon":{"url":"https:\/\/pubeurope.com\/@no\/115732332112712510","error":""},"_links":{"self":[{"href":"https:\/\/www.europesays.com\/no\/wp-json\/wp\/v2\/posts\/115081","targetHints":{"allow":["GET"]}}],"collection":[{"href":"https:\/\/www.europesays.com\/no\/wp-json\/wp\/v2\/posts"}],"about":[{"href":"https:\/\/www.europesays.com\/no\/wp-json\/wp\/v2\/types\/post"}],"author":[{"embeddable":true,"href":"https:\/\/www.europesays.com\/no\/wp-json\/wp\/v2\/users\/2"}],"replies":[{"embeddable":true,"href":"https:\/\/www.europesays.com\/no\/wp-json\/wp\/v2\/comments?post=115081"}],"version-history":[{"count":0,"href":"https:\/\/www.europesays.com\/no\/wp-json\/wp\/v2\/posts\/115081\/revisions"}],"wp:featuredmedia":[{"embeddable":true,"href":"https:\/\/www.europesays.com\/no\/wp-json\/wp\/v2\/media\/115082"}],"wp:attachment":[{"href":"https:\/\/www.europesays.com\/no\/wp-json\/wp\/v2\/media?parent=115081"}],"wp:term":[{"taxonomy":"category","embeddable":true,"href":"https:\/\/www.europesays.com\/no\/wp-json\/wp\/v2\/categories?post=115081"},{"taxonomy":"post_tag","embeddable":true,"href":"https:\/\/www.europesays.com\/no\/wp-json\/wp\/v2\/tags?post=115081"}],"curies":[{"name":"wp","href":"https:\/\/api.w.org\/{rel}","templated":true}]}}