{"id":115088,"date":"2025-12-17T02:01:20","date_gmt":"2025-12-17T02:01:20","guid":{"rendered":"https:\/\/www.europesays.com\/no\/115088\/"},"modified":"2025-12-17T02:01:20","modified_gmt":"2025-12-17T02:01:20","slug":"ville-ikkje-bruke-pengar-pa-a-granske-selskapet-fjt-no","status":"publish","type":"post","link":"https:\/\/www.europesays.com\/no\/115088\/","title":{"rendered":"Ville ikkje bruke pengar p\u00e5 \u00e5 granske selskapet &#8211; fjt.no"},"content":{"rendered":"<ol>\n<li><a href=\"https:\/\/news.google.com\/rss\/articles\/CBMiiAFBVV95cUxPdmdUdjIzcW9mbGtpYmp0cUZ4S3pCejBac3RpenBtN0liLXJPdE11NkhkNlBHbGFFeWFDMDRrR2d1NXpEbi1XamlMSkllX2ZhQ3RId0x4VUdpLVVDSUpuTjBBV29vM2dLaDdiZXRya0dBaDd6N0sxSGhPYl9CSnFwckVYcjMxZXlJ?oc=5\" target=\"_blank\" rel=\"nofollow noopener\">Ville ikkje bruke pengar p\u00e5 \u00e5 granske selskapet<\/a>&nbsp;&nbsp;fjt.no<\/li>\n<li><a href=\"https:\/\/news.google.com\/rss\/articles\/CBMifkFVX3lxTE5qRzR2Y0ZXZTlIa0ZEV3k0RV9va0Y4X2pvNFBMM0RIMFZWUlRaY2hNWHBPNDVNS2hmbko5cENGeUpOMHZSVHNaNVA3bjJ3VVNPejZXZHQwZVFqQjJoeWJfNW5sb2p4eEpDNmdPNnl0Q05ibnUzZzhqWUdFUWZRZw?oc=5\" target=\"_blank\" rel=\"nofollow noopener\">Debatt, Kinn | Kontroll f\u00f8rst, arbeidsro etterp\u00e5<\/a>&nbsp;&nbsp;Firdaposten<\/li>\n<li><a href=\"https:\/\/news.google.com\/rss\/articles\/CBMicEFVX3lxTE9pWEYzZndxVDF1dVRXZE9jekZ4cVM1UnE5eV92V3Zfby1KNnN0TkwwQzltUkdIa2NQU0h2UE1MMnkxOV9qdy1iT0ZkWXZtMzVKY3VPRFQ1THJ6UlFPblEzVkttVi03WTI5dHN5SXB5M0w?oc=5\" target=\"_blank\" rel=\"nofollow noopener\">\u00abBordgleder for ein kvar pris?\u00bb<\/a>&nbsp;&nbsp;fjt.no<\/li>\n<li><a href=\"https:\/\/news.google.com\/rss\/articles\/CBMiWEFVX3lxTE02S1Y5c2xKcGswYVNtb3VQUnhJM2RJQ2s1NDAtM0ZVYi03WUJhSkhHbV9CNDZfTVpEeGVUQ2J4ZGJYSmtKSm5JaVVPLThuNjlObzFGS2dWT1M?oc=5\" target=\"_blank\" rel=\"nofollow noopener\">\u00abKvifor er innsyn s\u00e5 vanskeleg n\u00e5r saka gjeld Bordgleder KF?\u00bb<\/a>&nbsp;&nbsp;fjt.no<\/li>\n<li><a href=\"https:\/\/news.google.com\/rss\/articles\/CBMilwFBVV95cUxNS05sOUNqYU4xaVYwZ2pxNF8teXRTTzNxc1otbVFwX3loMTRoSjNrZ0hyUUVSd2hEX3I2OGkxRld0Nk8yOEJMZk5wbHJFVmNGbTFyWHpHQVBjZFNVUzdMNHdfOEhYU0ZNTnl4Mm03TWNiMGgzeEVUUm01R1UtRk1fM0JGeTFjTXVnQ3dfbHFXNEwyTUQwX2lv?oc=5\" target=\"_blank\" rel=\"nofollow noopener\">Bordgleder KF fekk ro og stabilitet av politikarane<\/a>&nbsp;&nbsp;Firdaposten<\/li>\n<\/ol>\n","protected":false},"excerpt":{"rendered":"Ville ikkje bruke pengar p\u00e5 \u00e5 granske selskapet&nbsp;&nbsp;fjt.no Debatt, Kinn | Kontroll f\u00f8rst, arbeidsro etterp\u00e5&nbsp;&nbsp;Firdaposten \u00abBordgleder for ein&hellip;\n","protected":false},"author":2,"featured_media":115089,"comment_status":"","ping_status":"","sticky":false,"template":"","format":"standard","meta":{"footnotes":""},"categories":[10],"tags":[20,21,24,25,15,22,23,13,30,28,29,14,16,26,27],"class_list":{"0":"post-115088","1":"post","2":"type-post","3":"status-publish","4":"format-standard","5":"has-post-thumbnail","7":"category-norge","8":"tag-breaking-news","9":"tag-breakingnews","10":"tag-featured-news","11":"tag-featurednews","12":"tag-headlines","13":"tag-latest-news","14":"tag-latestnews","15":"tag-news","16":"tag-no","17":"tag-norge","18":"tag-norway","19":"tag-nyheter","20":"tag-overskrifter","21":"tag-top-stories","22":"tag-topstories"},"share_on_mastodon":{"url":"https:\/\/pubeurope.com\/@no\/115732446092900497","error":""},"_links":{"self":[{"href":"https:\/\/www.europesays.com\/no\/wp-json\/wp\/v2\/posts\/115088","targetHints":{"allow":["GET"]}}],"collection":[{"href":"https:\/\/www.europesays.com\/no\/wp-json\/wp\/v2\/posts"}],"about":[{"href":"https:\/\/www.europesays.com\/no\/wp-json\/wp\/v2\/types\/post"}],"author":[{"embeddable":true,"href":"https:\/\/www.europesays.com\/no\/wp-json\/wp\/v2\/users\/2"}],"replies":[{"embeddable":true,"href":"https:\/\/www.europesays.com\/no\/wp-json\/wp\/v2\/comments?post=115088"}],"version-history":[{"count":0,"href":"https:\/\/www.europesays.com\/no\/wp-json\/wp\/v2\/posts\/115088\/revisions"}],"wp:featuredmedia":[{"embeddable":true,"href":"https:\/\/www.europesays.com\/no\/wp-json\/wp\/v2\/media\/115089"}],"wp:attachment":[{"href":"https:\/\/www.europesays.com\/no\/wp-json\/wp\/v2\/media?parent=115088"}],"wp:term":[{"taxonomy":"category","embeddable":true,"href":"https:\/\/www.europesays.com\/no\/wp-json\/wp\/v2\/categories?post=115088"},{"taxonomy":"post_tag","embeddable":true,"href":"https:\/\/www.europesays.com\/no\/wp-json\/wp\/v2\/tags?post=115088"}],"curies":[{"name":"wp","href":"https:\/\/api.w.org\/{rel}","templated":true}]}}