{"id":115106,"date":"2025-12-17T03:07:13","date_gmt":"2025-12-17T03:07:13","guid":{"rendered":"https:\/\/www.europesays.com\/no\/115106\/"},"modified":"2025-12-17T03:07:13","modified_gmt":"2025-12-17T03:07:13","slug":"fifa-sier-de-senker-prisnivaet-dagbladet","status":"publish","type":"post","link":"https:\/\/www.europesays.com\/no\/115106\/","title":{"rendered":"Fifa sier de senker prisniv\u00e5et &#8211; Dagbladet"},"content":{"rendered":"<ol>\n<li><a href=\"https:\/\/news.google.com\/rss\/articles\/CBMiekFVX3lxTE5VNGZkN3pIbThoT2dkalBVQ2tFamVObGpEQUVQV2V2aXU2clVGal9DV2xMZTczdklKaDFvT1V2ck5ZbVNkcDU0V2xnS1NEaW4zWTRJS0ZRZ2NtZHpJcWRpZmZBWGVBUnRBcnA2Qy1JVVlJM1Z3NF9HSkNB?oc=5\" target=\"_blank\" rel=\"nofollow noopener\">Fifa sier de senker prisniv\u00e5et<\/a>&nbsp;&nbsp;Dagbladet<\/li>\n<li><a href=\"https:\/\/news.google.com\/rss\/articles\/CBMizAFBVV95cUxQYWZfWGtkR1dZNzNwWEw0TjZaT2o2ck5oMmt1WmJ0T0JKZVA2RkRJeUFhV2gta2tyQmx0UGtidUZWOWRZVVBrYjQ3WEc0QVhZeE1LN2lsdXl0ZTNDTmNKcDBROXhoT2lUbnM1M090Y3hvb251aGdQR2xEdC1TZTVtRWQ0bVI0T3hXcXNWeWNNNWlNdWs3d3BjM3NVY3VRelZKSjdLX0pnVXhfOUN5NTZPdzFuQ3JZbVloNkJoaFhwdk5Dcm9kRllnZVZGcG4?oc=5\" target=\"_blank\" rel=\"nofollow noopener\">Kritiserer nytt VM-grep: \u2013 Jeg blir kvalm<\/a>&nbsp;&nbsp;NRK<\/li>\n<li><a href=\"https:\/\/news.google.com\/rss\/articles\/CBMiuwFBVV95cUxNZlM2S3hIcXAtN2tDRG1Pb2wxTEhwdnJ3bDlxMF9LaXpxS1pDRjRtb0hZR3lFeDlsR1VSM3pJSThxemZDbDFBaUMwX0xGUjBSSUZkXzVOZHY2ZGZJNGRJTjdlVGJsUWNuUmRremhRMm1HQlNLQ1poazVlby1tNmJiRDQ5bS1XNDBoUWpOMmtDSGpUNGxVZHI0X1NwWlF6b1hDR0N0UHpFQk8zQlRyNHgzY0xnUmgtU1lNWTMw?oc=5\" target=\"_blank\" rel=\"nofollow noopener\">Fifa senker prisniv\u00e5et p\u00e5 VM-billetter etter kritikk<\/a>&nbsp;&nbsp;VG<\/li>\n<li><a href=\"https:\/\/news.google.com\/rss\/articles\/CBMixgFBVV95cUxNUFpwZUV5SFRuWFJGVVRQMDZvcGtCbDRIWUFkS25LdGpoQm1FTFFrN1RsU1ZBTkpPQVBkZ1hOaFRibVZEYkdTbWxQZndVTmdUemhuUmhydjQ4UlFOMEJCYTFZUl9SYTRvb3BVNzdicmFrWGRzbDZLbE1JZ3RXU0NiQ0Y2QmlEdlhUT25zNExnWnVHLV9PRFJLdzhjSUJNSEZWSkZZbi1TRWFQWmYyQzJ3cUgtMWRXSmxQc3lkeFZ2Zzh6NUl0UFE?oc=5\" target=\"_blank\" rel=\"nofollow noopener\">Har kj\u00f8pt VM-billetter for 50.000: \u2013 Noe man gj\u00f8r bare \u00e9n gang<\/a>&nbsp;&nbsp;Bergensavisen<\/li>\n<li><a href=\"https:\/\/news.google.com\/rss\/articles\/CBMiiAFBVV95cUxQTHRlZkNfaUo3S2dGb3I0S0ZNNVd0ZTRWRWFGQ083ZTJoUzlCNmNNTGx1UUUyVmw2QWRQMkVjb1B1TkluZHRHcUd3MXlvOC0zcl9fb2xqVzJVUDBfYkM1a09lWEt3amhyU01EeWV0RkRzS2ZWQzRaWTVBaUpqbkFDVW1LSTUwV0k0?oc=5\" target=\"_blank\" rel=\"nofollow noopener\">Fifa senker prisniv\u00e5et p\u00e5 et f\u00e5tall VM-billetter etter kritikk<\/a>&nbsp;&nbsp;Nettavisen<\/li>\n<\/ol>\n","protected":false},"excerpt":{"rendered":"Fifa sier de senker prisniv\u00e5et&nbsp;&nbsp;Dagbladet Kritiserer nytt VM-grep: \u2013 Jeg blir kvalm&nbsp;&nbsp;NRK Fifa senker prisniv\u00e5et p\u00e5 VM-billetter etter&hellip;\n","protected":false},"author":2,"featured_media":115107,"comment_status":"","ping_status":"","sticky":false,"template":"","format":"standard","meta":{"footnotes":""},"categories":[5],"tags":[20,21,24,25,92,15,4145,19,22,23,17,18,13,30,28,29,14,16,83,26,27,11859],"class_list":{"0":"post-115106","1":"post","2":"type-post","3":"status-publish","4":"format-standard","5":"has-post-thumbnail","7":"category-overskrifter","8":"tag-breaking-news","9":"tag-breakingnews","10":"tag-featured-news","11":"tag-featurednews","12":"tag-fotball","13":"tag-headlines","14":"tag-herrelandslaget","15":"tag-hovedoppslag","16":"tag-latest-news","17":"tag-latestnews","18":"tag-main-news","19":"tag-mainnews","20":"tag-news","21":"tag-no","22":"tag-norge","23":"tag-norway","24":"tag-nyheter","25":"tag-overskrifter","26":"tag-sport","27":"tag-top-stories","28":"tag-topstories","29":"tag-vm2026"},"share_on_mastodon":{"url":"https:\/\/pubeurope.com\/@no\/115732705653605864","error":""},"_links":{"self":[{"href":"https:\/\/www.europesays.com\/no\/wp-json\/wp\/v2\/posts\/115106","targetHints":{"allow":["GET"]}}],"collection":[{"href":"https:\/\/www.europesays.com\/no\/wp-json\/wp\/v2\/posts"}],"about":[{"href":"https:\/\/www.europesays.com\/no\/wp-json\/wp\/v2\/types\/post"}],"author":[{"embeddable":true,"href":"https:\/\/www.europesays.com\/no\/wp-json\/wp\/v2\/users\/2"}],"replies":[{"embeddable":true,"href":"https:\/\/www.europesays.com\/no\/wp-json\/wp\/v2\/comments?post=115106"}],"version-history":[{"count":0,"href":"https:\/\/www.europesays.com\/no\/wp-json\/wp\/v2\/posts\/115106\/revisions"}],"wp:featuredmedia":[{"embeddable":true,"href":"https:\/\/www.europesays.com\/no\/wp-json\/wp\/v2\/media\/115107"}],"wp:attachment":[{"href":"https:\/\/www.europesays.com\/no\/wp-json\/wp\/v2\/media?parent=115106"}],"wp:term":[{"taxonomy":"category","embeddable":true,"href":"https:\/\/www.europesays.com\/no\/wp-json\/wp\/v2\/categories?post=115106"},{"taxonomy":"post_tag","embeddable":true,"href":"https:\/\/www.europesays.com\/no\/wp-json\/wp\/v2\/tags?post=115106"}],"curies":[{"name":"wp","href":"https:\/\/api.w.org\/{rel}","templated":true}]}}