{"id":115108,"date":"2025-12-17T03:09:20","date_gmt":"2025-12-17T03:09:20","guid":{"rendered":"https:\/\/www.europesays.com\/no\/115108\/"},"modified":"2025-12-17T03:09:20","modified_gmt":"2025-12-17T03:09:20","slug":"norskprodusert-lat-kan-bli-arets-julehit-i-storbritannia","status":"publish","type":"post","link":"https:\/\/www.europesays.com\/no\/115108\/","title":{"rendered":"Norskprodusert l\u00e5t kan bli \u00e5rets julehit i Storbritannia"},"content":{"rendered":"<p>Det skjer med den nygamle l\u00e5ten <a href=\"https:\/\/www.youtube.com\/watch?v=3B5Zcou91yA\" rel=\"noopener nofollow\" target=\"_blank\">\u00abXmas\u00bb<\/a>, if\u00f8lge <a href=\"https:\/\/www.officialcharts.com\/chart-news\/kylie-minogue-leads-official-christmas-number-1-single-xmas-together-for-palestine\/\" rel=\"noopener nofollow\" target=\"_blank\">Official Charts Company<\/a>. Klarer \u00abXmas\u00bb \u00e5 beholde teten, kan det bli Kylies f\u00f8rste nummer \u00e9n-singel i Storbritannia siden \u00abSlow\u00bb i 2003.<\/p>\n<p> \u2013 Det ville f\u00e5tt meg til \u00e5 gr\u00e5te. Det har v\u00e6rt et utrolig \u00e5r og det ville v\u00e6rt toppen p\u00e5 kransekaken, sier Kylie Minogue til <a href=\"https:\/\/www.bbc.com\/news\/articles\/cm20rl4j1nmo\" rel=\"noopener nofollow\" target=\"_blank\">BBC<\/a>.<\/p>\n<p>Albumouttake ble kjempehit<\/p>\n<p>Hun fremf\u00f8rte l\u00e5ten, som er sluppet eksklusivt p\u00e5 Amazon, under den britiske versjonen av \u00abSkal vi danse\u00bb s\u00f8ndag. L\u00e5ten er nyinnspilt, noe som ble gjort for \u00e5 feire 10-\u00e5rsjubileet til juleplaten \u00abKylie Christmas\u00bb, innspilt med blant andre norske Stargate som produsent.<\/p>\n<p><img decoding=\"async\" src=\"data:image\/gif;base64,R0lGODlhEAAJAIAAAP\/\/\/wAAACH5BAEAAAAALAAAAAAQAAkAAAIKhI+py+0Po5yUFQA7\" alt=\"\"\/><br \/>\n  Kylie Minogue p\u00e5 turn\u00e9 i USA tidligere i \u00e5r.<br \/>\n  <strong>Foto:<\/strong> Rob Grabowski\/Invision\/AP\/ NTB<\/p>\n<p>\u00abXmas\u00bb var p\u00e5 listen over sanger, men ble ikke tatt med og det har plaget Minogue at den ikke ble fullf\u00f8rt.<\/p>\n<p>\u2013 Det er den eneste sangen som har v\u00e6rt med meg s\u00e5 lenge, r\u00f8per hun.<\/p>\n<p><a href=\"https:\/\/trdby.adressa.no\/kultur\/i\/alyl5a\/skildrer-historien-bak-julelandeplagen-last-christmas-som-fyller-40\" rel=\"nofollow noopener\" target=\"_blank\"> <img decoding=\"async\" src=\"data:image\/gif;base64,R0lGODlhEAAJAIAAAP\/\/\/wAAACH5BAEAAAAALAAAAAAQAAkAAAIKhI+py+0Po5yUFQA7\" alt=\"\"\/>   Skildrer historien bak julelandeplagen \u00abLast Christmas\u00bb, som fyller 40  <\/a> <\/p>\n<p>Forel\u00f8pig ligger \u00abXmas\u00bb 7000 enheter foran nummer to, som er Wham-juleklassikeren \u00abLast Christmas\u00bb, som har toppet listen i 2023 og 2024.<\/p>\n<p>Fortsatt Mariahs jul i USA<\/p>\n<p>Rett bak Wham f\u00f8lger Together for Palestine med l\u00e5ten \u00abLullabye\u00bb, fremf\u00f8rt av blant andre som Dan Smith fra Bastille, Neneh Cherry, Brian Eno og palestinske Nai Barghouti.<\/p>\n<p><img decoding=\"async\" src=\"data:image\/gif;base64,R0lGODlhEAAJAIAAAP\/\/\/wAAACH5BAEAAAAALAAAAAAQAAkAAAIKhI+py+0Po5yUFQA7\" alt=\"\"\/><br \/>\n  Mariah Carey tiner en gang i \u00e5ret og fyker opp til toppen av Billboard Hot 100.<br \/>\n  <strong>Foto:<\/strong> Greg Allen \/ AP \/ NTB<\/p>\n<p>Her hjemme er det Sias julel\u00e5t \u00abSnowman\u00bb fra 2017 som inntar f\u00f8rsteplass p\u00e5 <a href=\"https:\/\/topplista.no\/\" rel=\"noopener nofollow\" target=\"_blank\">Topplista<\/a>, der alle ti mest spilte l\u00e5tene p\u00e5 singellisten er julel\u00e5ter \u2013 i spennet fra Delara og Ramon til Mariah Careys evige \u00abAll I Want for Christmas\u00bb.<\/p>\n<p>Carey topper som vanlig i USA p\u00e5 <a href=\"https:\/\/www.billboard.com\/charts\/hot-100\/\" rel=\"noopener nofollow\" target=\"_blank\">Billboards Hot 100-liste<\/a>, fulgt av Wham med \u00abLast Christmas\u00bb og Brenda Lees 1958-klassiker \u00abRockin&#8217; Around The Christmas Tree\u00bb.<\/p>\n<p><a href=\"https:\/\/trdby.adressa.no\/kultur\/i\/8pwRLd\/storsuksess-tilbake-paa-skjermen-blir-ikke-jul-uten\" rel=\"nofollow noopener\" target=\"_blank\"> <img decoding=\"async\" src=\"data:image\/gif;base64,R0lGODlhEAAJAIAAAP\/\/\/wAAACH5BAEAAAAALAAAAAAQAAkAAAIKhI+py+0Po5yUFQA7\" alt=\"\"\/>   Storsuksess tilbake p\u00e5 skjermen: \u2013 Blir ikke jul uten!  <\/a> <a href=\"https:\/\/trdby.adressa.no\/kultur\/i\/63KJxo\/bbc-kaarer-chappell-roan-til-lyden-av-2025\" rel=\"nofollow noopener\" target=\"_blank\"> <img decoding=\"async\" src=\"data:image\/gif;base64,R0lGODlhEAAJAIAAAP\/\/\/wAAACH5BAEAAAAALAAAAAAQAAkAAAIKhI+py+0Po5yUFQA7\" alt=\"\"\/>   BBC k\u00e5rer Chappell Roan til \u00ablyden av 2025\u00bb  <\/a> <\/p>\n","protected":false},"excerpt":{"rendered":"Det skjer med den nygamle l\u00e5ten \u00abXmas\u00bb, if\u00f8lge Official Charts Company. Klarer \u00abXmas\u00bb \u00e5 beholde teten, kan det&hellip;\n","protected":false},"author":2,"featured_media":115109,"comment_status":"","ping_status":"","sticky":false,"template":"","format":"standard","meta":{"footnotes":""},"categories":[58],"tags":[2607,71,5593,10953,13976,13977,30,28,29,2422,72],"class_list":{"0":"post-115108","1":"post","2":"type-post","3":"status-publish","4":"format-standard","5":"has-post-thumbnail","7":"category-underholdning","8":"tag-billboard","9":"tag-entertainment","10":"tag-jul","11":"tag-julemusikk","12":"tag-kylie-minogue","13":"tag-mariah-carey","14":"tag-no","15":"tag-norge","16":"tag-norway","17":"tag-stargate","18":"tag-underholdning"},"share_on_mastodon":{"url":"https:\/\/pubeurope.com\/@no\/115732713511271293","error":""},"_links":{"self":[{"href":"https:\/\/www.europesays.com\/no\/wp-json\/wp\/v2\/posts\/115108","targetHints":{"allow":["GET"]}}],"collection":[{"href":"https:\/\/www.europesays.com\/no\/wp-json\/wp\/v2\/posts"}],"about":[{"href":"https:\/\/www.europesays.com\/no\/wp-json\/wp\/v2\/types\/post"}],"author":[{"embeddable":true,"href":"https:\/\/www.europesays.com\/no\/wp-json\/wp\/v2\/users\/2"}],"replies":[{"embeddable":true,"href":"https:\/\/www.europesays.com\/no\/wp-json\/wp\/v2\/comments?post=115108"}],"version-history":[{"count":0,"href":"https:\/\/www.europesays.com\/no\/wp-json\/wp\/v2\/posts\/115108\/revisions"}],"wp:featuredmedia":[{"embeddable":true,"href":"https:\/\/www.europesays.com\/no\/wp-json\/wp\/v2\/media\/115109"}],"wp:attachment":[{"href":"https:\/\/www.europesays.com\/no\/wp-json\/wp\/v2\/media?parent=115108"}],"wp:term":[{"taxonomy":"category","embeddable":true,"href":"https:\/\/www.europesays.com\/no\/wp-json\/wp\/v2\/categories?post=115108"},{"taxonomy":"post_tag","embeddable":true,"href":"https:\/\/www.europesays.com\/no\/wp-json\/wp\/v2\/tags?post=115108"}],"curies":[{"name":"wp","href":"https:\/\/api.w.org\/{rel}","templated":true}]}}