{"id":115110,"date":"2025-12-17T03:13:14","date_gmt":"2025-12-17T03:13:14","guid":{"rendered":"https:\/\/www.europesays.com\/no\/115110\/"},"modified":"2025-12-17T03:13:14","modified_gmt":"2025-12-17T03:13:14","slug":"sokndal-ordforer-krever-500-000-kroner-til-flomsikring-nrk-rogaland-lokale-nyheter-tv-og-radio","status":"publish","type":"post","link":"https:\/\/www.europesays.com\/no\/115110\/","title":{"rendered":"Sokndal-ordf\u00f8rer krever 500.000 kroner til flomsikring \u2013 NRK Rogaland \u2013 Lokale nyheter, TV og radio"},"content":{"rendered":"<p><strong>\u2013 Vi vet at dette vil skje igjen, det er helt sikkert. Det vil komme nye flommer i Sokndal, sier Mydland.<\/strong><\/p>\n<p>Tirsdag ettermiddag har han f\u00e5tt bedre overblikk over flommens herjinger i kommunen helt s\u00f8r i Rogaland, og han skryter av hvordan kommunens innbyggere og hjelpemannskaper har h\u00e5ndtert krisen.<\/p>\n<p>Lei av \u00e5 mase<\/p>\n<p>Samtidig er det meldt regn igjen natt til torsdag, og kommunen vil fortsatt ha krisestab.<\/p>\n<p>Han h\u00e5per de sentrale myndighetene n\u00e5 vil gi en halv milliard kroner til flomsikring av kulturhistoriske Sogndalstrand og kommunesenteret Hauge.<\/p>\n<p>Kommunen med dr\u00f8yt 3000 innbyggere har s\u00f8kt om midlene fra Norges vassdrags- og energidirektorat (NVE) til bygging av flomtunnel.<\/p>\n<p><strong>\u2013 Det er jo ikke pengene det st\u00e5r p\u00e5 i dette landet, det er vilje det st\u00e5r p\u00e5, sier ordf\u00f8reren.<\/strong><\/p>\n<p>Han er lei av stadig \u00e5 m\u00e5tte minne om situasjonen i kommunen. N\u00e5 h\u00e5per han p\u00e5 en snarlig l\u00f8sning.<\/p>\n<p>\u2013 Vi merker veldig godt at n\u00e5r det er et \u00e5r uten flom, s\u00e5 er det helt stille og ingen bryr seg, sier han.<\/p>\n<p><img decoding=\"async\"   src=\"data:image\/gif;base64,R0lGODlhAQABAIAAAAAAAP\/\/\/yH5BAEAAAAALAAAAAABAAEAAAIBRAA7\" loading=\"eager\" alt=\"Flom i Sokndal\" title=\"Foto: Eirik Gjesdal \/ NRK\"\/><\/p>\n<p class=\"\">Fra Sogndalstrand dagen etter storflommen.<\/p>\n<p>Foto: Eirik Gjesdal \/ NRK<\/p>\n<p>Vil ha lovnad fra energiministeren<\/p>\n<p>\u2013 Kan statsr\u00e5den forsikre Sokndal kommune og kommunens innbyggere om at s\u00f8knaden om \u00e5 gjennomf\u00f8re n\u00f8dvendig flomsikring vil bli innvilget s\u00e5 snart prosjektet er ferdig regulert og klart for gjennomf\u00f8ring?<\/p>\n<p>Tidligere Sokndal-ordf\u00f8rer Jonas Andersen Sayed (KrF) stilte i dag dette skriftlige sp\u00f8rsm\u00e5let til energiminister Terje Aasland (Ap).<\/p>\n<p>Andersen Sayed syns det er spesielt \u00e5 se hjemplassen sin p\u00e5 forsiden av de store nasjonale mediene.<\/p>\n<p><strong>\u2013 Jeg m\u00e5tte hatt b\u00e5t eller traktor for \u00e5 komme meg hjem til huset mitt n\u00e5. Jeg h\u00e5per det g\u00e5r bra med folk, og at de materielle skadene ikke blir altfor store, sier han.<\/strong><\/p>\n<p>I begrunnelsen til energiministeren skriver Andersen Sayed at Sokndal ligger flomutsatt til, og at det siste flomsonekartet fra 2019 viser at en 200-\u00e5rsflom kan gi flomh\u00f8yder p\u00e5 opptil tre meter i sentrum.<\/p>\n<p>De materielle skadekostnadene av en slik flom ble i 2022 beregnet av NVE til \u00e5 havne p\u00e5 850 millioner kroner.<\/p>\n<p>\u2013 Jeg ber derfor statsr\u00e5den forsikre Sokndal kommune og innbyggerne om at regjeringen vil stille opp n\u00e5r flomtunnel-prosjektet er ferdig regulert og klart for gjennomf\u00f8ring, avslutter Andersen Sayed.<\/p>\n<p>Familie: Det blir jul<\/p>\n<p>Mikal og Lone Olsen bor sammen med fire barn. De har kjelleren full av vann og har ikke f\u00e5tt mye s\u00f8vn de siste d\u00f8gnene. I g\u00e5r m\u00e5lte de 75\u201380 centimeter vann. Innend\u00f8rs.<\/p>\n<p>\u2013 Vi m\u00e5 bare sm\u00f8re oss med t\u00e5lmodighet. Det er mye som flyter og er \u00f8delagt, som vi m\u00e5 hive ut.<\/p>\n<p>De har bodd i huset i 14 \u00e5r, og de kommer fortsatt til \u00e5 bo her.<\/p>\n<p><strong>\u2013 Jeg syns det er et veldig fint lokalsamfunn. Og vi er flinke til \u00e5 hjelpe hverandre her, sier Lone.<\/strong><\/p>\n<p>De er oppgitt over situasjonen, men klarer \u00e5 se framover.<\/p>\n<p>\u2013 Vi klarer dette. Jul blir det uansett, sier Lone.<\/p>\n<p><img decoding=\"async\"   src=\"data:image\/gif;base64,R0lGODlhAQABAIAAAAAAAP\/\/\/yH5BAEAAAAALAAAAAABAAEAAAIBRAA7\" loading=\"eager\" alt=\"Flom i Sokndal\" title=\"Foto: Eirik Gjesdal \/ NRK\"\/><\/p>\n<p class=\"\">Mikal og Lone Olsen holder hum\u00f8ret oppe til tross for at kjelleren deres er full av vann og det n\u00e6rmer seg jul. <\/p>\n<p>Foto: Eirik Gjesdal \/ NRK<\/p>\n<p>Store kostnader<\/p>\n<p>Kommunedirekt\u00f8r Liza \u00d8verdal i Sokndal opplyser at kommunen fortsatt er i beredskap som f\u00f8lge av mer nedb\u00f8r de kommende dagene.<\/p>\n<p>Hun kan imidlertid allerede fastsl\u00e5 at flommen inneb\u00e6rer store utgifter.<\/p>\n<p>\u2013 \u00c9n ting er ekstra timer og ansatte over tid, men dette blir veldig dyrt for enkeltinnbyggere, forsikringsselskaper og kommunen, sier hun.<\/p>\n<p>Forsikringsselskapet Gjensidige har mottatt n\u00e6rmere 100 meldinger om vannskader i Rogaland de siste to dagene.<\/p>\n<p>\u2013 Det er vann i kjellere, vannlekkasjer gjennom tak og vegger og oversv\u00f8mmelser generelt, sier kommunikasjonssjef P\u00e5l Rune Eklo i Gjensidige.<\/p>\n<p>Flest skader har det kommet fra Stavanger, Sandnes og Sokndal. Forsikringsselskapet forventer at det vil fortsette \u00e5 str\u00f8mme p\u00e5 med skader.<\/p>\n<p>Ogs\u00e5 hos forsikringsselskapene If, Fremtind og Tryg har det str\u00f8mmet inn med skademeldinger.<\/p>\n<p>\u00d8yno i Sokndal er fortsatt isolert som f\u00f8lge av flommen. Men tirsdag kveld kom brannbilen seg over. H\u00e5pet til kommunen er at \u00f8ysamfunnet kan bli landfast igjen onsdag.<\/p>\n<p><img decoding=\"async\"   src=\"data:image\/gif;base64,R0lGODlhAQABAIAAAAAAAP\/\/\/yH5BAEAAAAALAAAAAABAAEAAAIBRAA7\" loading=\"eager\" alt=\"Flom i Sokndal\" title=\"Foto: Eirik Gjesdal \/ NRK\"\/><\/p>\n<p class=\"\">En rekke kjellere har f\u00e5tt store vannskader etter flommen. <\/p>\n<p>Foto: Eirik Gjesdal \/ NRK<\/p>\n<p>Publisert<\/p>\n<p>16.12.2025, kl. 19.23<\/p>\n","protected":false},"excerpt":{"rendered":"\u2013 Vi vet at dette vil skje igjen, det er helt sikkert. Det vil komme nye flommer i&hellip;\n","protected":false},"author":2,"featured_media":115111,"comment_status":"","ping_status":"","sticky":false,"template":"","format":"standard","meta":{"footnotes":""},"categories":[10],"tags":[20,21,24,25,15,22,23,13,30,28,29,14,16,26,27],"class_list":{"0":"post-115110","1":"post","2":"type-post","3":"status-publish","4":"format-standard","5":"has-post-thumbnail","7":"category-norge","8":"tag-breaking-news","9":"tag-breakingnews","10":"tag-featured-news","11":"tag-featurednews","12":"tag-headlines","13":"tag-latest-news","14":"tag-latestnews","15":"tag-news","16":"tag-no","17":"tag-norge","18":"tag-norway","19":"tag-nyheter","20":"tag-overskrifter","21":"tag-top-stories","22":"tag-topstories"},"share_on_mastodon":{"url":"https:\/\/pubeurope.com\/@no\/115732729249098438","error":""},"_links":{"self":[{"href":"https:\/\/www.europesays.com\/no\/wp-json\/wp\/v2\/posts\/115110","targetHints":{"allow":["GET"]}}],"collection":[{"href":"https:\/\/www.europesays.com\/no\/wp-json\/wp\/v2\/posts"}],"about":[{"href":"https:\/\/www.europesays.com\/no\/wp-json\/wp\/v2\/types\/post"}],"author":[{"embeddable":true,"href":"https:\/\/www.europesays.com\/no\/wp-json\/wp\/v2\/users\/2"}],"replies":[{"embeddable":true,"href":"https:\/\/www.europesays.com\/no\/wp-json\/wp\/v2\/comments?post=115110"}],"version-history":[{"count":0,"href":"https:\/\/www.europesays.com\/no\/wp-json\/wp\/v2\/posts\/115110\/revisions"}],"wp:featuredmedia":[{"embeddable":true,"href":"https:\/\/www.europesays.com\/no\/wp-json\/wp\/v2\/media\/115111"}],"wp:attachment":[{"href":"https:\/\/www.europesays.com\/no\/wp-json\/wp\/v2\/media?parent=115110"}],"wp:term":[{"taxonomy":"category","embeddable":true,"href":"https:\/\/www.europesays.com\/no\/wp-json\/wp\/v2\/categories?post=115110"},{"taxonomy":"post_tag","embeddable":true,"href":"https:\/\/www.europesays.com\/no\/wp-json\/wp\/v2\/tags?post=115110"}],"curies":[{"name":"wp","href":"https:\/\/api.w.org\/{rel}","templated":true}]}}