{"id":115114,"date":"2025-12-17T03:26:07","date_gmt":"2025-12-17T03:26:07","guid":{"rendered":"https:\/\/www.europesays.com\/no\/115114\/"},"modified":"2025-12-17T03:26:07","modified_gmt":"2025-12-17T03:26:07","slug":"andoya-ulovlig-droneflyvning-to-kinesere-botelagt-etter-droneflyging-pa-andoya","status":"publish","type":"post","link":"https:\/\/www.europesays.com\/no\/115114\/","title":{"rendered":"And\u00f8ya, Ulovlig droneflyvning | To kinesere b\u00f8telagt etter droneflyging p\u00e5 And\u00f8ya"},"content":{"rendered":"\n<p>If\u00f8lge politiet ble det meldt om droneflyging innenfor en forbudssone ved fergeleiet. Patruljer rykket ut og fikk kontroll p\u00e5 de to personene, som erkjente \u00e5 ha fl\u00f8yet drone i omr\u00e5det.<\/p>\n<p>Politiet beslagla de to dronene som ble brukt under flygingen, og begge dronepilotene ble avh\u00f8rt p\u00e5 stedet.<\/p>\n<p>\u2013 Etter avh\u00f8rene fikk begge forelegg p\u00e5 12.000 kroner, opplyser operasjonsleder Morten S\u00f8rensen i Nordland politidistrikt til NTB.<\/p>\n<p>B\u00e5de And\u00f8ya Space Center og And\u00f8ya lufthavn med mye milit\u00e6r aktivitet, ligger i n\u00e6rheten av fergeleiet og forbudssonen er p\u00e5 fem kilometer rundt flyplassen. Det betyr at det er forbudt \u00e5 fly droner p\u00e5 hele den nordlige delen av \u00f8ya.<\/p>\n","protected":false},"excerpt":{"rendered":"If\u00f8lge politiet ble det meldt om droneflyging innenfor en forbudssone ved fergeleiet. Patruljer rykket ut og fikk kontroll&hellip;\n","protected":false},"author":2,"featured_media":115115,"comment_status":"","ping_status":"","sticky":false,"template":"","format":"standard","meta":{"footnotes":""},"categories":[12],"tags":[20,21,24,25,15,22,23,13,30,28,29,14,16,26,27,42,43,44,45],"class_list":{"0":"post-115114","1":"post","2":"type-post","3":"status-publish","4":"format-standard","5":"has-post-thumbnail","7":"category-verden","8":"tag-breaking-news","9":"tag-breakingnews","10":"tag-featured-news","11":"tag-featurednews","12":"tag-headlines","13":"tag-latest-news","14":"tag-latestnews","15":"tag-news","16":"tag-no","17":"tag-norge","18":"tag-norway","19":"tag-nyheter","20":"tag-overskrifter","21":"tag-top-stories","22":"tag-topstories","23":"tag-verden","24":"tag-world","25":"tag-world-news","26":"tag-worldnews"},"share_on_mastodon":{"url":"https:\/\/pubeurope.com\/@no\/115732780276498489","error":""},"_links":{"self":[{"href":"https:\/\/www.europesays.com\/no\/wp-json\/wp\/v2\/posts\/115114","targetHints":{"allow":["GET"]}}],"collection":[{"href":"https:\/\/www.europesays.com\/no\/wp-json\/wp\/v2\/posts"}],"about":[{"href":"https:\/\/www.europesays.com\/no\/wp-json\/wp\/v2\/types\/post"}],"author":[{"embeddable":true,"href":"https:\/\/www.europesays.com\/no\/wp-json\/wp\/v2\/users\/2"}],"replies":[{"embeddable":true,"href":"https:\/\/www.europesays.com\/no\/wp-json\/wp\/v2\/comments?post=115114"}],"version-history":[{"count":0,"href":"https:\/\/www.europesays.com\/no\/wp-json\/wp\/v2\/posts\/115114\/revisions"}],"wp:featuredmedia":[{"embeddable":true,"href":"https:\/\/www.europesays.com\/no\/wp-json\/wp\/v2\/media\/115115"}],"wp:attachment":[{"href":"https:\/\/www.europesays.com\/no\/wp-json\/wp\/v2\/media?parent=115114"}],"wp:term":[{"taxonomy":"category","embeddable":true,"href":"https:\/\/www.europesays.com\/no\/wp-json\/wp\/v2\/categories?post=115114"},{"taxonomy":"post_tag","embeddable":true,"href":"https:\/\/www.europesays.com\/no\/wp-json\/wp\/v2\/tags?post=115114"}],"curies":[{"name":"wp","href":"https:\/\/api.w.org\/{rel}","templated":true}]}}