{"id":115120,"date":"2025-12-17T03:49:38","date_gmt":"2025-12-17T03:49:38","guid":{"rendered":"https:\/\/www.europesays.com\/no\/115120\/"},"modified":"2025-12-17T03:49:38","modified_gmt":"2025-12-17T03:49:38","slug":"var-ulovlig","status":"publish","type":"post","link":"https:\/\/www.europesays.com\/no\/115120\/","title":{"rendered":"Var ulovlig"},"content":{"rendered":"<p class=\"kicker \" style=\"\">Hyttesmell:<\/p>\n<p>  Statsforvalteren opphever Farsund kommunes dispensasjon i hyttesaken til kunnskapsministeren.<\/p>\n<p>\n    ULOVLIG: Hytten eies av familien til kunnskapsminister Kari Nessa Nordtun (Ap). Foto: Stian Lysberg Solum \/ NTB\n  <\/p>\n<p>Dispensasjonen til hyttebygging i strandsonen som Farsund kommune ga til familien til kunnskapsminister Kari Nessa Nordtun (Ap) tidligere i \u00e5r, var ulovlig, mener Statsforvalteren i Agder.<\/p>\n<p>Det opplyste statsforvalter Gina Lund p\u00e5 en pressekonferanse i Kristiansand tirsdag ettermiddag.<\/p>\n<p>&#8211; Vi har i lovlighetskontrollen kommet til at Farsund kommunes vedtak om dispensasjon er ugyldig, og vedtaket oppheves dermed, sa Lund p\u00e5 pressem\u00f8tet.<\/p>\n<p>        <img loading=\"lazy\" decoding=\"async\" src=\"https:\/\/www.europesays.com\/no\/wp-content\/uploads\/2025\/12\/83993715.webp\" width=\"980\" height=\"559\" title=\"HYTTA: P\u00e5 kartet til Naturbase er fotavtrykket til den nye hytta lagt inn, sees oppe til venstre rundt eksisterende naust. Skjermdump: Naturbase kart \/ NTB\" alt=\"\" class=\"\" style=\"--aspect-ratio-image: 1.75; \"\/><\/p>\n<p>\n        HYTTA: P\u00e5 kartet til Naturbase er fotavtrykket til den nye hytta lagt inn, sees oppe til venstre rundt eksisterende naust. Skjermdump: Naturbase kart \/ NTB\n    <\/p>\n<p>Statsforvalteren mener at vedtaket til kommunen bygger p\u00e5 en feil forst\u00e5else av dispensasjonsregelverket.<\/p>\n<p>&#8211; Blir vedtaket st\u00e5ende kan det skape usikkerhet om hvor grensen g\u00e5r og v\u00e6re skadelig for tilliten b\u00e5de lokalt og nasjonalt, mener Lund.<\/p>\n<p> Vil gjennomg\u00e5 flere saker\t<\/p>\n<p>Statsforvalteren har ogs\u00e5 gjennomg\u00e5tt sin egen praksis i slike saker og opplyste at de kommer til \u00e5 p\u00e5klage flere vedtak i strandsonen i Agder i tiden fremover.<\/p>\n<p>&#8211; Vi kommer til \u00e5 \u00e5pne lovlighetskontroll av tidligere fattede vedtak om dispensasjon i flere kommuner, og har innkalt til digitalt m\u00f8te med de kommunene det gjelder i morgen, fortsatt Lund.<\/p>\n<p>Hun understreket ogs\u00e5 at beslutningen om \u00e5 oppheve vedtaket ikke er et inngrep i det kommunale selvstyret til kommunen ettersom det hadde \u00e5penbare feil og mangler.<\/p>\n<p>Ny behandling\t<\/p>\n<p>Det betyr at kommunen da formelt sett har adgang til \u00e5 behandle dispensasjonssaken p\u00e5 nytt.<\/p>\n<p>Statsforvalteren i Agder valgte i slutten av november \u00e5 gjennomf\u00f8re en lovlighetskontroll av dispensasjonen som Farsund kommune ga til hyttebyggingen i strandsonen i Farsund.<\/p>\n<p>Kommunen har gitt tillatelse til \u00e5 bygge en rundt 130 kvadratmeter stor hytte i moderne stil med store glassflater, bare 11,5 meter fra vannkanten i et omr\u00e5de med byggeforbud i strandsonen.<\/p>\n<p>Det er generelt byggeforbud i strandsonen og avgj\u00f8relsen var ogs\u00e5 i strid med kommunedirekt\u00f8rens anbefaling.<\/p>\n<p>Klagde ikke\t<\/p>\n<p>Statsforvalteren ble varslet to ganger om saken, men valgte ikke \u00e5 p\u00e5klage dispensasjonsvedtaket da det ikke er rutine \u00e5 sjekke lovligheten av unntaket som ble gitt av kommunenes tekniske utvalg. Deres rutine er \u00e5 kun vurdere sakene juridisk dersom noen klager.<\/p>\n<p>Det var i mars i \u00e5r at svigerfaren til kunnskapsministeren s\u00f8kte om og fikk dispensasjon til \u00e5 bygge hytte p\u00e5 familiens eiendom i skj\u00e6rg\u00e5rden utenfor Farsund. I september ble eiendommen overdratt til Kari Nessa Nordtuns ektemann.<\/p>\n<p>Statsforvalteren i Agder fikk i november en anmodning om lovlighetskontroll etter at flere reagerte p\u00e5 dispensasjonen etter at\u00a0<a href=\"https:\/\/www.dn.no\/eiendom\/statsforvalteren-skal-undersoke-godkjenningen-av-kari-nessa-nordtuns-hytte\/2-1-1907558\" target=\"_blank\" rel=\"nofollow noopener\">Dagens N\u00e6ringsliv<\/a>\u00a0f\u00f8rst skrev om saken.<\/p>\n<p>If\u00f8lge avisen\u00a0<a href=\"https:\/\/www.lister24.no\/s\/qWBXLw\/her-kan-du-foelge-det-loepende-nyhetsbildet?pinnedEntry=631823\" target=\"_blank\" rel=\"nofollow noopener\">Lister<\/a>\u00a0sendte teknisk utvalg i kommunen i forrige uke et skriv til Statsforvalteren i Agder der de pekte p\u00e5 at det ikke fantes noe grunnlag for \u00e5 gj\u00f8re en slik lovlighetskontroll n\u00e5.<\/p>\n","protected":false},"excerpt":{"rendered":"Hyttesmell: Statsforvalteren opphever Farsund kommunes dispensasjon i hyttesaken til kunnskapsministeren. ULOVLIG: Hytten eies av familien til kunnskapsminister Kari&hellip;\n","protected":false},"author":2,"featured_media":115121,"comment_status":"","ping_status":"","sticky":false,"template":"","format":"standard","meta":{"footnotes":""},"categories":[5],"tags":[20,21,24,25,15,19,2539,22,23,17,18,13,30,28,29,14,16,26,27],"class_list":{"0":"post-115120","1":"post","2":"type-post","3":"status-publish","4":"format-standard","5":"has-post-thumbnail","7":"category-overskrifter","8":"tag-breaking-news","9":"tag-breakingnews","10":"tag-featured-news","11":"tag-featurednews","12":"tag-headlines","13":"tag-hovedoppslag","14":"tag-innenriks","15":"tag-latest-news","16":"tag-latestnews","17":"tag-main-news","18":"tag-mainnews","19":"tag-news","20":"tag-no","21":"tag-norge","22":"tag-norway","23":"tag-nyheter","24":"tag-overskrifter","25":"tag-top-stories","26":"tag-topstories"},"share_on_mastodon":{"url":"https:\/\/pubeurope.com\/@no\/115732870956610365","error":""},"_links":{"self":[{"href":"https:\/\/www.europesays.com\/no\/wp-json\/wp\/v2\/posts\/115120","targetHints":{"allow":["GET"]}}],"collection":[{"href":"https:\/\/www.europesays.com\/no\/wp-json\/wp\/v2\/posts"}],"about":[{"href":"https:\/\/www.europesays.com\/no\/wp-json\/wp\/v2\/types\/post"}],"author":[{"embeddable":true,"href":"https:\/\/www.europesays.com\/no\/wp-json\/wp\/v2\/users\/2"}],"replies":[{"embeddable":true,"href":"https:\/\/www.europesays.com\/no\/wp-json\/wp\/v2\/comments?post=115120"}],"version-history":[{"count":0,"href":"https:\/\/www.europesays.com\/no\/wp-json\/wp\/v2\/posts\/115120\/revisions"}],"wp:featuredmedia":[{"embeddable":true,"href":"https:\/\/www.europesays.com\/no\/wp-json\/wp\/v2\/media\/115121"}],"wp:attachment":[{"href":"https:\/\/www.europesays.com\/no\/wp-json\/wp\/v2\/media?parent=115120"}],"wp:term":[{"taxonomy":"category","embeddable":true,"href":"https:\/\/www.europesays.com\/no\/wp-json\/wp\/v2\/categories?post=115120"},{"taxonomy":"post_tag","embeddable":true,"href":"https:\/\/www.europesays.com\/no\/wp-json\/wp\/v2\/tags?post=115120"}],"curies":[{"name":"wp","href":"https:\/\/api.w.org\/{rel}","templated":true}]}}