{"id":115122,"date":"2025-12-17T03:56:46","date_gmt":"2025-12-17T03:56:46","guid":{"rendered":"https:\/\/www.europesays.com\/no\/115122\/"},"modified":"2025-12-17T03:56:46","modified_gmt":"2025-12-17T03:56:46","slug":"ford-f-150-lightning-snipp-snapp-snute","status":"publish","type":"post","link":"https:\/\/www.europesays.com\/no\/115122\/","title":{"rendered":"Ford F-150 Lightning: Snipp, snapp, snute"},"content":{"rendered":"<p class=\"kicker text-red color_mobile_text-red\" style=\"\">Ford F-150 Lightning:\u00a0<\/p>\n<p>  Ford setter ikke produksjonen i gang igjen, etter et midlertidig stopp.\u00a0<\/p>\n<p>\n    IKKE TYPISK NORSK: Likevel er det blit registrert n\u00e6r 900 eksemplarer her til lands. Foto: Fred Magne Skilleb\u00e6k\n  <\/p>\n<p>(Elbil24): Ford i USA snur n\u00e5 kraftig i elbilstrategien, noe som ogs\u00e5 vil f\u00e5<br \/>\nf\u00f8lger p\u00e5 v\u00e5r side av dammen. Den amerikanske bilgiganten kutter store deler av<br \/>\nsine elbilplaner og satser i stedet tyngre p\u00e5 bensin- og hybridbiler i hjemmemarkedet.<br \/>\nBakgrunnen er et elbilmarked som aldri tok av slik Ford hadde h\u00e5pet.<\/p>\n<p>Som vi meldte for en ukes tid siden gj\u00f8r de heller ikke store fremst\u00f8t<br \/>\nmed egne modeller i Europa, der de n\u00e5 har gjort en avtale med Renault-Nissan<br \/>\nalliansen, og skal lansere en Renault 5 i Ford-utgave. <\/p>\n<p>    <a itemprop=\"url\" href=\"https:\/\/www.elbil24.no\/pro\/25-elbiler-vi-ser-fram-til-i-2026\/83847457\" rel=\"nofollow noopener\" target=\"_blank\"><\/p>\n<p>        <img loading=\"lazy\" decoding=\"async\" src=\"https:\/\/www.europesays.com\/no\/wp-content\/uploads\/2025\/12\/1765943803_427_83851410.webp\" width=\"980\" height=\"441\" title=\"25 elbiler vi ser fram til i 2026\" alt=\"\" class=\"lazyload\" style=\"--aspect-ratio-image: 2.22; \"\/><\/p>\n<p>        25 elbiler vi ser fram til i 2026<\/p>\n<p>    <\/a><\/p>\n<p>Per i dag selger de ogs\u00e5 Ford Explorer EV og Ford Capri \u2013 to modeller<br \/>\nsom er basert p\u00e5 Volkswagens MEB plattform, tilsvarende ID.4 og ID.5. Capri kom<br \/>\nfaktisk p\u00e5 markedet omtrent samtidig som Volkswagen selv inns\u00e5 at ID.5 ikke var<br \/>\nnoe markedet \u00f8nsket, og la ned produksjonen. Dermed sitter Ford igjen med Ford<br \/>\nPuma, Ford Mustang Mach-E, og Ford F150 Lightning. Men n\u00e5 er det ogs\u00e5 slutt for<br \/>\nsistnevnte, til tross for at dette faktisk er en av de absolutt mest<br \/>\ninteressante bilene de har, blant elbilene. <\/p>\n<p>        <img loading=\"lazy\" decoding=\"async\" src=\"https:\/\/www.europesays.com\/no\/wp-content\/uploads\/2025\/12\/77077903.webp\" width=\"980\" height=\"559\" title=\"SUPER-PRAKTISK: Bilen har sv\u00e6rt mye godt \u00e5 by p\u00e5. Vi vil savne den. Foto: Fred Magne Skilleb\u00e6k\" alt=\"\" class=\"\" style=\"--aspect-ratio-image: 1.75; \"\/><\/p>\n<p>\n        SUPER-PRAKTISK: Bilen har sv\u00e6rt mye godt \u00e5 by p\u00e5. Vi vil savne den. Foto: Fred Magne Skilleb\u00e6k\n    <\/p>\n<p>Stanser produksjonen<\/p>\n<p>Strategiomleggingen vil koste Ford rundt 19,5<br \/>\nmilliarder dollar, if\u00f8lge selskapet selv. Det meste av regningen tas<br \/>\nallerede i fjerde kvartal i \u00e5r. Likevel fors\u00f8ker Ford \u00e5 berolige investorene:<br \/>\nPrognosene for 2025 heves til rundt 7 milliarder dollar i<br \/>\njustert driftsresultat, opp fra tidligere anslag.\u2013 Dette skyldes<br \/>\nfortsatt underliggende styrke i virksomheten og forbedringer p\u00e5 kostnadssiden,<br \/>\nskriver Ford.<\/p>\n<p>N\u00e5 er det slutt for F150 Lightning, etter mindre enn fire \u00e5r i<br \/>\nproduksjon.<\/p>\n<p>    <a itemprop=\"url\" href=\"https:\/\/www.elbil24.no\/nyheter\/krav-kan-ikke-selges-videre\/79074292\" rel=\"nofollow noopener\" target=\"_blank\"><\/p>\n<p>        <img loading=\"lazy\" decoding=\"async\" src=\"https:\/\/www.europesays.com\/no\/wp-content\/uploads\/2025\/12\/79098281.webp\" width=\"980\" height=\"441\" title=\"Reagerer p\u00e5 Ford-kontrakt\" alt=\"\" class=\"lazyload\" style=\"--aspect-ratio-image: 2.22; \"\/><\/p>\n<p>        Reagerer p\u00e5 Ford-kontrakt<\/p>\n<p>    <\/a><\/p>\n<p>Produksjonen ble allerede stanset i oktober etter en brann hos en<br \/>\nunderleverand\u00f8r. I stedet for \u00e5 starte opp igjen, velger Ford n\u00e5 \u00e5 flytte<br \/>\nressursene over til mer l\u00f8nnsomme bensin- og hybridutgaver av F-150. <\/p>\n<p>Men helt slutt for en elektrisk versjon er det ikke sikkert at det<br \/>\nblir, for det snakkes om at de har tenkt \u00e5 lage en pickup med eldrift, men som<br \/>\nogs\u00e5 f\u00e5r en rekkeviddeforlenger i form av en bensinmotor som generator, som<br \/>\nst\u00e5r og lager str\u00f8m. Ulempen er at denne teknologien er \u00e5 anse som en ladbar<br \/>\nhybrid i v\u00e5rt marked, noe som gir bilen avgifter p\u00e5 et niv\u00e5 som ikke gj\u00f8r den<br \/>\nsalgbar. <\/p>\n<p>    <a itemprop=\"url\" href=\"https:\/\/www.elbil24.no\/tester\/provekjort-elbil-doningen-som-er-blitt-for-populaer\/77077888\" rel=\"nofollow noopener\" target=\"_blank\"><\/p>\n<p>        <img loading=\"lazy\" decoding=\"async\" src=\"https:\/\/www.europesays.com\/no\/wp-content\/uploads\/2025\/12\/1765943805_77_77077903.webp\" width=\"147\" height=\"98\" title=\"Vi har pr\u00f8vekj\u00f8rt elbilen som er for popul\u00e6r\" alt=\"\" class=\"lazyload\" style=\"--aspect-ratio-image: 1.50; \"\/><\/p>\n<p>        Vi har pr\u00f8vekj\u00f8rt elbilen som er for popul\u00e6r<\/p>\n<p>    <\/a><\/p>\n<p>Dropper planlagte varebiler ogs\u00e5<\/p>\n<p>Ogs\u00e5 p\u00e5 varebilsiden kuttes elbilplanene, og p\u00e5tenkte elektriske<br \/>\nvarebiler blir n\u00e5 omgjort til biler med bensin- eller hybriddrift. En planlagt<br \/>\nelektrisk varebil som skulle bygges i Avon Lake i Ohio fra<br \/>\n2028, er n\u00e5 lagt i skuffen. I stedet skal fabrikken produsere en ny<br \/>\ngenerasjon varebiler med bensin- og hybriddrift fra 2029. <\/p>\n<p>Dermed f\u00f8yer Ford seg inn i rekken av bilprodusenter som n\u00e5<br \/>\njusterer elbilambisjonene, og vi kan nok tilegne Donald Trump og hans manglende<br \/>\ngr\u00f8nne vilje \u2013 alt under mottoet \u00abDrill, baby, drill\u00bb. <\/p>\n<p>\u00a0<\/p>\n","protected":false},"excerpt":{"rendered":"Ford F-150 Lightning:\u00a0 Ford setter ikke produksjonen i gang igjen, etter et midlertidig stopp.\u00a0 IKKE TYPISK NORSK: Likevel&hellip;\n","protected":false},"author":2,"featured_media":115123,"comment_status":"","ping_status":"","sticky":false,"template":"","format":"standard","meta":{"footnotes":""},"categories":[56],"tags":[60,61,267,13978,275,13979,62,30,28,29,14,5453],"class_list":{"0":"post-115122","1":"post","2":"type-post","3":"status-publish","4":"format-standard","5":"has-post-thumbnail","7":"category-naeringsliv","8":"tag-business","9":"tag-economy","10":"tag-elbil","11":"tag-f-150","12":"tag-ford","13":"tag-lightning","14":"tag-naeringsliv","15":"tag-no","16":"tag-norge","17":"tag-norway","18":"tag-nyheter","19":"tag-pickup"},"share_on_mastodon":{"url":"https:\/\/pubeurope.com\/@no\/115732898554996400","error":""},"_links":{"self":[{"href":"https:\/\/www.europesays.com\/no\/wp-json\/wp\/v2\/posts\/115122","targetHints":{"allow":["GET"]}}],"collection":[{"href":"https:\/\/www.europesays.com\/no\/wp-json\/wp\/v2\/posts"}],"about":[{"href":"https:\/\/www.europesays.com\/no\/wp-json\/wp\/v2\/types\/post"}],"author":[{"embeddable":true,"href":"https:\/\/www.europesays.com\/no\/wp-json\/wp\/v2\/users\/2"}],"replies":[{"embeddable":true,"href":"https:\/\/www.europesays.com\/no\/wp-json\/wp\/v2\/comments?post=115122"}],"version-history":[{"count":0,"href":"https:\/\/www.europesays.com\/no\/wp-json\/wp\/v2\/posts\/115122\/revisions"}],"wp:featuredmedia":[{"embeddable":true,"href":"https:\/\/www.europesays.com\/no\/wp-json\/wp\/v2\/media\/115123"}],"wp:attachment":[{"href":"https:\/\/www.europesays.com\/no\/wp-json\/wp\/v2\/media?parent=115122"}],"wp:term":[{"taxonomy":"category","embeddable":true,"href":"https:\/\/www.europesays.com\/no\/wp-json\/wp\/v2\/categories?post=115122"},{"taxonomy":"post_tag","embeddable":true,"href":"https:\/\/www.europesays.com\/no\/wp-json\/wp\/v2\/tags?post=115122"}],"curies":[{"name":"wp","href":"https:\/\/api.w.org\/{rel}","templated":true}]}}