{"id":115127,"date":"2025-12-17T04:07:11","date_gmt":"2025-12-17T04:07:11","guid":{"rendered":"https:\/\/www.europesays.com\/no\/115127\/"},"modified":"2025-12-17T04:07:11","modified_gmt":"2025-12-17T04:07:11","slug":"tenaring-pagrepet-for-drap-pa-ni-ar-gammel-jente","status":"publish","type":"post","link":"https:\/\/www.europesays.com\/no\/115127\/","title":{"rendered":"Ten\u00e5ring p\u00e5grepet for drap p\u00e5 ni \u00e5r gammel jente"},"content":{"rendered":"\n<p class=\"_lead_o9xde_2 _lead_xtcu6_50 layout-component text-serif-m layout-normal text-serif-l layout-component layout-wide layout-padded _wide_17hqh_1 layout-padded\">Politisjefen sier hele lokalsamfunnet er sjokkert over hendelsen.<\/p>\n<p><img alt=\" Foto: Ben Birchall \/ Pa Photos \/ NTB\" class=\"_image_qp4xg_65 layout-component layout-wide\" data-fullscreen- data-track-element-type=\"Article image fullscreen\" data-track-name=\"ImageFullscreen\" fetchpriority=\"high\" decoding=\"sync\" loading=\"eager\" height=\"2624\" itemprop=\"image\"  src=\"https:\/\/www.europesays.com\/no\/wp-content\/uploads\/2025\/12\/6f372eb3-a42a-4799-a04a-566132703727\"  style=\"object-position:0% 0%\" width=\"3936\"\/> Foto: Ben Birchall \/ Pa Photos \/ NTB<\/p>\n<ul aria-hidden=\"true\" class=\"_images_ntbth_112\">\n<li><a class=\"_link_ntbth_117\" href=\"https:\/\/www.vg.no\/forfatter\/emma-fondenes-oevreboe\" style=\"z-index:1\" title=\"Emma Fondenes \u00d8vreb\u00f8\" rel=\"nofollow noopener\" target=\"_blank\"><img alt=\"Bilde av Emma Fondenes \u00d8vreb\u00f8\" class=\"_image_ntbth_93\" fetchpriority=\"low\" loading=\"lazy\" decoding=\"async\" itemprop=\"image\"  src=\"https:\/\/www.europesays.com\/no\/wp-content\/uploads\/2025\/12\/1765944429_892_a3715f19-7e77-4fbf-b20f-7d6f5cb479de\"  width=\"480\"\/><\/a><\/li>\n<\/ul>\n<p> Oppdatert onsdag 17. desember kl. 04:51    <\/p>\n<ul class=\"_list_o9xde_3 _list_64s2r_85 _unordered_o9xde_106 text-sans-m\">\n<li class=\"_item_o9xde_30\">En ten\u00e5ring er p\u00e5grepet mistenkt for drap etter at en ni \u00e5r gammel jente ble funnet d\u00f8d i Somerset, England.<\/li>\n<li class=\"_item_o9xde_30\">N\u00f8detatene ble tilkalt til en adresse i Weston-super-Mare mandag kveld, hvor jenten ble erkl\u00e6rt d\u00f8d.<\/li>\n<li class=\"_item_o9xde_30\">Politisjef Jen Appleford sier hele lokalsamfunnet er sjokkert over hendelsen.<\/li>\n<\/ul>\n<p>Vis mer <\/p>\n<p class=\"_paragraph_o9xde_4 _paragraph_xtcu6_10 layout-component text-serif-m layout-normal text-serif-m layout-padded\">En ten\u00e5ring er p\u00e5grepet mistenkt for drap etter at en ni \u00e5r gammel jente ble funnet d\u00f8d i Somerset i <a href=\"https:\/\/www.vg.no\/tag\/england?utm_source=vg-article&amp;utm_medium=auto-tagger&amp;utm_campaign=L40KzV\" class=\"_link_o9xde_39\" rel=\"nofollow noopener\" target=\"_blank\">England<\/a> mandag kveld, melder <a href=\"https:\/\/news.sky.com\/story\/teenage-boy-arrested-on-suspicion-of-murder-after-death-of-nine-year-old-girl-in-weston-super-mare-13483801\" class=\"_link_o9xde_39\" rel=\"nofollow noopener\" target=\"_blank\">Sky News<\/a>.<\/p>\n<p class=\"_paragraph_o9xde_4 _paragraph_xtcu6_10 layout-component text-serif-m layout-normal text-serif-m layout-padded\">N\u00f8detatene ble tilkalt til en adresse i Weston-super-Mare mandag klokken 18.09 mandag. Jenta ble erkl\u00e6rt d\u00f8d p\u00e5 stedet.<\/p>\n<p class=\"_paragraph_o9xde_4 _paragraph_xtcu6_10 layout-component text-serif-m layout-normal text-serif-m layout-padded\">Ti minutter senere, klokken 18.19, ble en ten\u00e5ring p\u00e5grepet i landsbyen Worle. Han sitter fortsatt varetektsfengslet, skriver kanalen. Det er ukjent hvordan han stiller seg til anklagene.<\/p>\n<p><img alt=\"Foto: Ben Birchall \/ Pa Photos \/ NTB\" class=\"_image_qp4xg_65 layout-component layout-normal\" data-fullscreen- data-track-element-type=\"Article image fullscreen\" data-track-name=\"ImageFullscreen\" decoding=\"async\" loading=\"lazy\" height=\"2726\" itemprop=\"image\"  src=\"https:\/\/www.europesays.com\/no\/wp-content\/uploads\/2025\/12\/271f6dc2-00f6-4065-853d-1108aa66ed55\"  style=\"object-position:0% 0%\" width=\"4000\"\/>Foto: Ben Birchall \/ Pa Photos \/ NTB<\/p>\n<p class=\"_paragraph_o9xde_4 _paragraph_xtcu6_10 layout-component text-serif-m layout-normal text-serif-m layout-padded\">Politiet har sperret av omr\u00e5det og gjennomf\u00f8rer unders\u00f8kelser, inkludert \u00e5 g\u00e5 d\u00f8r til d\u00f8r i nabolaget.<\/p>\n<p class=\"_paragraph_o9xde_4 _paragraph_xtcu6_10 layout-component text-serif-m layout-normal text-serif-m layout-padded\">\u2013 Vi vet at hele Weston-super-Mare vil v\u00e6re fortvilt og sjokkert over \u00e5 h\u00f8re denne forferdelige nyheten, sier politisjef Jen Appleford fra Avon and Somerset-politiet.<\/p>\n<p><img decoding=\"async\" alt=\"Bilde av Jen Appleford\" class=\"_image_ygndg_42\" height=\"23\" itemprop=\"image\" loading=\"lazy\"  src=\"https:\/\/www.europesays.com\/no\/wp-content\/uploads\/2025\/12\/92bb4c4d-c06d-4c1c-b059-17bc5ddd9d35\"  width=\"40\"\/><strong class=\"_name_ygndg_51 title-serif-xs\">Jen Appleford<\/strong><\/p>\n<p class=\"_paragraph_o9xde_4 text-sans-m _description_ygndg_56\">Politisjef<\/p>\n<p class=\"_paragraph_o9xde_4 _paragraph_xtcu6_10 layout-component text-serif-m layout-normal text-serif-m layout-padded\">Hun forteller at jentas familie ble informert om det som hadde skjedd mandag kveld.<\/p>\n<p class=\"_paragraph_o9xde_4 _paragraph_xtcu6_10 layout-component text-serif-m layout-normal text-serif-m layout-padded\">\u2013 Det er umulig for oss \u00e5 sette ord p\u00e5 smerten og lidelsen de f\u00f8ler akkurat n\u00e5. V\u00e5re dypeste kondolanser g\u00e5r til dem, sier Appleford.<\/p>\n<p class=\"_paragraph_o9xde_4 _paragraph_xtcu6_10 layout-component text-serif-m layout-normal text-serif-m layout-padded\">\u2013 Av respekt for familien ber vi folk om \u00e5 ikke spekulere i omstendighetene eller identiteten til de involverte, da dette bare vil \u00f8ke deres enorme lidelse, forteller politisjefen if\u00f8lge <a href=\"https:\/\/www.bbc.com\/news\/articles\/c62d0vezjw3o?at_medium=RSS&amp;at_campaign=rss\" class=\"_link_o9xde_39\" rel=\"nofollow noopener\" target=\"_blank\">BBC<\/a>.<\/p>\n<p class=\"_paragraph_o9xde_4 _paragraph_xtcu6_10 layout-component text-serif-m layout-normal text-serif-m layout-padded\">Politiet har ikke fullf\u00f8rt den formelle identifiseringen av jenta enn\u00e5. En obduksjon vil ogs\u00e5 bli gjennomf\u00f8rt.<\/p>\n<p><img alt=\"Foto: Ben Birchall \/ Pa Photos \/ NTB\" class=\"_image_qp4xg_65 layout-component layout-normal\" data-fullscreen- data-track-element-type=\"Article image fullscreen\" data-track-name=\"ImageFullscreen\" decoding=\"async\" loading=\"lazy\" height=\"2680\" itemprop=\"image\"  src=\"https:\/\/www.europesays.com\/no\/wp-content\/uploads\/2025\/12\/ae997f0b-51d3-4872-813c-4c6fd36949ac\"  style=\"object-position:0% 0%\" width=\"4000\"\/>Foto: Ben Birchall \/ Pa Photos \/ NTB<\/p>\n<p class=\"_paragraph_o9xde_4 _paragraph_xtcu6_10 layout-component text-serif-m layout-normal text-serif-m layout-padded\">Leder av North Somerset Council, Mike Bell, sier han er sjokkert og lei seg over hendelsen.<\/p>\n<p class=\"_paragraph_o9xde_4 _paragraph_xtcu6_10 layout-component text-serif-m layout-normal text-serif-m layout-padded\">\u2013 Mine tanker g\u00e5r til alle ber\u00f8rte, s\u00e6rlig familien og vennene til jenta som har mistet livet, sier Bell.<\/p>\n<p class=\"_paragraph_o9xde_4 _paragraph_xtcu6_10 layout-component text-serif-m layout-normal text-serif-m layout-padded\">Glynis Field, som har bodd i omr\u00e5det i 49 \u00e5r, forteller til BBC at hun aldri har sett s\u00e5 mange politibiler, ambulanser og v\u00e6pnede politifolk i hele sitt liv.<\/p>\n<p class=\"_paragraph_o9xde_4 _paragraph_xtcu6_10 layout-component text-serif-m layout-normal text-serif-m layout-padded\">\u2013 Det er forferdelig, fryktelig, helt forferdelig.<\/p>\n","protected":false},"excerpt":{"rendered":"Politisjefen sier hele lokalsamfunnet er sjokkert over hendelsen. Foto: Ben Birchall \/ Pa Photos \/ NTB Oppdatert onsdag&hellip;\n","protected":false},"author":2,"featured_media":115128,"comment_status":"","ping_status":"","sticky":false,"template":"","format":"standard","meta":{"footnotes":""},"categories":[12],"tags":[20,21,4835,24,25,15,22,23,13,30,28,29,14,16,26,27,42,46,43,44,45],"class_list":{"0":"post-115127","1":"post","2":"type-post","3":"status-publish","4":"format-standard","5":"has-post-thumbnail","7":"category-verden","8":"tag-breaking-news","9":"tag-breakingnews","10":"tag-england","11":"tag-featured-news","12":"tag-featurednews","13":"tag-headlines","14":"tag-latest-news","15":"tag-latestnews","16":"tag-news","17":"tag-no","18":"tag-norge","19":"tag-norway","20":"tag-nyheter","21":"tag-overskrifter","22":"tag-top-stories","23":"tag-topstories","24":"tag-verden","25":"tag-vgai","26":"tag-world","27":"tag-world-news","28":"tag-worldnews"},"share_on_mastodon":{"url":"https:\/\/pubeurope.com\/@no\/115732941830800019","error":""},"_links":{"self":[{"href":"https:\/\/www.europesays.com\/no\/wp-json\/wp\/v2\/posts\/115127","targetHints":{"allow":["GET"]}}],"collection":[{"href":"https:\/\/www.europesays.com\/no\/wp-json\/wp\/v2\/posts"}],"about":[{"href":"https:\/\/www.europesays.com\/no\/wp-json\/wp\/v2\/types\/post"}],"author":[{"embeddable":true,"href":"https:\/\/www.europesays.com\/no\/wp-json\/wp\/v2\/users\/2"}],"replies":[{"embeddable":true,"href":"https:\/\/www.europesays.com\/no\/wp-json\/wp\/v2\/comments?post=115127"}],"version-history":[{"count":0,"href":"https:\/\/www.europesays.com\/no\/wp-json\/wp\/v2\/posts\/115127\/revisions"}],"wp:featuredmedia":[{"embeddable":true,"href":"https:\/\/www.europesays.com\/no\/wp-json\/wp\/v2\/media\/115128"}],"wp:attachment":[{"href":"https:\/\/www.europesays.com\/no\/wp-json\/wp\/v2\/media?parent=115127"}],"wp:term":[{"taxonomy":"category","embeddable":true,"href":"https:\/\/www.europesays.com\/no\/wp-json\/wp\/v2\/categories?post=115127"},{"taxonomy":"post_tag","embeddable":true,"href":"https:\/\/www.europesays.com\/no\/wp-json\/wp\/v2\/tags?post=115127"}],"curies":[{"name":"wp","href":"https:\/\/api.w.org\/{rel}","templated":true}]}}