{"id":11514,"date":"2025-08-18T15:55:16","date_gmt":"2025-08-18T15:55:16","guid":{"rendered":"https:\/\/www.europesays.com\/no\/11514\/"},"modified":"2025-08-18T15:55:16","modified_gmt":"2025-08-18T15:55:16","slug":"nyheter-mongstad-her-star-sjaforen-pa-floyten-mot-demonstrantene","status":"publish","type":"post","link":"https:\/\/www.europesays.com\/no\/11514\/","title":{"rendered":"Nyheter, Mongstad | Her st\u00e5r sj\u00e5f\u00f8ren p\u00e5 fl\u00f8yten mot demonstrantene"},"content":{"rendered":"\n<p>Rundt 1430-tiden kom et vogntog mot blokkaden til aksjonistene. Der sto han og tutet mot de mange som sperret veien.<\/p>\n<p>Da svarte aksjonistene med kamprop, og flere gikk i gang med \u00e5 filme sj\u00e5f\u00f8ren.<\/p>\n<p>Politiet var raskt p\u00e5 saken og satte seg inn i f\u00f8rerhuset for \u00e5 ta en prat med mannen.<\/p>\n<p>BA har v\u00e6rt i kontakt med lastebilsj\u00e5f\u00f8ren.<\/p>\n<p><b>\u2013 Jeg demonstrerte bare litt tilbake mot dem, sier han.<\/b><\/p>\n<p>Frustrerende situasjon<\/p>\n<p>Yrkesj\u00e5f\u00f8ren forteller at han ikke kunne forlate Mongstad p\u00e5 grunn av demonstrasjonen.<\/p>\n<p>  <a href=\"https:\/\/www.ba.no\/5-8-3125603\" class=\"related-teaser has-image default-story-teaser article--c-eRUmMG article--c-eRUmMG-jKCPdD-design-default\" rel=\"nofollow noopener\" target=\"_blank\"><\/p>\n<p>    <img decoding=\"async\" loading=\"lazy\"  src=\"https:\/\/www.europesays.com\/no\/wp-content\/uploads\/2025\/08\/EH8_0928.jpg\" alt=\"\" class=\"brick-c-cFOWSL\" style=\"\"\/><\/p>\n<p>\n            Les ogs\u00e5<\/p>\n<p>              Utl\u00f8ser kraftige reaksjoner: \u2013 Ser p\u00e5 dem med forakt og null sympati\n        <\/p>\n<p>  <\/a><\/p>\n<p>Han synes at de kunne holdt seg til \u00e5 sperre innkj\u00f8ringen.<\/p>\n<p>\u2013 Jeg er sperret inne her. Det er helt idiotisk, sier den oppgitte sj\u00e5f\u00f8ren, som \u00f8nsker \u00e5 v\u00e6re anonym.<\/p>\n<p>Han forteller at han kom til Mongstad s\u00f8ndag kveld og sov i f\u00f8rerhuset.<\/p>\n<p><b>\u2013 Jeg f\u00e5r ikke g\u00e5tt p\u00e5 do eller noe, det er tragisk. <\/b><\/p>\n<p>  <a href=\"https:\/\/www.ba.no\/5-8-3124990\" class=\"related-teaser has-image default-story-teaser article--c-eRUmMG article--c-eRUmMG-jKCPdD-design-default\" rel=\"nofollow noopener\" target=\"_blank\"><\/p>\n<p>    <img decoding=\"async\" loading=\"lazy\"  src=\"https:\/\/www.europesays.com\/no\/wp-content\/uploads\/2025\/08\/EH8_0950_2.jpg\" alt=\"\" class=\"brick-c-cFOWSL\" style=\"\"\/><\/p>\n<p>\n            Les ogs\u00e5<\/p>\n<p>              Greta Thunberg i storstilt demonstrasjon p\u00e5 Mongstad\n        <\/p>\n<p>  <\/a><\/p>\n<p>Klokken 1611 melder politiets operasjonsleder Bjarte Rebnord at en lastebil som fors\u00f8kte \u00e5 kj\u00f8re ut fra omr\u00e5det, snudde og kj\u00f8rte inn igjen.<\/p>\n<p>\u2013 Det er rolig p\u00e5 stedet n\u00e5.<\/p>\n<p>\u2013 Et brudd p\u00e5 loven<\/p>\n<p>Tidligere mandag ble flere demonstranter fra Extinction Rebellion l\u00f8ftet vekk fra kajakker og inn i politibiler.<\/p>\n<p>    Vil du se neste video?<\/p>\n<p>    <a href=\"https:\/\/www.ba.no\/en-once-in-a-lifetime-opplevelse\/v\/5-8-3121508\" class=\"recommend-poster\" data-adp-clicklabel=\"video-recommend\" data-adp-clickvalue=\"poster\" rel=\"nofollow noopener\" target=\"_blank\"><br \/>\n      <img decoding=\"async\" width=\"200\" height=\"200\" loading=\"lazy\" src=\"https:\/\/www.europesays.com\/no\/wp-content\/uploads\/2025\/08\/v-i-b335bcfa-419a-400e-a9d9-0b517f9d22e8-0.jpg\" alt=\"\" class=\"brick-c-cFOWSL\" style=\"--brick-image-ratio: 200 \/ 200;\"\/><\/p>\n<p>\u2013 En \u00abonce in a lifetime\u00bb-opplevelse1:07<\/p>\n<p>    <\/a><\/p>\n<p>BA har observert at minst fem demonstranter har blitt b\u00e5ret inn i bilene.<\/p>\n<p>Aktivist Greta Thunberg var der da det skjedde. Hun fikk st\u00e5 i fred av politiet.<\/p>\n<p>   <img decoding=\"async\" width=\"4128\" height=\"2752\" fetchpriority=\"low\"  loading=\"lazy\"  src=\"https:\/\/www.europesays.com\/no\/wp-content\/uploads\/2025\/08\/EH9_0854+%281%29.jpg\" alt=\"\" class=\"brick-c-cFOWSL\" style=\"--brick-image-ratio: 4128 \/ 2752;\"\/><\/p>\n<p>    Foto: EIRIK HAGES\u00c6TER\n  <\/p>\n<p>  Ti anmeldt<\/p>\n<p>Politiet opplyser at ti personer er anmeldt for brudd p\u00e5 sikkerhetssonen i forbindelse med demonstrasjonen. Samtlige er ogs\u00e5 anmeldt for ikke \u00e5 ha fulgt p\u00e5legg fra politiet.<\/p>\n<p>Fire utenlandske statsborgere \u00f8nsket ikke \u00e5 oppgi identitet til politiet. Disse ble derfor innbrakt til politihuset i Bergen.<\/p>\n<p>\u2013 Tre av dem fremviste etter hvert ID-dokumenter og ble umiddelbart dimittert. Den siste, en svensk statsborger, har vi ogs\u00e5 kontroll p\u00e5 og vedkommende er ogs\u00e5 dimittert. Disse fire \u2013 to italienere og to svensker &#8211; er anmeldt for ikke \u00e5 ha oppgitt personalia til politiet, opplyser operasjonsleder Bjarte Rebnord i Vest politidistrikt.<\/p>\n<p>\u2013 Vi er opptatt av sikkerheten til aksjonistene og folk p\u00e5 anlegget. Vi ba om at de i kajakkene skulle fjernes da de br\u00f8t sikkerhetssonen. Disse er etablert for at det skal v\u00e6re trygt og at ingen skal komme til skade om det skjer uforutsette ting, forteller pressetalsperson Ola Morten Aanestad i Equinor.<\/p>\n<p><b>\u2013 Et brudd p\u00e5 sikkerhetssonen er et brudd p\u00e5 loven, og da blir det en politisak, sier han.<\/b><\/p>\n<p>\u2013En del av ytringsfriheten<\/p>\n<p>Innsatsleder p\u00e5 stedet Kent-Ove Haaland opplyste til pressen at aksjonistene fortsatt holder stand klokken 1330.<\/p>\n<p><b>\u2013 Veiene er fortsatt stengt og de demonstrerer innenfor rammene som er gitt for disse typen aksjoner. Aksjonistene \u00f8nsker \u00e5 fortsette gjennom kvelden og natten, sier han til BA p\u00e5 stedet. <\/b><\/p>\n<p>Grunnen til at de f\u00e5r fortsette s\u00e5 lenge er klar:<\/p>\n<p>\u2013 Slik som de driver n\u00e5, er det en stille og rolig markering. Det er en del av ytringsfriheten \u00e5 f\u00e5 lov \u00e5 komme med sitt budskap. Per n\u00e5 skal de f\u00e5 bli v\u00e6rende.<\/p>\n<p>\n          Stopp video<\/p>\n<p>          <video data-standalone=\"false\" preload=\"none\" muted=\"\" loop=\"\" playsinline=\"\" autoplay=\"\"><\/p>\n<p>          <\/video>\n        <\/p>\n<p>\u2013 Hva m\u00e5 til for at dere avbryter demonstrasjonen? <\/p>\n<p>\u2013 Det blir en fortl\u00f8pende vurdering. N\u00e5 holder de seg innenfor f\u00f8ringene v\u00e5re, og vi har god dialog med dem. Det m\u00e5 ekstraordin\u00e6re hendelser til for at vi skal aktivt gripe inn.<\/p>\n<p>   <img decoding=\"async\" width=\"4128\" height=\"2752\" fetchpriority=\"low\"  loading=\"lazy\"  src=\"https:\/\/www.europesays.com\/no\/wp-content\/uploads\/2025\/08\/EH9_0868.jpg\" alt=\"\" class=\"brick-c-cFOWSL\" style=\"--brick-image-ratio: 4128 \/ 2752;\"\/><\/p>\n<p>    Kajakkene til demonstrantene fjernes.<br \/>\n    Foto: EIRIK HAGES\u00c6TER\n  <\/p>\n<p><b>Demonstrantene har blant annet f\u00e5tt beskjed om at n\u00f8detatene skal ha passasje p\u00e5 veiene, dersom en hendelse skulle oppst\u00e5.<\/b><\/p>\n<p>      Vi gj\u00f8r ingenting galt<\/p>\n<p><b>BA snakket med en av demonstrantene rett f\u00f8r han ble b\u00e5ret vekk av politiet.<\/b><\/p>\n<p>\u2013 Etter v\u00e5r mening gj\u00f8r vi ingenting galt, vi padler kajakkene v\u00e5re og demonstrerer mot noe vi tenker burde v\u00e6rt ulovlig, og en industri som ikke burde eksistere p\u00e5 planeten v\u00e5r, sier mannen som kaller seg selv Simone.<\/p>\n<p>De har padlet inn forbi det som har blitt definert som en sikkerhetssone.<\/p>\n<p>   <img decoding=\"async\" width=\"1185\" height=\"731\" fetchpriority=\"low\"  loading=\"lazy\"  src=\"https:\/\/www.europesays.com\/no\/wp-content\/uploads\/2025\/08\/DRAMA.PNG\" alt=\"\" class=\"brick-c-cFOWSL\" style=\"--brick-image-ratio: 1185 \/ 731;\"\/><\/p>\n<p>    Her l\u00f8ftes demonstranten fra stedet. <\/p>\n<p><b>\u2013 Vi vil vise v\u00e5r mening til partiene i forkant av valget, og samtidig blokkere skipene fra \u00e5 komme og g\u00e5, sier han.<\/b><\/p>\n<p>  <a href=\"https:\/\/www.ba.no\/5-8-3125349\" class=\"related-teaser has-image default-story-teaser article--c-eRUmMG article--c-eRUmMG-jKCPdD-design-default\" rel=\"nofollow noopener\" target=\"_blank\"><\/p>\n<p>    <img decoding=\"async\" loading=\"lazy\"  src=\"https:\/\/www.europesays.com\/no\/wp-content\/uploads\/2025\/08\/EH8_1484.JPG\" alt=\"\" class=\"brick-c-cFOWSL\" style=\"\"\/><\/p>\n<p>\n            Les ogs\u00e5<\/p>\n<p>              Aurora har ankommet Mongstad: \u2013 En n\u00f8dvendig aksjon\n        <\/p>\n<p>  <\/a><\/p>\n","protected":false},"excerpt":{"rendered":"Rundt 1430-tiden kom et vogntog mot blokkaden til aksjonistene. Der sto han og tutet mot de mange som&hellip;\n","protected":false},"author":2,"featured_media":11515,"comment_status":"","ping_status":"","sticky":false,"template":"","format":"standard","meta":{"footnotes":""},"categories":[5],"tags":[36,20,21,24,25,15,19,22,23,17,18,1665,13,30,28,29,14,16,254,1510,26,27],"class_list":{"0":"post-11514","1":"post","2":"type-post","3":"status-publish","4":"format-standard","5":"has-post-thumbnail","7":"category-overskrifter","8":"tag-art","9":"tag-breaking-news","10":"tag-breakingnews","11":"tag-featured-news","12":"tag-featurednews","13":"tag-headlines","14":"tag-hovedoppslag","15":"tag-latest-news","16":"tag-latestnews","17":"tag-main-news","18":"tag-mainnews","19":"tag-mongstad","20":"tag-news","21":"tag-no","22":"tag-norge","23":"tag-norway","24":"tag-nyheter","25":"tag-overskrifter","26":"tag-politi","27":"tag-story","28":"tag-top-stories","29":"tag-topstories"},"share_on_mastodon":{"url":"","error":""},"_links":{"self":[{"href":"https:\/\/www.europesays.com\/no\/wp-json\/wp\/v2\/posts\/11514","targetHints":{"allow":["GET"]}}],"collection":[{"href":"https:\/\/www.europesays.com\/no\/wp-json\/wp\/v2\/posts"}],"about":[{"href":"https:\/\/www.europesays.com\/no\/wp-json\/wp\/v2\/types\/post"}],"author":[{"embeddable":true,"href":"https:\/\/www.europesays.com\/no\/wp-json\/wp\/v2\/users\/2"}],"replies":[{"embeddable":true,"href":"https:\/\/www.europesays.com\/no\/wp-json\/wp\/v2\/comments?post=11514"}],"version-history":[{"count":0,"href":"https:\/\/www.europesays.com\/no\/wp-json\/wp\/v2\/posts\/11514\/revisions"}],"wp:featuredmedia":[{"embeddable":true,"href":"https:\/\/www.europesays.com\/no\/wp-json\/wp\/v2\/media\/11515"}],"wp:attachment":[{"href":"https:\/\/www.europesays.com\/no\/wp-json\/wp\/v2\/media?parent=11514"}],"wp:term":[{"taxonomy":"category","embeddable":true,"href":"https:\/\/www.europesays.com\/no\/wp-json\/wp\/v2\/categories?post=11514"},{"taxonomy":"post_tag","embeddable":true,"href":"https:\/\/www.europesays.com\/no\/wp-json\/wp\/v2\/tags?post=11514"}],"curies":[{"name":"wp","href":"https:\/\/api.w.org\/{rel}","templated":true}]}}