{"id":115180,"date":"2025-12-17T06:11:19","date_gmt":"2025-12-17T06:11:19","guid":{"rendered":"https:\/\/www.europesays.com\/no\/115180\/"},"modified":"2025-12-17T06:11:19","modified_gmt":"2025-12-17T06:11:19","slug":"kortslutning-om-hyttestrom-og-norgespris-dagens-naeringsliv","status":"publish","type":"post","link":"https:\/\/www.europesays.com\/no\/115180\/","title":{"rendered":"Kortslutning om hyttestr\u00f8m og norgespris &#8211; Dagens N\u00e6ringsliv"},"content":{"rendered":"<ol>\n<li><a href=\"https:\/\/news.google.com\/rss\/articles\/CBMihAFBVV95cUxNQUVTSW5jdGtZTzk5Vl9nWUFLTTBaR2hCRGk0LVZQVTFIaEh0YmN2ekpHZXZ0Yl9Pa002aWcxLVlvWERCU1VGa0tZTFBnVzFKam5fNEUzWUZmMWpKYkhuYXVGSWxyYm92NmFIaURKRDlfSXNGbjM2YWxzOG5ZSGxldDlHWk4?oc=5\" target=\"_blank\" rel=\"nofollow noopener\">Kortslutning om hyttestr\u00f8m og norgespris<\/a>&nbsp;&nbsp;Dagens N\u00e6ringsliv<\/li>\n<li><a href=\"https:\/\/news.google.com\/rss\/articles\/CBMijAFBVV95cUxPbEVCQXhDNHdIU0xaNDU1QWxjU19USFNWS0R1RmtXbnBHRURXLUdFMFU3NzRhSjhrZXhQOEJxUTdSWlNYVWtZS0o5cGJHVnliRVJtUzFlU2s1UHhPVVU0bU5hcGhVTGJId3JMN3E0RmF2aWxjSWhLcnZoQ0NwTGdCM3lfU1RVd2o3emJQMg?oc=5\" target=\"_blank\" rel=\"nofollow noopener\">S\u00e5 mange har valgt Norgespris i din kommune<\/a>&nbsp;&nbsp;E24<\/li>\n<li><a href=\"https:\/\/news.google.com\/rss\/articles\/CBMimwFBVV95cUxPa2xKT3dETXg0UnJRM1Npc1VVZXJsa05Ock5HLVZUMW11dG9uY25HNFBlbW8wbzBNVkxFdVY2b2U0b21xZEwwaFlvYUEwZjFNLXpKZGIwLTV2MURFNW9UYWduU0JFSlF6OS1ZN2I2T0hacHRqT1pTTUJuQm0zOVJ0bmNGTGFrdFJncER2dXFiQTdVWU1VUWdIQWR3MA?oc=5\" target=\"_blank\" rel=\"nofollow noopener\">Norgespris: \u2013 N\u00e5 b\u00f8r alle velge st\u00f8tteordningen p\u00e5 Vestlandet<\/a>&nbsp;&nbsp;Bergens Tidende<\/li>\n<li><a href=\"https:\/\/news.google.com\/rss\/articles\/CBMipwFBVV95cUxOdEV0Z29hTzB0cUhlM3dIRFJrR191SkhoQU1ERFFUVjVqTS0xWFlXb0VnYVZSNFI1Ul9zWHp1SlNQZW5qOXNRSGZXYmhpZVFVNWFwdEZGREhEVkJiLXJKd2VVYm9Nb3phUnVOZXJxSk5VOFFROW1tNFFWWkJucE5tcGNEOUhHa0tNQy1KQVIxSURBY2psRzRYM2hNWFNzVy1uamhkd0pwdw?oc=5\" target=\"_blank\" rel=\"nofollow noopener\">Oppsiktsvekkende funn om norgespris<\/a>&nbsp;&nbsp;Nationen<\/li>\n<li><a href=\"https:\/\/news.google.com\/rss\/articles\/CBMitwFBVV95cUxOTVRKRXNPU0c3YXlsNHdzNFFkQk14NXlwSXR5a0JpUWRWcFNkRzh5WkhKSHBtazhQaXVDVV80NkllVGVuWG1zYXZVZ1U2ZTRSRjNDYk9ZSFVvZ250OUNBSkV5d2VFb1ZWZ2R3Qk4wZUhFQ2d6bEhJbHd6TjdyWDI2TXp3cnp5TzFwdlMyNDVHVzhTRGtjUHI4VG9wQVU4UWVQTy1BNl95azdHSW1kVDRrLWtzR1RYUWs?oc=5\" target=\"_blank\" rel=\"nofollow noopener\">Norgespris-kunder f\u00e5r penger tilbake p\u00e5 konto<\/a>&nbsp;&nbsp;Nettavisen<\/li>\n<\/ol>\n","protected":false},"excerpt":{"rendered":"Kortslutning om hyttestr\u00f8m og norgespris&nbsp;&nbsp;Dagens N\u00e6ringsliv S\u00e5 mange har valgt Norgespris i din kommune&nbsp;&nbsp;E24 Norgespris: \u2013 N\u00e5 b\u00f8r&hellip;\n","protected":false},"author":2,"featured_media":115181,"comment_status":"","ping_status":"","sticky":false,"template":"","format":"standard","meta":{"footnotes":""},"categories":[10],"tags":[20,21,24,25,15,22,23,13,30,28,29,14,16,26,27],"class_list":{"0":"post-115180","1":"post","2":"type-post","3":"status-publish","4":"format-standard","5":"has-post-thumbnail","7":"category-norge","8":"tag-breaking-news","9":"tag-breakingnews","10":"tag-featured-news","11":"tag-featurednews","12":"tag-headlines","13":"tag-latest-news","14":"tag-latestnews","15":"tag-news","16":"tag-no","17":"tag-norge","18":"tag-norway","19":"tag-nyheter","20":"tag-overskrifter","21":"tag-top-stories","22":"tag-topstories"},"share_on_mastodon":{"url":"https:\/\/pubeurope.com\/@no\/115733429166600937","error":""},"_links":{"self":[{"href":"https:\/\/www.europesays.com\/no\/wp-json\/wp\/v2\/posts\/115180","targetHints":{"allow":["GET"]}}],"collection":[{"href":"https:\/\/www.europesays.com\/no\/wp-json\/wp\/v2\/posts"}],"about":[{"href":"https:\/\/www.europesays.com\/no\/wp-json\/wp\/v2\/types\/post"}],"author":[{"embeddable":true,"href":"https:\/\/www.europesays.com\/no\/wp-json\/wp\/v2\/users\/2"}],"replies":[{"embeddable":true,"href":"https:\/\/www.europesays.com\/no\/wp-json\/wp\/v2\/comments?post=115180"}],"version-history":[{"count":0,"href":"https:\/\/www.europesays.com\/no\/wp-json\/wp\/v2\/posts\/115180\/revisions"}],"wp:featuredmedia":[{"embeddable":true,"href":"https:\/\/www.europesays.com\/no\/wp-json\/wp\/v2\/media\/115181"}],"wp:attachment":[{"href":"https:\/\/www.europesays.com\/no\/wp-json\/wp\/v2\/media?parent=115180"}],"wp:term":[{"taxonomy":"category","embeddable":true,"href":"https:\/\/www.europesays.com\/no\/wp-json\/wp\/v2\/categories?post=115180"},{"taxonomy":"post_tag","embeddable":true,"href":"https:\/\/www.europesays.com\/no\/wp-json\/wp\/v2\/tags?post=115180"}],"curies":[{"name":"wp","href":"https:\/\/api.w.org\/{rel}","templated":true}]}}