{"id":115182,"date":"2025-12-17T06:16:12","date_gmt":"2025-12-17T06:16:12","guid":{"rendered":"https:\/\/www.europesays.com\/no\/115182\/"},"modified":"2025-12-17T06:16:12","modified_gmt":"2025-12-17T06:16:12","slug":"ida-elise-broch-om-barn","status":"publish","type":"post","link":"https:\/\/www.europesays.com\/no\/115182\/","title":{"rendered":"Ida Elise Broch om barn:"},"content":{"rendered":"<p class=\"kicker \" style=\"\">Ida Elise Broch:\u00a0<\/p>\n<p>  38-\u00e5ringen deler sine \u00e6rlige tanker om barnl\u00f8sheten, og hvordan det er \u00e5 leve livet p\u00e5 egne premisser.<\/p>\n<p>\n    \u00c5PENHJERTIG: Ida Elise Broch \u00e5pner opp om hva hun tenker om et fremtidig familieliv. Foto: Andreas Fadum \/ Se og H\u00f8r\n  <\/p>\n<p>Skuespiller <a href=\"https:\/\/www.seher.no\/kjendis\/ville-ikke-vaere-med-lenger\/81161193\" rel=\"nofollow noopener\" target=\"_blank\">Ida Elise Broch (38)<\/a> er aktuell med den tredje sesongen av Netflix-suksessen \u00abHjem til jul\u00bb, som hadde premiere p\u00e5 fredag.<\/p>\n<p>    <a itemprop=\"url\" href=\"https:\/\/www.seher.no\/kjendis\/om-hetsen-var-ikke-forberedt\/81201302\" rel=\"nofollow noopener\" target=\"_blank\"><\/p>\n<p>        <img loading=\"lazy\" decoding=\"async\" src=\"https:\/\/www.europesays.com\/no\/wp-content\/uploads\/2025\/12\/81203930.webp\" width=\"147\" height=\"98\" title=\"Om hetsen: - Var ikke forberedt\" alt=\"\" class=\"lazyload\" style=\"--aspect-ratio-image: 1.50; \"\/><\/p>\n<p>        Om hetsen: &#8211; Var ikke forberedt<\/p>\n<p>    <\/a><\/p>\n<p>Broch, som spiller hovedrollen Johanne i den popul\u00e6re serien, kan kjenne seg igjen i karakterens utfordringer med \u00e5 finne kj\u00e6rligheten og presset om \u00e5 sl\u00e5 seg til ro.<\/p>\n<p>N\u00e5 har hun gjort et stort intervju med\u00a0<a href=\"https:\/\/www.aftenposten.no\/amagasinet\/i\/j098Ww\/ida-elise-broch-om-hjem-til-jul-sin-egen-jul-og-mannen-i-sitt-liv\" rel=\"nofollow noopener\" target=\"_blank\">A-magasinet<\/a>, og\u00a0\u00e5pner opp om sitt private liv og hvorfor hun ikke har stiftet familie. <\/p>\n<p>        HJEM TIL JUL: Stian Blipp var \u00e5 se i den andre sesongen av Netflix-serien \u00abHjem til jul\u00bb. Dette sa han om kyssescenene. Video: R\u00f8d L\u00f8per<\/p>\n<p>&#8211; Jeg synes det er interessant \u00e5 portrettere en kvinne i 30-\u00e5rene. Da ligger ikke dr\u00f8mmene foran deg. Du m\u00e5 ta valg som endrer livet ditt totalt, forteller hun til magasinet.\u00a0<\/p>\n<p>    <a itemprop=\"url\" href=\"https:\/\/www.seher.no\/kjendis\/det-synes-jeg-er-kleint\/78034880\" rel=\"nofollow noopener\" target=\"_blank\"><\/p>\n<p>        <img loading=\"lazy\" decoding=\"async\" src=\"https:\/\/www.europesays.com\/no\/wp-content\/uploads\/2025\/12\/78035004.webp\" width=\"147\" height=\"98\" title=\"- Det synes jeg er kleint\" alt=\"\" class=\"lazyload\" style=\"--aspect-ratio-image: 1.50; \"\/><\/p>\n<p>        &#8211; Det synes jeg er kleint<\/p>\n<p>    <\/a><\/p>\n<p>Hun fortsetter:\u00a0<\/p>\n<p class=\"font-weight-bold m-font-weight-bold\" data-lab-font_weight=\"font-weight-bold\">&#8211; Jeg har selv tenkt mye p\u00e5 dette med \u00e5 f\u00e5 barn, jeg har dr\u00f8mt langt frem. At det ikke er blitt slik for meg, er det mange grunner til. F\u00f8rst og fremst mangler jeg den ene som er helt riktig og trygg, forteller hun \u00e6rlig til magasinet.\u00a0<\/p>\n<p>        <img loading=\"lazy\" decoding=\"async\" src=\"https:\/\/www.europesays.com\/no\/wp-content\/uploads\/2025\/12\/83976677.webp\" width=\"686\" height=\"844\" title=\"NY SESONG: Ida Elise Broch er aktuell med ny sesong av den popul\u00e6re Netflix-serien \u00abHjem til jul\u00bb. Foto: Agnete Brun \/ Netflix \/ Handout\" alt=\"\" class=\"\" style=\"--aspect-ratio-image: 0.81; \"\/><\/p>\n<p>\n        NY SESONG: Ida Elise Broch er aktuell med ny sesong av den popul\u00e6re Netflix-serien \u00abHjem til jul\u00bb. Foto: Agnete Brun \/ Netflix \/ Handout\n    <\/p>\n<p>38-\u00e5ringen er slettes ikke enig i at kvinner blir \u00abkomplett\u00bb f\u00f8rst n\u00e5r de har mann og barn. Hun mener at alle er forskjellige, og at det finnes mange m\u00e5ter \u00e5 v\u00e6re mor p\u00e5.<\/p>\n<p>    <a itemprop=\"url\" href=\"https:\/\/www.seher.no\/kjendis\/det-er-en-drommesituasjon\/74719183\" rel=\"nofollow noopener\" target=\"_blank\"><\/p>\n<p>        <img loading=\"lazy\" decoding=\"async\" src=\"https:\/\/www.europesays.com\/no\/wp-content\/uploads\/2025\/12\/73413717.webp\" width=\"147\" height=\"100\" title=\"- Det er en dr\u00f8mmesituasjon\" alt=\"\" class=\"lazyload\" style=\"--aspect-ratio-image: 1.47; filter: brightness(1.2);\"\/><\/p>\n<p>        &#8211; Det er en dr\u00f8mmesituasjon<\/p>\n<p>    <\/a><\/p>\n<p>Som b\u00e5de skuespiller og poet, har hun reflektert over ulike m\u00e5ter \u00e5 leve og v\u00e6re foreldre p\u00e5:<\/p>\n<p>De siste \u00e5rene har nemlig mopsen Toni (5) v\u00e6rt mannen i Brochs liv. Hun omtaler hunden som \u00abbarnet\u00bb sitt og mener det dekker mye av behovet for \u00e5 ut\u00f8ve morsrollen.<\/p>\n<p class=\"font-weight-bold m-font-weight-bold\" data-lab-font_weight=\"font-weight-bold\">&#8211; Jeg har m\u00f8tt noen som har tent gnisten i meg, s\u00e5 jeg har det i meg enn\u00e5. Men jeg har ikke hastverk. Enn s\u00e5 lenge er Toni mannen i mitt liv, det har jeg sl\u00e5tt meg til ro med.\u00a0<\/p>\n<p>        SLIK M\u00d8TTE HUN KJ\u00c6RESTEN: Ida Elise Broch, som snart er aktuell i sesong to av \u00abHjem til jul\u00bb, forteller at hun m\u00f8tte sin n\u00e5v\u00e6rende kj\u00e6reste dagen etter \u00abHjem til jul\u00bb-innspillingen. Video: \u00abLindmo\u00bb, NRK<\/p>\n<p>Selv om hun fortsatt er singel, er hun trygg p\u00e5 at kj\u00e6rlighet kan komme n\u00e5r tiden er riktig.\u00a0<\/p>\n<p class=\"italic m-italic\" data-lab-italic=\"italic\">Se og H\u00f8r har v\u00e6rt i kontakt med Ida Elise Broch, som opplyser at hun ikke har noen ytterligere kommentarer til saken.\u00a0<\/p>\n","protected":false},"excerpt":{"rendered":"Ida Elise Broch:\u00a0 38-\u00e5ringen deler sine \u00e6rlige tanker om barnl\u00f8sheten, og hvordan det er \u00e5 leve livet p\u00e5&hellip;\n","protected":false},"author":2,"featured_media":115183,"comment_status":"","ping_status":"","sticky":false,"template":"","format":"standard","meta":{"footnotes":""},"categories":[58],"tags":[4982,1301,71,2319,10169,10168,479,2543,30,28,29,72],"class_list":{"0":"post-115182","1":"post","2":"type-post","3":"status-publish","4":"format-standard","5":"has-post-thumbnail","7":"category-underholdning","8":"tag-apner-opp","9":"tag-barn","10":"tag-entertainment","11":"tag-familieliv","12":"tag-hjem-til-jul","13":"tag-ida-elise-broch","14":"tag-kjendis","15":"tag-kjendisdesken","16":"tag-no","17":"tag-norge","18":"tag-norway","19":"tag-underholdning"},"share_on_mastodon":{"url":"https:\/\/pubeurope.com\/@no\/115733449027681091","error":""},"_links":{"self":[{"href":"https:\/\/www.europesays.com\/no\/wp-json\/wp\/v2\/posts\/115182","targetHints":{"allow":["GET"]}}],"collection":[{"href":"https:\/\/www.europesays.com\/no\/wp-json\/wp\/v2\/posts"}],"about":[{"href":"https:\/\/www.europesays.com\/no\/wp-json\/wp\/v2\/types\/post"}],"author":[{"embeddable":true,"href":"https:\/\/www.europesays.com\/no\/wp-json\/wp\/v2\/users\/2"}],"replies":[{"embeddable":true,"href":"https:\/\/www.europesays.com\/no\/wp-json\/wp\/v2\/comments?post=115182"}],"version-history":[{"count":0,"href":"https:\/\/www.europesays.com\/no\/wp-json\/wp\/v2\/posts\/115182\/revisions"}],"wp:featuredmedia":[{"embeddable":true,"href":"https:\/\/www.europesays.com\/no\/wp-json\/wp\/v2\/media\/115183"}],"wp:attachment":[{"href":"https:\/\/www.europesays.com\/no\/wp-json\/wp\/v2\/media?parent=115182"}],"wp:term":[{"taxonomy":"category","embeddable":true,"href":"https:\/\/www.europesays.com\/no\/wp-json\/wp\/v2\/categories?post=115182"},{"taxonomy":"post_tag","embeddable":true,"href":"https:\/\/www.europesays.com\/no\/wp-json\/wp\/v2\/tags?post=115182"}],"curies":[{"name":"wp","href":"https:\/\/api.w.org\/{rel}","templated":true}]}}