{"id":115190,"date":"2025-12-17T06:35:10","date_gmt":"2025-12-17T06:35:10","guid":{"rendered":"https:\/\/www.europesays.com\/no\/115190\/"},"modified":"2025-12-17T06:35:10","modified_gmt":"2025-12-17T06:35:10","slug":"mistenkt-sydney-angriper-siktet-for-59-lovbrudd-inkludert-terror","status":"publish","type":"post","link":"https:\/\/www.europesays.com\/no\/115190\/","title":{"rendered":"Mistenkt Sydney-angriper siktet for 59 lovbrudd, inkludert terror"},"content":{"rendered":"\n<p class=\"_lead_o9xde_2 _lead_xtcu6_50 layout-component text-serif-m layout-normal text-serif-l layout-component layout-wide layout-padded _wide_17hqh_1 layout-padded\">En mann som er mistenkt for \u00e5 ha gjennomf\u00f8rt terrorangrepet mot en j\u00f8disk feiring p\u00e5 Bondi Beach, er siktet for 59 lovbrudd, inkludert terror.<\/p>\n<p><img alt=\"Naveed Akram ble unders\u00f8kt av den australske etterretningstjenesten i 2019.  Foto: X\" class=\"_image_qp4xg_65 layout-component layout-wide\" data-fullscreen- data-track-element-type=\"Article image fullscreen\" data-track-name=\"ImageFullscreen\" fetchpriority=\"high\" decoding=\"sync\" loading=\"eager\" height=\"455\" itemprop=\"image\"  src=\"https:\/\/www.europesays.com\/no\/wp-content\/uploads\/2025\/12\/faedd11f-e32a-4730-b48d-f9009d708548\"  style=\"object-position:0% 0%\" width=\"607\"\/>Naveed Akram ble unders\u00f8kt av den australske etterretningstjenesten i 2019.  Foto: X<\/p>\n<ul aria-hidden=\"true\" class=\"_images_ntbth_112\">\n<li><a class=\"_link_ntbth_117\" href=\"https:\/\/www.vg.no\/forfatter\/ntb\" style=\"z-index:2\" title=\"NTB\" rel=\"nofollow noopener\" target=\"_blank\"><img alt=\"Bilde av NTB\" class=\"_image_ntbth_93\" fetchpriority=\"low\" loading=\"lazy\" decoding=\"async\" itemprop=\"image\"  src=\"https:\/\/www.europesays.com\/no\/wp-content\/uploads\/2025\/12\/1765953309_870_c33980b0-5d07-4027-84a1-813f90a7c8d6\"  width=\"480\"\/><\/a><\/li>\n<li><a class=\"_link_ntbth_117\" href=\"https:\/\/www.vg.no\/forfatter\/emma-fondenes-oevreboe\" style=\"z-index:1\" title=\"Emma Fondenes \u00d8vreb\u00f8\" rel=\"nofollow noopener\" target=\"_blank\"><img alt=\"Bilde av Emma Fondenes \u00d8vreb\u00f8\" class=\"_image_ntbth_93\" fetchpriority=\"low\" loading=\"lazy\" decoding=\"async\" itemprop=\"image\"  src=\"https:\/\/www.europesays.com\/no\/wp-content\/uploads\/2025\/12\/1765953309_98_a3715f19-7e77-4fbf-b20f-7d6f5cb479de\"  width=\"480\"\/><\/a><\/li>\n<\/ul>\n<p> Oppdatert onsdag 17. desember kl. 06:46     <\/p>\n<p class=\"_paragraph_o9xde_4 _paragraph_xtcu6_10 layout-component text-serif-m layout-normal text-serif-m layout-padded\">Den ene av de to mennene, 50 \u00e5r gamle Sajid Akram, ble skutt og drept av politi p\u00e5 stedet. <\/p>\n<p class=\"_paragraph_o9xde_4 _paragraph_xtcu6_10 layout-component text-serif-m layout-normal text-serif-m layout-padded\">Hans 24 \u00e5r gamle s\u00f8nn Naveed ble kritisk skadet, men v\u00e5knet tirsdag fra koma. Onsdag ble han formelt siktet. Han er siktet for 59 lovbrudd, inkludert terror, opplyser politiet, if\u00f8lge nyhetsbyr\u00e5et Reuters.<\/p>\n<p class=\"_paragraph_o9xde_4 _paragraph_xtcu6_10 layout-component text-serif-m layout-normal text-serif-m layout-padded\">Onsdag regner etterforskere med \u00e5 kunne avh\u00f8re 24-\u00e5ringen for f\u00f8rste gang.<\/p>\n<p class=\"_paragraph_o9xde_4 _paragraph_xtcu6_10 layout-component text-serif-m layout-normal text-serif-m layout-padded\">\u2013 Han blir formelt siktet, hvis han allerede ikke er det, og jeg regner med at det kommer til \u00e5 skje innen de neste timene, sa Albanese i et podkast-intervju onsdag morgen.<\/p>\n<p class=\"_paragraph_o9xde_4 _paragraph_xtcu6_10 layout-component text-serif-m layout-normal text-serif-m layout-padded\">De to mennene er mistenkt for \u00e5 ha utf\u00f8rt Australias verste masseskyting p\u00e5 tre ti\u00e5r. <\/p>\n<p class=\"_paragraph_o9xde_4 _paragraph_xtcu6_10 layout-component text-serif-m layout-normal text-serif-m layout-padded\">Det var s\u00f8ndag kveld at de \u00e5pnet ild mot en hanukka-feiring p\u00e5 <a href=\"https:\/\/www.vg.no\/tag\/bondi-beach?utm_source=vg-article&amp;utm_medium=auto-tagger&amp;utm_campaign=43d2Ae\" class=\"_link_o9xde_39\" rel=\"nofollow noopener\" target=\"_blank\">Bondi Beach<\/a> i Sydney. <\/p>\n<p class=\"_paragraph_o9xde_4 _paragraph_xtcu6_10 layout-component text-serif-m layout-normal text-serif-m layout-padded\">15 personer ble drept, blant dem en rabbiner, en ti \u00e5r gammel jente og en 87 \u00e5r gammel mann som hadde overlevd holocaust. Tirsdag var fortsatt 25 andre innlagt p\u00e5 sykehus med skader, blant dem flere i kritisk tilstand.<\/p>\n<p class=\"_paragraph_o9xde_4 _paragraph_xtcu6_10 layout-component text-serif-m layout-normal text-serif-m layout-padded\">Myndighetene sa tidligere i uken at 50-\u00e5ringen og hans s\u00f8nn utf\u00f8rte et m\u00e5lrettet, antisemittisk angrep, og politiet har omtalt det som et terrorangrep.<\/p>\n<p class=\"_paragraph_o9xde_4 _paragraph_xtcu6_10 layout-component text-serif-m layout-normal text-serif-m layout-padded\">\u2013 Det ser ut til at dette var motivert av IS-ideologi, sa Albanese da han kommenterte angrepet tirsdag.<\/p>\n<p><img alt=\"Onsdag var s\u00f8rgende samlet i begravelsen for rabbiner Eli Schlanger.   Foto: Mark Baker \/ AP \/ NTB\" class=\"_image_qp4xg_65 layout-component layout-normal\" data-fullscreen- data-track-element-type=\"Article image fullscreen\" data-track-name=\"ImageFullscreen\" decoding=\"async\" loading=\"lazy\" height=\"5577\" itemprop=\"image\"  src=\"https:\/\/www.europesays.com\/no\/wp-content\/uploads\/2025\/12\/92ebd570-0e86-4468-b364-80ab9646e55c\"  style=\"object-position:0% 0%\" width=\"8365\"\/>Onsdag var s\u00f8rgende samlet i begravelsen for rabbiner Eli Schlanger.   Foto: Mark Baker \/ AP \/ NTB<\/p>\n<p class=\"_paragraph_o9xde_4 _paragraph_xtcu6_10 layout-component text-serif-m layout-normal text-serif-m layout-padded\">Onsdag ble det f\u00f8rste offeret for angrepet, rabbiner Eli Schlanger, gravlagt.<\/p>\n<p class=\"_paragraph_o9xde_4 _paragraph_xtcu6_10 layout-component text-serif-m layout-normal text-serif-m layout-padded\">Samme dag skulle 43 \u00e5r gamle Ahmed al-Ahmed, en mann som overfalt og avv\u00e6pnet en av angriperne, opereres for skuddskader. <\/p>\n<p><img alt=\"Australias statsminister Anthony Albanese m\u00f8tte tirsdag Ahmed al-Ahmed, som ble s\u00e5ret i skyteangrepet. Ahmed overfalt og avv\u00e6pnet en av de to angriperne.   Foto: Albaneses kontor \/ AP \/ NTB\" class=\"_image_qp4xg_65 layout-component layout-normal\" data-fullscreen- data-track-element-type=\"Article image fullscreen\" data-track-name=\"ImageFullscreen\" decoding=\"async\" loading=\"lazy\" height=\"1895\" itemprop=\"image\"  src=\"https:\/\/www.europesays.com\/no\/wp-content\/uploads\/2025\/12\/696e0fca-1fce-48b0-b7f7-dde9eb6e1aac\"  style=\"object-position:0% 0%\" width=\"2843\"\/>Australias statsminister Anthony Albanese m\u00f8tte tirsdag Ahmed al-Ahmed, som ble s\u00e5ret i skyteangrepet. Ahmed overfalt og avv\u00e6pnet en av de to angriperne.   Foto: Albaneses kontor \/ AP \/ NTB<\/p>\n<p class=\"_paragraph_o9xde_4 _paragraph_xtcu6_10 layout-component text-serif-m layout-normal text-serif-m layout-padded\">Han blir omtalt som en helt av b\u00e5de Albanese og folk p\u00e5 sosiale medier. Ahmed har bakgrunn fra Idlib i Syria og dro til Australia for snart 20 \u00e5r siden.<\/p>\n","protected":false},"excerpt":{"rendered":"En mann som er mistenkt for \u00e5 ha gjennomf\u00f8rt terrorangrepet mot en j\u00f8disk feiring p\u00e5 Bondi Beach, er&hellip;\n","protected":false},"author":2,"featured_media":115191,"comment_status":"","ping_status":"","sticky":false,"template":"","format":"standard","meta":{"footnotes":""},"categories":[5],"tags":[47,13899,20,21,24,25,15,19,22,23,17,18,13,30,28,29,14,16,3686,26,27],"class_list":{"0":"post-115190","1":"post","2":"type-post","3":"status-publish","4":"format-standard","5":"has-post-thumbnail","7":"category-overskrifter","8":"tag-australia","9":"tag-bondi-beach","10":"tag-breaking-news","11":"tag-breakingnews","12":"tag-featured-news","13":"tag-featurednews","14":"tag-headlines","15":"tag-hovedoppslag","16":"tag-latest-news","17":"tag-latestnews","18":"tag-main-news","19":"tag-mainnews","20":"tag-news","21":"tag-no","22":"tag-norge","23":"tag-norway","24":"tag-nyheter","25":"tag-overskrifter","26":"tag-terror","27":"tag-top-stories","28":"tag-topstories"},"share_on_mastodon":{"url":"https:\/\/pubeurope.com\/@no\/115733523830015249","error":""},"_links":{"self":[{"href":"https:\/\/www.europesays.com\/no\/wp-json\/wp\/v2\/posts\/115190","targetHints":{"allow":["GET"]}}],"collection":[{"href":"https:\/\/www.europesays.com\/no\/wp-json\/wp\/v2\/posts"}],"about":[{"href":"https:\/\/www.europesays.com\/no\/wp-json\/wp\/v2\/types\/post"}],"author":[{"embeddable":true,"href":"https:\/\/www.europesays.com\/no\/wp-json\/wp\/v2\/users\/2"}],"replies":[{"embeddable":true,"href":"https:\/\/www.europesays.com\/no\/wp-json\/wp\/v2\/comments?post=115190"}],"version-history":[{"count":0,"href":"https:\/\/www.europesays.com\/no\/wp-json\/wp\/v2\/posts\/115190\/revisions"}],"wp:featuredmedia":[{"embeddable":true,"href":"https:\/\/www.europesays.com\/no\/wp-json\/wp\/v2\/media\/115191"}],"wp:attachment":[{"href":"https:\/\/www.europesays.com\/no\/wp-json\/wp\/v2\/media?parent=115190"}],"wp:term":[{"taxonomy":"category","embeddable":true,"href":"https:\/\/www.europesays.com\/no\/wp-json\/wp\/v2\/categories?post=115190"},{"taxonomy":"post_tag","embeddable":true,"href":"https:\/\/www.europesays.com\/no\/wp-json\/wp\/v2\/tags?post=115190"}],"curies":[{"name":"wp","href":"https:\/\/api.w.org\/{rel}","templated":true}]}}