{"id":115194,"date":"2025-12-17T06:40:11","date_gmt":"2025-12-17T06:40:11","guid":{"rendered":"https:\/\/www.europesays.com\/no\/115194\/"},"modified":"2025-12-17T06:40:11","modified_gmt":"2025-12-17T06:40:11","slug":"arktis-har-opplevd-sitt-varmeste-ar-temperaturokning-oker-dobbelt-sa-raskt-som-resten-av-verden","status":"publish","type":"post","link":"https:\/\/www.europesays.com\/no\/115194\/","title":{"rendered":"Arktis har opplevd sitt varmeste \u00e5r \u2013 temperatur\u00f8kning \u00f8ker dobbelt s\u00e5 raskt som resten av verden"},"content":{"rendered":"\n<p class=\"_lead_o9xde_2 _lead_xtcu6_50 layout-component text-serif-m layout-normal text-serif-l layout-component layout-wide layout-padded _wide_17hqh_1 layout-padded\">Temperaturen var 1,6 grader over normalen mellom oktober 2024 og september 2025.<\/p>\n<p><img alt=\"Isflak som flyter i havet utenfor Longyearbyen p\u00e5 Svalbard. Bildet er tatt i 2020. Foto: Jonas Ekstr\u00f6mer\/TT \/ TT Nyhetsbyr\u00e5n \/ NTB\" class=\"_image_qp4xg_65 layout-component layout-wide\" data-fullscreen- data-track-element-type=\"Article image fullscreen\" data-track-name=\"ImageFullscreen\" fetchpriority=\"high\" decoding=\"sync\" loading=\"eager\" height=\"3498\" itemprop=\"image\"  src=\"https:\/\/www.europesays.com\/no\/wp-content\/uploads\/2025\/12\/9c9a6fea-d5b0-40ef-a249-ed1ccaf5961b\"  style=\"object-position:0% 0%\" width=\"5173\"\/>Isflak som flyter i havet utenfor Longyearbyen p\u00e5 Svalbard. Bildet er tatt i 2020. Foto: Jonas Ekstr\u00f6mer\/TT \/ TT Nyhetsbyr\u00e5n \/ NTB<\/p>\n<ul aria-hidden=\"true\" class=\"_images_ntbth_112\">\n<li><a class=\"_link_ntbth_117\" href=\"https:\/\/www.vg.no\/forfatter\/fredrik-ouren-jostad\" style=\"z-index:1\" title=\"Fredrik Ouren Jostad\" rel=\"nofollow noopener\" target=\"_blank\"><img alt=\"Bilde av Fredrik Ouren Jostad\" class=\"_image_ntbth_93\" fetchpriority=\"low\" loading=\"lazy\" decoding=\"async\" itemprop=\"image\"  src=\"https:\/\/www.europesays.com\/no\/wp-content\/uploads\/2025\/12\/1765953611_999_44a138e9-ee61-47be-8b25-b699b8f538d1\"  width=\"480\"\/><\/a><\/li>\n<\/ul>\n<p> Oppdatert onsdag 17. desember kl. 07:14     <\/p>\n<p class=\"_paragraph_o9xde_4 _paragraph_xtcu6_10 layout-component text-serif-m layout-normal text-serif-m layout-padded\"><a href=\"https:\/\/www.vg.no\/tag\/arktis?utm_source=vg-article&amp;utm_medium=auto-tagger&amp;utm_campaign=gkPo69\" class=\"_link_o9xde_39\" rel=\"nofollow noopener\" target=\"_blank\">Arktis<\/a> har opplevd sitt varmeste \u00e5r siden temperaturm\u00e5lingene startet i 1900, viser den \u00e5rlige Arctic Report Card som ble publisert onsdag.<\/p>\n<p class=\"_paragraph_o9xde_4 _paragraph_xtcu6_10 layout-component text-serif-m layout-normal text-serif-m layout-padded\"><strong class=\"_strong_o9xde_25\">Lufttemperaturen fra oktober 2024 til september 2025 slo alle tidligere rekorder.<\/strong> H\u00f8sten 2024 ble den varmeste som er m\u00e5lt, og vinteren 2025 ble den nest varmeste, <a href=\"https:\/\/arctic.noaa.gov\/report-card\/report-card-2025\/#:~:text=The%20last%2010%20years%20are,set%20a%20new%20record%20high.\" class=\"_link_o9xde_39\" rel=\"nofollow noopener\" target=\"_blank\">melder NOAA<\/a>.<\/p>\n<p class=\"_paragraph_o9xde_4 _paragraph_xtcu6_10 layout-component text-serif-m layout-normal text-serif-m layout-padded\">If\u00f8lge <a href=\"https:\/\/www.aftonbladet.se\/nyheter\/a\/Ar2Ooq\/larmet-exempellost-varmerekord-i-arktis\" class=\"_link_o9xde_39\" rel=\"nofollow noopener\" target=\"_blank\">Aftonblade<\/a>t omtalter Tom Ballinger ved University of Alaska utviklingen som \u00absv\u00e6rt alarmerende\u00bb.<\/p>\n<p class=\"_paragraph_o9xde_4 _paragraph_xtcu6_10 layout-component text-serif-m layout-normal text-serif-m layout-padded\">\u2013 Det er \u00absv\u00e6rt alarmerende\u00bb \u00e5 se en s\u00e5 rask oppvarming i l\u00f8pet av s\u00e5 kort tid.<\/p>\n<p class=\"_paragraph_o9xde_4 _paragraph_xtcu6_10 layout-component text-serif-m layout-normal text-serif-m layout-padded\">De siste ti \u00e5rene er alle blant de ti varmeste \u00e5rene m\u00e5lt i Arktis. Siden 2006 har den \u00e5rlige temperaturen \u00f8kt mer enn dobbelt s\u00e5 raskt som den globale oppvarmingen.<\/p>\n<p class=\"_paragraph_o9xde_4 _paragraph_xtcu6_10 layout-component text-serif-m layout-normal text-serif-m layout-padded\">Ogs\u00e5 nedb\u00f8ren satte rekord, med vinter, v\u00e5r og h\u00f8st alle blant de fem v\u00e5teste siden 1950.<\/p>\n<p class=\"_paragraph_o9xde_4 _paragraph_xtcu6_10 layout-component text-serif-m layout-normal text-serif-m layout-padded\"><strong class=\"_strong_o9xde_25\">Rapporten sl\u00e5r fast at temperaturen i Arktis n\u00e5 \u00f8ker dobbelt s\u00e5 raskt som i resten av verden.<\/strong><\/p>\n<p class=\"_paragraph_o9xde_4 _paragraph_xtcu6_10 layout-component text-serif-m layout-normal text-serif-m layout-padded\">Den eldste og tykkeste sj\u00f8isen har blitt redusert med over 95 prosent siden 1980-tallet. N\u00e5 finnes den stort sett bare nord for Gr\u00f8nland.<\/p>\n<p class=\"_paragraph_o9xde_4 _paragraph_xtcu6_10 layout-component text-serif-m layout-normal text-serif-m layout-padded\">Isbreene i Arktisk Skandinavia og p\u00e5 Svalbard hadde det st\u00f8rste \u00e5rlige tapet av is som er m\u00e5lt, mellom 2023 og 2024. Gr\u00f8nlands innlandsis mistet 129 milliarder tonn is i 2025.<\/p>\n<p class=\"_paragraph_o9xde_4 _paragraph_xtcu6_10 layout-component text-serif-m layout-normal text-serif-m layout-padded\">Rapporten advarer om at endringene p\u00e5virker \u00f8kosystemer, matforsyning og lokalsamfunn over hele Arktis.<\/p>\n","protected":false},"excerpt":{"rendered":"Temperaturen var 1,6 grader over normalen mellom oktober 2024 og september 2025. Isflak som flyter i havet utenfor&hellip;\n","protected":false},"author":2,"featured_media":115195,"comment_status":"","ping_status":"","sticky":false,"template":"","format":"standard","meta":{"footnotes":""},"categories":[12],"tags":[12605,20,21,24,25,15,4351,22,23,13,30,28,29,14,16,26,27,42,43,44,45],"class_list":{"0":"post-115194","1":"post","2":"type-post","3":"status-publish","4":"format-standard","5":"has-post-thumbnail","7":"category-verden","8":"tag-arktis","9":"tag-breaking-news","10":"tag-breakingnews","11":"tag-featured-news","12":"tag-featurednews","13":"tag-headlines","14":"tag-klimaendringer","15":"tag-latest-news","16":"tag-latestnews","17":"tag-news","18":"tag-no","19":"tag-norge","20":"tag-norway","21":"tag-nyheter","22":"tag-overskrifter","23":"tag-top-stories","24":"tag-topstories","25":"tag-verden","26":"tag-world","27":"tag-world-news","28":"tag-worldnews"},"share_on_mastodon":{"url":"https:\/\/pubeurope.com\/@no\/115733543454482764","error":""},"_links":{"self":[{"href":"https:\/\/www.europesays.com\/no\/wp-json\/wp\/v2\/posts\/115194","targetHints":{"allow":["GET"]}}],"collection":[{"href":"https:\/\/www.europesays.com\/no\/wp-json\/wp\/v2\/posts"}],"about":[{"href":"https:\/\/www.europesays.com\/no\/wp-json\/wp\/v2\/types\/post"}],"author":[{"embeddable":true,"href":"https:\/\/www.europesays.com\/no\/wp-json\/wp\/v2\/users\/2"}],"replies":[{"embeddable":true,"href":"https:\/\/www.europesays.com\/no\/wp-json\/wp\/v2\/comments?post=115194"}],"version-history":[{"count":0,"href":"https:\/\/www.europesays.com\/no\/wp-json\/wp\/v2\/posts\/115194\/revisions"}],"wp:featuredmedia":[{"embeddable":true,"href":"https:\/\/www.europesays.com\/no\/wp-json\/wp\/v2\/media\/115195"}],"wp:attachment":[{"href":"https:\/\/www.europesays.com\/no\/wp-json\/wp\/v2\/media?parent=115194"}],"wp:term":[{"taxonomy":"category","embeddable":true,"href":"https:\/\/www.europesays.com\/no\/wp-json\/wp\/v2\/categories?post=115194"},{"taxonomy":"post_tag","embeddable":true,"href":"https:\/\/www.europesays.com\/no\/wp-json\/wp\/v2\/tags?post=115194"}],"curies":[{"name":"wp","href":"https:\/\/api.w.org\/{rel}","templated":true}]}}