{"id":115196,"date":"2025-12-17T06:41:14","date_gmt":"2025-12-17T06:41:14","guid":{"rendered":"https:\/\/www.europesays.com\/no\/115196\/"},"modified":"2025-12-17T06:41:14","modified_gmt":"2025-12-17T06:41:14","slug":"arets-nordlending-avisa-nordland-dette-er-arets-nordlending-2025","status":"publish","type":"post","link":"https:\/\/www.europesays.com\/no\/115196\/","title":{"rendered":"\u00c5rets nordlending, Avisa Nordland | Dette er \u00c5rets Nordlending 2025"},"content":{"rendered":"\n<p>Juryen og folket har talt \u2013 og n\u00e5 er \u00c5rets Nordlending 2025 k\u00e5ret.<\/p>\n<p>Det kom inn rundt 300 forslag og over 7000 stemmer til \u00e5rets k\u00e5ring av hedersprisen \u00c5rets Nordlending, som har v\u00e6rt delt ut av Avisa Nordland og NRK Nordland siden 2002.<\/p>\n<p>Ti finalister ble plukket ut av juryen, og n\u00e5 har b\u00e5de folket og juryen sagt sitt for \u00e5 k\u00e5re en vinner.<\/p>\n<p>Og denne gangen er det alts\u00e5 en historisk utdeling.<\/p>\n<p>Juryen har for f\u00f8rste gang valgt \u00e5 dele ut prisen til to mottakere. De to fikk desidert flest stemmer av folket, og juryen klarte ikke skille dem.<\/p>\n<p>\u00c5rets Nordlendinger 2025 er Odd Eidner (69) fra Bod\u00f8 og Malene Elfrid Ingebrigtsen (23) fra Hadsel.<\/p>\n<p>\u2013 De har begge v\u00e6rt forbilder som har turt \u00e5 ta tak i vanskelige temaer som psykiske lidelser og selvmord. Aldersmessig \u2013 og publikummet de henvender seg til \u2013 er imidlertid vidt forskjellig, skriver juryen i sin begrunnelse om de to vinnerne.<\/p>\n<p>            Juryens begrunnelse<\/p>\n<p>For f\u00f8rste gang i historien endte juryen opp med \u00e5 dele prisen mellom to av de nominerte. De var likt stemmemessig, hvor begge hadde 23 prosent. De har ogs\u00e5 begge v\u00e6rt forbilder som har turt \u00e5 ta tak i vanskelige temaer som psykiske lidelser og selvmord. Aldersmessig \u2013 og publikummet de henvender seg til \u2013 er imidlertid vidt forskjellig. <\/p>\n<p>\u00abI jakten p\u00e5 det perfekte, tror jeg unge har godt av et innblikk i Malene Elfrid Ingebrigtsens liv, der hun deler det meste, uten filter\u00bb, skriver \u00e9n av de som har stemt p\u00e5 henne. Hun er et suverent forbilde for unge som vokser opp med mange d\u00e5rlige slike p\u00e5 sosiale medier. Malene er en influenser som har turt \u00e5 skille seg ut i mengden, og vist at det er mulig \u00e5 satse stort, selv n\u00e5r man bor p\u00e5 en liten plass. <\/p>\n<p>Influenser-karrieren startet mens hun jobbet p\u00e5 fiskeb\u00e5t, og gjennom innsiktsfulle og uh\u00f8ytidelige filmsnutter \u2013 hvor hun p\u00e5 alle vis er seg selv \u2013 har fanskaren \u00f8kt jevnt og trutt. Per i dag har Hadsel-kvinnen 145.000 f\u00f8lgere p\u00e5 TikTok. Budskapet hennes treffer mange, ikke minst unge, og har gjort henne til en viktig stemme langt utover Nordland. Tidligere i \u00e5r mottok hun ogs\u00e5 prisen som \u00ab\u00c5rets Stjerneskudd\u00bb under Vixen Awards.<\/p>\n<p>\u00abOdd Eidner er en fantastisk mann, som har gitt mye av seg selv til Bod\u00f8s befolkning gjennom mange \u00e5r. Han har skrevet b\u00f8ker som har hjulpet meg gjennom min sorg \u2013 i forbindelse med tap av p\u00e5r\u00f8rende \u2013 han jobber i kriseteamet og deler \u00e5pent om sin egen sorg for \u00e5 hjelpe andre. Sist, men ikke minst, setter han selvmord p\u00e5 dagsorden, et utrolig viktig tema som kan redde liv\u00bb, skriver en leser om den andre vinneren. <\/p>\n<p>Eidner har tidligere v\u00e6rt \u00e5pen om hvor tungt tapet av to nyf\u00f8dte barn var. Han har v\u00e6rt i \u00abdet m\u00f8rke rommet\u00bb, som han selv kaller det, og kjempet mot b\u00e5de selvmordstanker og troen p\u00e5 Gud. Han har gjennom hele karrieren jobbet for \u00e5 endre kirkens historiske holdning til selvmord. Engasjementet gjorde ham til en sentral skikkelse i LEVE \u2013 Landsforeningen for etterlatte ved selvmord. <\/p>\n<p>Eidner holdt tidligere i \u00e5r sin aller siste preken som prest, men han har fortsatt engasjementet rundt psykisk helse. For tiden er han aktuell i dokumentarfilmen \u00abIngen \u00e5 miste\u00bb, regissert av Leif Larssen, samt i podcasten han har sammen med biskop Svein Valle. For to uker siden vant han \u00abPetter Dass\u00bb-prisen i V\u00e5rt Land for sin innsats.<\/p>\n<p>Vinnerne av \u00c5rets Nordlending 2025 er Malene Elfrid Ingebrigtsen og Odd Eidner.<\/p>\n<p>  \u2013 Nesten m\u00e5ll\u00f8s<\/p>\n<p>Odd Eidner har i en \u00e5rrekke v\u00e6rt en av Nordlands mest folkekj\u00e6re prester.<\/p>\n<p>\u2013 Det gir masse inspirasjon, gj\u00f8r meg ydmyk og nesten m\u00e5ll\u00f8s \u00e5 skulle motta en slik pris, sier en av to \u00c5rets Nordlendinger, Odd Eidner.<\/p>\n<p>N\u00e5 har han g\u00e5tt av med pensjon, men han fortsetter sitt arbeid for etterlatte etter selvmord, blant annet gjennom deltakelse i filmen <a href=\"https:\/\/www.deadline.no\/prosjekter\/ingenamiste\" rel=\"nofollow noopener\" target=\"_blank\">\u00abIngen \u00e5 miste\u00bb<\/a>.<\/p>\n<p>   <img decoding=\"async\" width=\"4032\" height=\"3024\" fetchpriority=\"low\"  loading=\"lazy\"  src=\"https:\/\/www.europesays.com\/no\/wp-content\/uploads\/2025\/12\/IMG_6922.JPG\" alt=\"Monica Vassbotn, Odd Eidner og Katariina Wiland m\u00f8tte AN i forbindlese med verdensdagen for selvmordsbygging\" class=\"brick-c-cFOWSL\" style=\"--brick-image-ratio: 4032 \/ 3024;\"\/><\/p>\n<p>      Odd Eidner er en av \u00c5rets nordlendinger.<br \/>\n      Foto: Kjetil Rakkenes Anda\n    <\/p>\n<p>Nylig vant han ogs\u00e5 Petter Dass-prisen, som g\u00e5r til en person som har forent kristen tro med folkelighet.<\/p>\n<p>\u2013 2025 har v\u00e6rt et spesielt \u00e5r. Jeg har sluttet i jobben, samtidig viet min egen datter og blitt bestefar.<\/p>\n<p>\u2013 Hvorfor tror du s\u00e5 mange har stemt p\u00e5 deg?<\/p>\n<p>\u2013 Ja si det, h\u00e5per ikke det er fordi jeg har sluttet som prest og de er glade for at de endelig er kvitt meg, ler 69-\u00e5ringen.<\/p>\n<p>\u2013 Jeg velger \u00e5 tro det er fordi jeg har farta mye rundt. Jeg har faktisk v\u00e6rt innom alle kommuner i fylket i l\u00f8pet av min karriere, og s\u00e5 lenge helsa holder har jeg tenkt \u00e5 fortsette \u00e5 reise rundt og holde foredrag. Det gir meg mye mening \u00e5 gj\u00f8re noe som er st\u00f8rre enn meg selv.<\/p>\n<p>Deler prisen<\/p>\n<p>Eidner deler prisen med Malene Elfrid Ingebrigtsen fra Hadsel, som tidligere i \u00e5r ble k\u00e5ret til \u00c5rets stjerneskudd under influenserprisen Vixen Awards.<\/p>\n<p>\u2013 Stadig flere unge opplever press p\u00e5 sosiale medier. Da er det viktig at de har forbilder som viser at man kan v\u00e6re komfortabel med \u00e5 v\u00e6re seg selv. Det gj\u00f8r Malene Elfrid Ingebrigtsen, het det i begrunnelsen for nominasjonen.<\/p>\n<p>            Tidligere vinnere<\/p>\n<p>2002: Ulf Larsstuvold<\/p>\n<p>2003: \u00d8ystein G\u00e5re<\/p>\n<p>2004: Odd Eriksen<\/p>\n<p>2005: Amanda Hegge Jensen<\/p>\n<p>2006: Rognankompaniet<\/p>\n<p>2007: Shirley Bottolfsen<\/p>\n<p>2008: Malin Arntsen<\/p>\n<p>2009: Runar Berg<\/p>\n<p>2010: Hans Edgar Furfjord<\/p>\n<p>2011: Geir Arne Johannesen<\/p>\n<p>2012: Halvdan Sivertsen<\/p>\n<p>2013: Knut-Eirik Dybdahl<\/p>\n<p>2014: Erlend Elias Bragstad<\/p>\n<p>2015: Sverre H\u00e5kon Evju<\/p>\n<p>2016: Marion Anne Knutsen<\/p>\n<p>2017: Marcus og Martinus Gunnarsen<\/p>\n<p>2018: Erik Plener<\/p>\n<p>2019: Ramona Lind<\/p>\n<p>2020: Bod\u00f8\/Glimt<\/p>\n<p>2021: Kjetil Knutsen<\/p>\n<p>2022: Glimt-supporterne<\/p>\n<p>2023: Tone og Stein Hauge<\/p>\n<p>2024: Tor-H\u00e5kon Gabriel H\u00e5vardsen<\/p>\n<p>23-\u00e5ringen fra Vester\u00e5len har n\u00e6rmere 146.000 f\u00f8lgere p\u00e5 TikTok.<\/p>\n<p>I vinter ble hun nominert til hele fire nye priser til Vixen Awards, er en av tre kandidater til \u00e5rets navn i Bladet Vester\u00e5len og aktuell som deltager i TV2-realityserien Vokteren.<\/p>\n<p>Hun er ogs\u00e5 aktuell med egen musikk.<\/p>\n<p>   <img decoding=\"async\" width=\"1280\" height=\"720\" fetchpriority=\"low\"  loading=\"lazy\"  src=\"https:\/\/www.europesays.com\/no\/wp-content\/uploads\/2025\/12\/malene3.png\" alt=\"\" class=\"brick-c-cFOWSL\" style=\"--brick-image-ratio: 1280 \/ 720;\"\/><\/p>\n<p>      Malene Elfrid Ingebrigtsen er en av \u00c5rets nordlendinger.<br \/>\n      Foto: NRK\n    <\/p>\n<p>NRK var med da vester\u00e5lingen spilte inn en ny video hjemme i Stokmarknes.<\/p>\n<p>\u2013 Da har jeg ordnet en effekt som griper \u00f8yet, en zoom-effekt og en svosj-lyd, forklarer Ingebrigtsen.<\/p>\n<p>\u2013 Det er mye greier som folk kanskje ikke kjenner til fra influenserverdenen, smiler hun.<\/p>\n<p>Vester\u00e5lingen har fagbrev som matros, og jobbet p\u00e5 b\u00e5t f\u00f8r hun etter hvert lever av videoene hun lager i sosiale medier.<\/p>\n<p>\u2013 Jeg lager for det meste humoristiske videoer, men s\u00e5 kan jeg v\u00e6re seri\u00f8s n\u00e5r jeg m\u00e5. Jeg tror at folk liker den blandinga. De vet at jeg kan tulle og ha det artig og bare v\u00e6re meg sj\u00f8l.<\/p>\n<p>\u2013 En stor \u00e6re<\/p>\n<p>N\u00e5 kan 23-\u00e5ringen ogs\u00e5 titulere seg som en av to \u00c5rets Nordlendinger i 2025.<\/p>\n<p>\u2013 Det er jo helt sykt. Jeg tenkte: \u00c5, herregud, det var jo stort bare \u00e5 bli nominert.<\/p>\n<p>Hun syns det er ekstra stas \u00e5 dele prisen med Odd Eidner, som hun omtaler som en hedersmann.<\/p>\n<p>\u2013 Det er jo en stor \u00e6re at man i det hele tatt skal st\u00e5 \u00e5 ta imot en pris sammen med han, og v\u00e6re en del av \u00ablaget hans\u00bb. En mann som har viet store deler av livet sitt til \u00e5 hjelpe andre og forebygge selvmord.<\/p>\n<p>Odd Eidner, som selv ikke er veldig aktiv i sosiale medier, ser ogs\u00e5 fram til \u00e5 dele prisen med Ingebrigtsen.<\/p>\n<p>\u2013 Det er fantastisk flott at hun er ekte og \u00f8nsker \u00e5 fremme positive verdier. Jeg pleier \u00e5 si at ekte er bedre enn det perfekte.<\/p>\n<p>            Folkets begrunnelser<\/p>\n<p>Dette sier folket om de to vinnerne: <\/p>\n<p>Malene Elfrid Ingebrigtsen: <\/p>\n<ul>\n<li>\n<p>Malene Elfrid er et prakteksemplar p\u00e5 at det er fullt mulig \u00e5 v\u00e6re 100% seg selv p\u00e5 SoMe, og hun viser at man kan f\u00e5 til hva man vil bare man jobber for det. \u00c6 digga ho!<\/p>\n<\/li>\n<li>\n<p>Malene er et forbilde for de unge, og viser en side av seg som alle skulle vist n\u00e5. Helt naturlig og uten noe form for verken kroppspress eller andre ting. Dette i en ellers fallerende verden hvor det er rusmidler, alkohol og div konkurranser om \u00e5 se best ut. Malene gj\u00f8r en veldig viktig jobb for de yngre og vi trenger noen som t\u00f8rr \u00e5 v\u00e6re seg selv og t\u00f8rr \u00e5 vise at man kan v\u00e6re den man er.<\/p>\n<\/li>\n<li>\n<p>Hun bruker plattformen og stemmen sin helt nydelig! Humor, hverdag, belyser viktige temaer, skaper trygghet og kjempet mot nedleggelse av helserelatert enhet i lokalmilj\u00f8et.<\/p>\n<\/li>\n<li>\n<p>Malene er et prakteksempel p\u00e5 at det ikke er farlig \u00e5 pr\u00f8ve noe nytt, g\u00e5 mot str\u00f8mmen og \u00e5 by p\u00e5 seg selv. I en verden det alt skal v\u00e6re perfekt er hun et forfriskende pust i hverdagen, der hun viser at folk setter pris p\u00e5 det n\u00e5r du t\u00f8r \u00e5 v\u00e6re deg selv &#8211; p\u00e5 godt og vondt. Det er mange som sitter p\u00e5 gjerdet og ikke t\u00f8r \u00e5 f\u00f8lge dr\u00f8mmene sine fordi de er redd for hva andre skal tenke eller si. Malene er et godt forbilde her som viser at hardt arbeid l\u00f8nner seg, og ingen skal f\u00e5 lov til \u00e5 fortelle deg hva du klarer.<\/p>\n<\/li>\n<li>\n<p>Hun er et sv\u00e6rt viktig og bra forbilde for unge p\u00e5 SoMe i dag. Malene t\u00f8r \u00e5 v\u00e6re seg selv, og fronter hvor viktig det er \u00e5 satse p\u00e5 sine egne dr\u00f8mmer og verdier, uten \u00e5 bry seg om hva andre tenker og mener. Hun har n\u00e5dd utrolig langt, og hun er kun i startfasen av sin influenserkarriere. Sophie Elise omtales som Norges farligste forbilde p\u00e5 SoMe. Jeg tror vi kan kalle Malene Norges viktigste forbilde p\u00e5 SoMe. <\/p>\n<\/li>\n<\/ul>\n<p>Odd Eidner:<\/p>\n<ul>\n<li>\n<p>Odd Eidner er en sv\u00e6rt flink prest som evner \u00e5 m\u00f8te alle mennesker med dyp respekt. Han er b\u00e5de folkelig, morsom og alvorlig, og mestrer \u00e5 snakke troverdig om livet og trua slik at folk b\u00e5de forst\u00e5r og blir ber\u00f8rt. <\/p>\n<\/li>\n<li>\n<p>Det kan ikke v\u00e6re noen bedre kandidat til dette enn Odd. Alltid like blid, alltid tid \u00e5 snakke, om man m\u00f8ter han p\u00e5 sykkel, ski eller g\u00e5ende, s\u00e5 stopper han opp. En foregangsperson.<\/p>\n<\/li>\n<li>\n<p>Odd har en fantastisk og ydmyk m\u00e5te \u00e5 komme sine medmennesker i m\u00f8te, p\u00e5 godt og vondt. Han har ogs\u00e5 kjent selv p\u00e5 stor sorg ved \u00e5 miste sine kj\u00e6reste og forst\u00e5r hvordan andre har det som ogs\u00e5 har mistet noen. At han klarte \u00e5 komme tilbake til sin tro, vitner om en stor kamp og en uendelig tilgivelse i sin tro. Han er ogs\u00e5 en morsom mann og deltar fullt ut p\u00e5 en verdig m\u00e5te det \u00e5 leve livet til fulle. <\/p>\n<\/li>\n<li>\n<p>Odd Eidner har gjennom sitt engasjement, sin raushet og sin urokkelige kj\u00e6rlighet til Nord-Norge blitt et forbilde for hele landsdelen.<\/p>\n<\/li>\n<li>\n<p>Odd har en fantastisk evne til \u00e5 m\u00f8te mennesker i sorg med varme, \u00e6rlighet og h\u00e5p. Odd har gjort et stort arbeid innen krise- og sorgbearbeiding og engasjert seg i \u00e5pen samtale om tro, tvil og h\u00e5p. Odd fortjener \u00e5 f\u00e5 noe tilbake for sin raushet.<\/p>\n<\/li>\n<\/ul>\n<p>   <img decoding=\"async\" width=\"5568\" height=\"3712\" fetchpriority=\"low\"  loading=\"lazy\"  src=\"https:\/\/www.europesays.com\/no\/wp-content\/uploads\/2025\/12\/DSC_1363.JPG\" alt=\"\" class=\"brick-c-cFOWSL\" style=\"--brick-image-ratio: 5568 \/ 3712;\"\/><\/p>\n<p>      Prisvinnerne inntok scenen sammen.<br \/>\n      Foto: Marte Fredly-Steen\n    <\/p>\n<p>Da vinnerne gikk p\u00e5 scenen, gratulerte de hverandre med en god klem.<\/p>\n<p>\u2013 Jeg sliter med \u00e5 holde t\u00e5rene tilbake etter alle de fine ordene, sier Ingebrigtsen.<\/p>\n<p>Eidner er ogs\u00e5 r\u00f8rt over situasjonen.<\/p>\n<p>\u2013 Det blir bare verre jo eldre man blir, humrer han f\u00f8r han fortsetter:<\/p>\n<p>\u2013 Jeg blir veldig r\u00f8rt, ydmyk og takknemlig n\u00e5r jeg h\u00f8rer de fine ordene. Noe riktig m\u00e5 jeg ha gjort for folk og det er en utrolig fin anerkjennelse.<\/p>\n","protected":false},"excerpt":{"rendered":"Juryen og folket har talt \u2013 og n\u00e5 er \u00c5rets Nordlending 2025 k\u00e5ret. Det kom inn rundt 300&hellip;\n","protected":false},"author":2,"featured_media":115197,"comment_status":"","ping_status":"","sticky":false,"template":"","format":"standard","meta":{"footnotes":""},"categories":[10],"tags":[13201,36,13982,20,21,1839,24,25,15,22,23,13,30,28,29,13983,14,16,26,27],"class_list":{"0":"post-115196","1":"post","2":"type-post","3":"status-publish","4":"format-standard","5":"has-post-thumbnail","7":"category-norge","8":"tag-arets-nordlending","9":"tag-art","10":"tag-avisa-nordland","11":"tag-breaking-news","12":"tag-breakingnews","13":"tag-feature","14":"tag-featured-news","15":"tag-featurednews","16":"tag-headlines","17":"tag-latest-news","18":"tag-latestnews","19":"tag-news","20":"tag-no","21":"tag-norge","22":"tag-norway","23":"tag-nrk-nordland","24":"tag-nyheter","25":"tag-overskrifter","26":"tag-top-stories","27":"tag-topstories"},"share_on_mastodon":{"url":"https:\/\/pubeurope.com\/@no\/115733547333567520","error":""},"_links":{"self":[{"href":"https:\/\/www.europesays.com\/no\/wp-json\/wp\/v2\/posts\/115196","targetHints":{"allow":["GET"]}}],"collection":[{"href":"https:\/\/www.europesays.com\/no\/wp-json\/wp\/v2\/posts"}],"about":[{"href":"https:\/\/www.europesays.com\/no\/wp-json\/wp\/v2\/types\/post"}],"author":[{"embeddable":true,"href":"https:\/\/www.europesays.com\/no\/wp-json\/wp\/v2\/users\/2"}],"replies":[{"embeddable":true,"href":"https:\/\/www.europesays.com\/no\/wp-json\/wp\/v2\/comments?post=115196"}],"version-history":[{"count":0,"href":"https:\/\/www.europesays.com\/no\/wp-json\/wp\/v2\/posts\/115196\/revisions"}],"wp:featuredmedia":[{"embeddable":true,"href":"https:\/\/www.europesays.com\/no\/wp-json\/wp\/v2\/media\/115197"}],"wp:attachment":[{"href":"https:\/\/www.europesays.com\/no\/wp-json\/wp\/v2\/media?parent=115196"}],"wp:term":[{"taxonomy":"category","embeddable":true,"href":"https:\/\/www.europesays.com\/no\/wp-json\/wp\/v2\/categories?post=115196"},{"taxonomy":"post_tag","embeddable":true,"href":"https:\/\/www.europesays.com\/no\/wp-json\/wp\/v2\/tags?post=115196"}],"curies":[{"name":"wp","href":"https:\/\/api.w.org\/{rel}","templated":true}]}}