{"id":115210,"date":"2025-12-17T06:51:13","date_gmt":"2025-12-17T06:51:13","guid":{"rendered":"https:\/\/www.europesays.com\/no\/115210\/"},"modified":"2025-12-17T06:51:13","modified_gmt":"2025-12-17T06:51:13","slug":"kultur-underholdning-sarpsborgfestivalen-ny-artist-er-klar-for-sarpsborgfestivalen","status":"publish","type":"post","link":"https:\/\/www.europesays.com\/no\/115210\/","title":{"rendered":"Kultur &#038; underholdning, Sarpsborgfestivalen | Ny artist er klar for Sarpsborgfestivalen"},"content":{"rendered":"\n<p>Det opplyser Sarpsborgfestivalen til Sarpsborg Arbeiderblad.<\/p>\n<p>\u2013 Vi er stolte av \u00e5 ha sikret oss et av de mest toneangivende navnene i skandinavisk hiphop eksklusivt for \u00d8stfold neste \u00e5r, rett etter at de har spilt for full hus p\u00e5 b\u00e5de Parkteatret og Rockefeller i Oslo, bekrefter festivalarrang\u00f8ren.<\/p>\n<p>Gamle og nye favoritter<\/p>\n<p>Tjuvjakt har toppet listene i Sverige i \u00e5r med l\u00e5ten \u00abTusen Sp\u00e4nn\u00bb med Fanny Avonne.<\/p>\n<p>I Kul\u00e5s til sommeren f\u00e5r vi b\u00e5de den og gamle favorittersom \u00abTandtr\u00e5d\u00bb, \u00abCornflakes i s\u00e4ngen\u00bb og \u00abT\u00e5rarna i halsen\u00bb.<\/p>\n<p>Tjuvjakts konserter er kjent for \u00e5 v\u00e6re eksplosive, intime og fulle av n\u00e6rv\u00e6r \u2013 og konserten i Kul\u00e5s blir intet unntak.<\/p>\n<p>Tjuvjakt ble startet i 2012, og best\u00e5r i dag av Olle Grafstr\u00f6m, Arvid Lundquist, Kid Eriksson, Jesper Sw\u00e4rd og Fredrik \u00abWoodz\u00bb Eriksson.<\/p>\n<p>Prisbel\u00f8nnet<\/p>\n<p>Med fem album, to mixtaper, en EP og priser som GAFFA-prisen for \u00ab\u00c5rets gjennombrudd\u00bb, i tillegg til flere nominasjoner til b\u00e5de P3 Guld og Grammis, har Tjuvjakt sikret seg en solid plass i b\u00e5de svenske og norske musikkhjerter.<\/p>\n<p>I februar 2026 gj\u00f8r bandet sin st\u00f8rste konsert til n\u00e5 i karrieren p\u00e5 Hovet i Stockholm \u2013 f\u00f8r de vender snuten til Sarpsborg \u2013 for \u00e5 gj\u00f8re deres eneste konsert i \u00d8stfold neste \u00e5r.<\/p>\n<p>Sarpsborgfestivalen g\u00e5r av stabelen i Kul\u00e5sparken, l\u00f8rdag 5. september 2026.<\/p>\n<p><b>F\u00f8lgende artister er s\u00e5 langt bekreftet til festivalen:<\/b><\/p>\n<ul>\n<li>Loreen (SE)<\/li>\n<li>Tjuvjakt (SE)<\/li>\n<\/ul>\n<p>\u00a8<\/p>\n<p>  <a href=\"https:\/\/www.sa.no\/5-46-1930125\" class=\"related-teaser has-image default-story-teaser article--c-eRUmMG article--c-eRUmMG-jKCPdD-design-default\" rel=\"nofollow noopener\" target=\"_blank\"><\/p>\n<p>    <img decoding=\"async\" loading=\"lazy\"  src=\"https:\/\/www.europesays.com\/no\/wp-content\/uploads\/2025\/12\/240502_LOREEN_01_033_flat_crop_v2+kopiera.jpg\" alt=\"\" class=\"brick-c-cFOWSL\" style=\"\"\/><\/p>\n<p>\n            Les ogs\u00e5<\/p>\n<p>              Verdensstjerne til Sarpsborgfestivalen\n        <\/p>\n<p>  <\/a><\/p>\n<p>  <a href=\"https:\/\/www.sa.no\/5-46-1924507\" class=\"related-teaser has-image default-story-teaser article--c-eRUmMG article--c-eRUmMG-jKCPdD-design-default\" rel=\"nofollow noopener\" target=\"_blank\"><\/p>\n<p>    <img decoding=\"async\" loading=\"lazy\"  src=\"https:\/\/www.europesays.com\/no\/wp-content\/uploads\/2025\/12\/5_46_1500020+0159+JMA_010923Sarpsborgfestivalen_lr.JPG\" alt=\"\" class=\"brick-c-cFOWSL\" style=\"\"\/><\/p>\n<p>\n            Les ogs\u00e5<\/p>\n<p>              Kvitnes og Kvitnes spiller med KORK i Kul\u00e5s\n        <\/p>\n<p>  <\/a><\/p>\n<p>  <a href=\"https:\/\/www.sa.no\/5-46-1919866\" class=\"related-teaser has-image default-story-teaser article--c-eRUmMG article--c-eRUmMG-jKCPdD-design-default\" rel=\"nofollow noopener\" target=\"_blank\"><\/p>\n<p>    <img decoding=\"async\" loading=\"lazy\"  src=\"https:\/\/www.europesays.com\/no\/wp-content\/uploads\/2025\/12\/20251127-VM_L7423-Enhanced-NR.jpg\" alt=\"\" class=\"brick-c-cFOWSL\" style=\"\"\/><\/p>\n<p>\n            Les ogs\u00e5<\/p>\n<p>              De tror p\u00e5 Sarpsborg: \u2013 Byen er i sterk utvikling\n        <\/p>\n<p>  <\/a><\/p>\n<p>  <a href=\"https:\/\/www.sa.no\/5-46-1882215\" class=\"related-teaser has-image default-story-teaser article--c-eRUmMG article--c-eRUmMG-jKCPdD-design-default\" rel=\"nofollow noopener\" target=\"_blank\"><\/p>\n<p>    <img decoding=\"async\" loading=\"lazy\"  src=\"https:\/\/www.europesays.com\/no\/wp-content\/uploads\/2025\/12\/IMG_7738.jpeg\" alt=\"\" class=\"brick-c-cFOWSL\" style=\"\"\/><\/p>\n<p>\n            Les ogs\u00e5<\/p>\n<p>              Flytter neste \u00e5rs Sarpsborgfestival: \u2013 Det \u00e5pnet seg noen muligheter\n        <\/p>\n<p>  <\/a><\/p>\n","protected":false},"excerpt":{"rendered":"Det opplyser Sarpsborgfestivalen til Sarpsborg Arbeiderblad. \u2013 Vi er stolte av \u00e5 ha sikret oss et av de&hellip;\n","protected":false},"author":2,"featured_media":115211,"comment_status":"","ping_status":"","sticky":false,"template":"","format":"standard","meta":{"footnotes":""},"categories":[58],"tags":[36,71,282,30,28,29,447,13907,1510,72],"class_list":{"0":"post-115210","1":"post","2":"type-post","3":"status-publish","4":"format-standard","5":"has-post-thumbnail","7":"category-underholdning","8":"tag-art","9":"tag-entertainment","10":"tag-kultur-underholdning","11":"tag-no","12":"tag-norge","13":"tag-norway","14":"tag-nyhet","15":"tag-sarpsborgfestivalen","16":"tag-story","17":"tag-underholdning"},"share_on_mastodon":{"url":"https:\/\/pubeurope.com\/@no\/115733586635373566","error":""},"_links":{"self":[{"href":"https:\/\/www.europesays.com\/no\/wp-json\/wp\/v2\/posts\/115210","targetHints":{"allow":["GET"]}}],"collection":[{"href":"https:\/\/www.europesays.com\/no\/wp-json\/wp\/v2\/posts"}],"about":[{"href":"https:\/\/www.europesays.com\/no\/wp-json\/wp\/v2\/types\/post"}],"author":[{"embeddable":true,"href":"https:\/\/www.europesays.com\/no\/wp-json\/wp\/v2\/users\/2"}],"replies":[{"embeddable":true,"href":"https:\/\/www.europesays.com\/no\/wp-json\/wp\/v2\/comments?post=115210"}],"version-history":[{"count":0,"href":"https:\/\/www.europesays.com\/no\/wp-json\/wp\/v2\/posts\/115210\/revisions"}],"wp:featuredmedia":[{"embeddable":true,"href":"https:\/\/www.europesays.com\/no\/wp-json\/wp\/v2\/media\/115211"}],"wp:attachment":[{"href":"https:\/\/www.europesays.com\/no\/wp-json\/wp\/v2\/media?parent=115210"}],"wp:term":[{"taxonomy":"category","embeddable":true,"href":"https:\/\/www.europesays.com\/no\/wp-json\/wp\/v2\/categories?post=115210"},{"taxonomy":"post_tag","embeddable":true,"href":"https:\/\/www.europesays.com\/no\/wp-json\/wp\/v2\/tags?post=115210"}],"curies":[{"name":"wp","href":"https:\/\/api.w.org\/{rel}","templated":true}]}}