{"id":115220,"date":"2025-12-17T07:03:30","date_gmt":"2025-12-17T07:03:30","guid":{"rendered":"https:\/\/www.europesays.com\/no\/115220\/"},"modified":"2025-12-17T07:03:30","modified_gmt":"2025-12-17T07:03:30","slug":"dnb-carnegies-anbefaling-pa-skistar-og-subsea-7","status":"publish","type":"post","link":"https:\/\/www.europesays.com\/no\/115220\/","title":{"rendered":"DNB Carnegies anbefaling p\u00e5 Skistar og Subsea 7"},"content":{"rendered":"<p>Etter at sn\u00f8 og kulde tidlig i november s\u00e5 ut til \u00e5 redusere v\u00e6rrisikoen inn mot h\u00f8ysesongen for<b>\u00a0Skistar\u00a0<\/b>har bildet de siste ukene heller v\u00e6rt preget av en mild vinter. Torsdag legger selskapet fram en kvartalsrapport for perioden september-november som p\u00e5 v\u00e5re estimater bare representerer like under 5 % av omsetningen for regnskaps\u00e5ret. Fokus her b\u00f8r derfor heller v\u00e6re p\u00e5 hva de sier om salget av heiskort, booking av overnattinger og utsikter for innev\u00e6rende og neste kvartal. Direkte skirelaterte virksomheter st\u00e5r i v\u00e5re estimater for rundt 80 % av verdiene i selskapet, mens de \u00f8vrige rundt 20 % i all hovedsak best\u00e5r av indirekte eksponering i form av tomtereserver og en utviklingsportef\u00f8lje tilknyttet skianleggene i Hemsedal, S\u00e4len, Trysil, Vemdalen og \u00c5re. Skistar stengte i g\u00e5r p\u00e5 SEK 171.6 pr. aksje og\u00a0<b>vi har en kj\u00f8psanbefaling (<a href=\"https:\/\/www.dnb.no\/portalfrontapp\/markets\/aksjehandel-v10\/#\/company\/SKISb.ST\" target=\"_blank\" rel=\"nofollow noopener\">kj\u00f8p aksjen her<\/a>) med et kursm\u00e5l p\u00e5 SEK 215 pr. aksje.\u00a0\u00a0\u00a0\u00a0\u00a0 \u00a0\u00a0\u00a0<\/b><\/p>\n<p>Fra Brasil kommer det meldinger som indikerer at Petrobras kan v\u00e6re i ferd med \u00e5 bevege seg mot tildeling av en utbyggingskontrakt for Sepia 2. Produksjonsstart er planlagt for 2030 og\u00a0<b>Subsea 7<\/b>\u00a0ser med et tilbud p\u00e5 USD 1.3 mrd., if\u00f8lge Upstream, ut til \u00e5 kunne ha levert inn det laveste anbudet. Fortsatt gjenst\u00e5r det forhandlinger, men selskapet har siden 2020 sikret seg 5 av de siste 11 tilsvarende kontraktene. Subsea 7 stengte i g\u00e5r p\u00e5 NOK 195.60 pr. aksje og vi har\u00a0<b>en kj\u00f8psanbefaling (<a href=\"https:\/\/www.dnb.no\/portalfrontapp\/markets\/aksjehandel-v10\/#\/company\/SUBC.OL\" target=\"_blank\" rel=\"nofollow noopener\">kj\u00f8p aksjen her<\/a>) med et kursm\u00e5l p\u00e5 NOK 230 pr. aksje.<\/b><\/p>\n","protected":false},"excerpt":{"rendered":"Etter at sn\u00f8 og kulde tidlig i november s\u00e5 ut til \u00e5 redusere v\u00e6rrisikoen inn mot h\u00f8ysesongen for\u00a0Skistar\u00a0har&hellip;\n","protected":false},"author":2,"featured_media":115221,"comment_status":"","ping_status":"","sticky":false,"template":"","format":"standard","meta":{"footnotes":""},"categories":[56],"tags":[184,60,185,61,62,30,28,29],"class_list":{"0":"post-115220","1":"post","2":"type-post","3":"status-publish","4":"format-standard","5":"has-post-thumbnail","7":"category-naeringsliv","8":"tag-aksjer","9":"tag-business","10":"tag-dnb-carnegie","11":"tag-economy","12":"tag-naeringsliv","13":"tag-no","14":"tag-norge","15":"tag-norway"},"share_on_mastodon":{"url":"https:\/\/pubeurope.com\/@no\/115733633662096392","error":""},"_links":{"self":[{"href":"https:\/\/www.europesays.com\/no\/wp-json\/wp\/v2\/posts\/115220","targetHints":{"allow":["GET"]}}],"collection":[{"href":"https:\/\/www.europesays.com\/no\/wp-json\/wp\/v2\/posts"}],"about":[{"href":"https:\/\/www.europesays.com\/no\/wp-json\/wp\/v2\/types\/post"}],"author":[{"embeddable":true,"href":"https:\/\/www.europesays.com\/no\/wp-json\/wp\/v2\/users\/2"}],"replies":[{"embeddable":true,"href":"https:\/\/www.europesays.com\/no\/wp-json\/wp\/v2\/comments?post=115220"}],"version-history":[{"count":0,"href":"https:\/\/www.europesays.com\/no\/wp-json\/wp\/v2\/posts\/115220\/revisions"}],"wp:featuredmedia":[{"embeddable":true,"href":"https:\/\/www.europesays.com\/no\/wp-json\/wp\/v2\/media\/115221"}],"wp:attachment":[{"href":"https:\/\/www.europesays.com\/no\/wp-json\/wp\/v2\/media?parent=115220"}],"wp:term":[{"taxonomy":"category","embeddable":true,"href":"https:\/\/www.europesays.com\/no\/wp-json\/wp\/v2\/categories?post=115220"},{"taxonomy":"post_tag","embeddable":true,"href":"https:\/\/www.europesays.com\/no\/wp-json\/wp\/v2\/tags?post=115220"}],"curies":[{"name":"wp","href":"https:\/\/api.w.org\/{rel}","templated":true}]}}