{"id":115224,"date":"2025-12-17T07:07:23","date_gmt":"2025-12-17T07:07:23","guid":{"rendered":"https:\/\/www.europesays.com\/no\/115224\/"},"modified":"2025-12-17T07:07:23","modified_gmt":"2025-12-17T07:07:23","slug":"stakk-til-sjos","status":"publish","type":"post","link":"https:\/\/www.europesays.com\/no\/115224\/","title":{"rendered":"Stakk til sj\u00f8s"},"content":{"rendered":"<p class=\"kicker bg-gold color_mobile_bg-gold align-center mobile_text_align_align-center hasTextPadding mobile-hasTextPadding\" style=\"\">H\u00e5ndball-VM<\/p>\n<p>  Frankrike \u00abkrasjet\u00bb Norges fest, nederlenderne dro til sj\u00f8s, og hvor var tyskerne? Alt du ikke trenger, men vil vite fra innsiden om nattens VM-fest.<\/p>\n<p>\n    P\u00c5 B\u00d8LJAN BL\u00c5: Det nederlandske landslaget avsluttet tre ukers VM p\u00e5 hjemmebane med en b\u00e5ttur. Foto: Skjermpdump Instagram\n  <\/p>\n<p>ROTTERDAM (Dagbladet): Da de norske spillerne ankom gullfesten sentralt i Rotterdam var det f\u00f8rste som m\u00f8tte dem de franske bronsevinnerne som applauderte dem inn.<\/p>\n<p>Lokalet var delt i to. I den innerste delen feiret Norge med allsang, i den ytterste danset og diskuterte de franske, men s\u00e5 vidt Dagbladet kunne observere <a href=\"https:\/\/www.dagbladet.no\/sport\/tatt-pa-fersken\/82355202\" rel=\"nofollow noopener\" target=\"_blank\">var det ingen som sigget<\/a>.<\/p>\n<p>        <img loading=\"lazy\" decoding=\"async\" src=\"https:\/\/www.europesays.com\/no\/wp-content\/uploads\/2025\/12\/83983739.webp\" width=\"686\" height=\"460\" title=\"VARMT M\u00d8TE: Frankrikes Estelle Nze Minko med Katrine Lunde under den norske gullfesten. Nze Minko spilte ikke VM p\u00e5 grunn av graviditet, men dukket opp natt til mandag. Foto: Beate Oma Dahle \/ NTB\" alt=\"\" class=\"\" style=\"--aspect-ratio-image: 1.49; \"\/><\/p>\n<p>\n        VARMT M\u00d8TE: Frankrikes Estelle Nze Minko med Katrine Lunde under den norske gullfesten. Nze Minko spilte ikke VM p\u00e5 grunn av graviditet, men dukket opp natt til mandag. Foto: Beate Oma Dahle \/ NTB\n    <\/p>\n<p>&#8211; Veldig hyggelig. Vi har et samarbeid og utveksler mye informasjon, sier landslagssjef Ole Gustav Gjekstad til NTB om velkomsten.\u00a0<\/p>\n<p>        <img loading=\"lazy\" decoding=\"async\" src=\"https:\/\/www.europesays.com\/no\/wp-content\/uploads\/2025\/12\/83983709.webp\" width=\"686\" height=\"460\" title=\"KLAPPET INN: Ole Gustav Gjekstad med en beskjeden mine p\u00e5 vei inn p\u00e5 bankett i Rotterdam. Foto: Beate Oma Dahle \/ NTB\" alt=\"\" class=\"\" style=\"--aspect-ratio-image: 1.49; \"\/><\/p>\n<p>\n        KLAPPET INN: Ole Gustav Gjekstad med en beskjeden mine p\u00e5 vei inn p\u00e5 bankett i Rotterdam. Foto: Beate Oma Dahle \/ NTB\n    <\/p>\n<p>Han ble hyllet fra scenen av h\u00e5ndballpresident Randi Gustad, men Ole Gustav Gjekstad holdt seg beskjedent i bakgrunnen sammen med samboeren Katrine og resten av st\u00f8tteapparatet da gullet ble feiret.<\/p>\n<p>&#8211; Det er veldig hyggelig det her, men det er folk som er bedre til \u00e5 feste enn meg, sa han videre til NTB.\u00a0<\/p>\n<p>Samme melding delte Katrine Lunde til Dagbladet. Hun hadde med datteren Atina p\u00e5 10 \u00e5r, og kj\u00f8rte alkoholfritt.\u00a0<\/p>\n<p>        <img loading=\"lazy\" decoding=\"async\" src=\"https:\/\/www.europesays.com\/no\/wp-content\/uploads\/2025\/12\/83983727.webp\" width=\"686\" height=\"460\" title=\"TRAKK SEG UNNA: Katrine Lunde hadde med seg datteren Atina p\u00e5 gullfesten. Foto: Beate Oma Dahle \/ NTB\" alt=\"\" class=\"\" style=\"--aspect-ratio-image: 1.49; \"\/><\/p>\n<p>\n        TRAKK SEG UNNA: Katrine Lunde hadde med seg datteren Atina p\u00e5 gullfesten. Foto: Beate Oma Dahle \/ NTB\n    <\/p>\n<p>Det tok andre ansvar for. Dagbladet kunne observere at festen allerede startet i f\u00f8rste sving etter pressesonen i hallen, hvor enheter hadde blitt flyttet, klare til \u00e5 sprettes av gullvinnende promillejegere.<\/p>\n<p>&#8211;\u00a0Hvem som vinner festen kan bli vanskelig \u00e5 si. Jeg h\u00e5per \u00e5 komme p\u00e5 pallen i alle fall, for n\u00e5r det blir gull s\u00e5 skal det feires, sa Henny Reistad til Dagbladet.<\/p>\n<p>Nora M\u00f8rk og Veronica Kristiansen er sluggere i gullfest-gamet:\u00a0<\/p>\n<p>&#8211; Vi har det veldig bra. La oss bare si det s\u00e5nn at det er to sm\u00e5barnsm\u00f8dre som har fri og m\u00e5 passe litt p\u00e5 hverandre. Det er flere m\u00e5neder siden. Vi skal pr\u00f8ve \u00e5 holde koken og v\u00e6re smarte, lo M\u00f8rk til <a href=\"https:\/\/www.nettavisen.no\/nora-mork\/alkohol\/handballjentene\/nora-mork-kom-med-alkoholavsloring\/v\/5-95-2779912\" rel=\"nofollow noopener\" target=\"_blank\">Nettavisen<\/a>.\u00a0<\/p>\n<p>        <img loading=\"lazy\" decoding=\"async\" src=\"https:\/\/www.europesays.com\/no\/wp-content\/uploads\/2025\/12\/1765955240_75_83983711.webp\" width=\"686\" height=\"460\" title=\"KJ\u00d8RET G\u00c5R: Dagbladet er ikke kjent med hvem som vant festen i natt, men samtlige p\u00e5 dette bildet kom godt ut av startblokkene. Foto: Beate Oma Dahle \/ NTB\" alt=\"\" class=\"\" style=\"--aspect-ratio-image: 1.49; \"\/><\/p>\n<p>\n        KJ\u00d8RET G\u00c5R: Dagbladet er ikke kjent med hvem som vant festen i natt, men samtlige p\u00e5 dette bildet kom godt ut av startblokkene. Foto: Beate Oma Dahle \/ NTB\n    <\/p>\n<p>Vi forlater Norges festlokalet og drar videre til Rotterdams havn. Europas st\u00f8rste og den viktigste inngangsporten til Europa for narkotikasmuglere.\u00a0<\/p>\n<p>Det betyr lite for denne historien, men det var nettopp her Nederlands h\u00e5ndballkvinner dukket opp etter at bronsefinalen r\u00f8k i siste minutt p\u00e5 hjemmebane.\u00a0<\/p>\n<p>Til tross for skuffelsen fikk legendene Estavana Polman og Lois Abbingh sin hyllest foran hjemmefansen i sin siste landskamp.\u00a0<\/p>\n<p>        <img loading=\"lazy\" decoding=\"async\" src=\"https:\/\/www.europesays.com\/no\/wp-content\/uploads\/2025\/12\/83983705.webp\" width=\"686\" height=\"467\" title=\"R\u00d8RENDE HYLLEST: Estavana Polman og Lois Abbingh ble gjort stas p\u00e5 til tross for tap i bronsefinalen. Foto: NTB\" alt=\"\" class=\"\" style=\"--aspect-ratio-image: 1.47; \"\/><\/p>\n<p>\n        R\u00d8RENDE HYLLEST: Estavana Polman og Lois Abbingh ble gjort stas p\u00e5 til tross for tap i bronsefinalen. Foto: NTB\n    <\/p>\n<p>Utover kvelden delte Polman glimt av lagets kveld i sosiale medier, og det var her det dukket opp en video av hele laget i en b\u00e5t og p\u00e5 vei ut p\u00e5 vannet.\u00a0<\/p>\n<p>Hun tok ogs\u00e5 en selfie sammen med sin mange\u00e5rige lagvenninne Angela Malestein, med teksten: \u00abJut en Jul\u00bb. Kortere unders\u00f8kelser tilsier at det p\u00e5 norsk kan oversettes til Knoll og Tott. Malestein fortsetter landslagskarrieren uten venninnen.\u00a0<\/p>\n<p>        <img loading=\"lazy\" decoding=\"async\" src=\"https:\/\/www.europesays.com\/no\/wp-content\/uploads\/2025\/12\/83983718.webp\" width=\"686\" height=\"481\" title=\"FARVEL: Estavana Polman og Angela Malestein. Foto: Skjermdump Instagram\" alt=\"\" class=\"\" style=\"--aspect-ratio-image: 1.43; \"\/><\/p>\n<p>\n        FARVEL: Estavana Polman og Angela Malestein. Foto: Skjermdump Instagram\n    <\/p>\n<p>Utover natta ble det delt ytterligere videoer fra et utested, hvor de nederlandske spillerne festet vilt, og flere av spillerne var oppe p\u00e5 bordene.<\/p>\n<p>Mandag morgen deler Polman en bildekollasj hvor av seg selv, Malenstein og Abbingh. De f\u00f8rste bildene fra ungdoms\u00e5rene, det siste fra s\u00f8ndag, med teksten:<\/p>\n<p>&#8211; Det er slutt.<\/p>\n<p>Og s\u00e5 hva er det tyskerne da, hvor ble det av dem? De skygget banen for Norges gullfest, forst\u00e5elig nok. Ingen tyske tabloider har heller v\u00e6rt med p\u00e5 noen bankett.<\/p>\n<p>Men et bilde som stjernespiller Emily Vogel har lagt ut, ser det som de fortjent ble feiret:<\/p>\n<p>        <img loading=\"lazy\" decoding=\"async\" src=\"https:\/\/www.europesays.com\/no\/wp-content\/uploads\/2025\/12\/83983724.webp\" width=\"686\" height=\"433\" title=\"S\u00d8LV: Tysklands Emily Vogel til h\u00f8yre. Dagbladet var ikke til stede, men p\u00e5 bakgrunn av glasset med edle dr\u00e5per, s\u00f8lvmedaljen og det brede smilet kaller vi dette et lystig lag. Foto: Skjermdump Instagram\" alt=\"\" class=\"\" style=\"--aspect-ratio-image: 1.58; \"\/><\/p>\n<p>\n        S\u00d8LV: Tysklands Emily Vogel til h\u00f8yre. Dagbladet var ikke til stede, men p\u00e5 bakgrunn av glasset med edle dr\u00e5per, s\u00f8lvmedaljen og det brede smilet kaller vi dette et lystig lag. Foto: Skjermdump Instagram\n    <\/p>\n<p>Til tross for finaletapet mot Norge hylles de tyske kvinnene i hjemlandet, de kalles heltinner av stortabloiden <a href=\"https:\/\/www.bild.de\/sport\/mehr-sport\/handball-deutsche-frauen-verlieren-wm-finale-gegen-norwegen-693ef16bf679420e000b4b26\" rel=\"nofollow noopener\" target=\"_blank\">Bild<\/a>:<\/p>\n<p>&#8211; Takk for et fantastisk VM! Det er synd, men dere kan v\u00e6re s\u00e5 stolte av dere selv, skriver avisa.<\/p>\n<p>Det er f\u00f8rste VM-finale for Tyskland siden 1993 p\u00e5 kvinnesiden. Det er f\u00f8rste medalje siden 2007.\u00a0<\/p>\n","protected":false},"excerpt":{"rendered":"H\u00e5ndball-VM Frankrike \u00abkrasjet\u00bb Norges fest, nederlenderne dro til sj\u00f8s, og hvor var tyskerne? Alt du ikke trenger, men&hellip;\n","protected":false},"author":2,"featured_media":115225,"comment_status":"","ping_status":"","sticky":false,"template":"","format":"standard","meta":{"footnotes":""},"categories":[5],"tags":[20,21,24,25,105,9443,15,19,22,23,17,18,13,30,28,29,14,16,83,26,27],"class_list":{"0":"post-115224","1":"post","2":"type-post","3":"status-publish","4":"format-standard","5":"has-post-thumbnail","7":"category-overskrifter","8":"tag-breaking-news","9":"tag-breakingnews","10":"tag-featured-news","11":"tag-featurednews","12":"tag-handball","13":"tag-handball-vm","14":"tag-headlines","15":"tag-hovedoppslag","16":"tag-latest-news","17":"tag-latestnews","18":"tag-main-news","19":"tag-mainnews","20":"tag-news","21":"tag-no","22":"tag-norge","23":"tag-norway","24":"tag-nyheter","25":"tag-overskrifter","26":"tag-sport","27":"tag-top-stories","28":"tag-topstories"},"share_on_mastodon":{"url":"https:\/\/pubeurope.com\/@no\/115733649930977215","error":""},"_links":{"self":[{"href":"https:\/\/www.europesays.com\/no\/wp-json\/wp\/v2\/posts\/115224","targetHints":{"allow":["GET"]}}],"collection":[{"href":"https:\/\/www.europesays.com\/no\/wp-json\/wp\/v2\/posts"}],"about":[{"href":"https:\/\/www.europesays.com\/no\/wp-json\/wp\/v2\/types\/post"}],"author":[{"embeddable":true,"href":"https:\/\/www.europesays.com\/no\/wp-json\/wp\/v2\/users\/2"}],"replies":[{"embeddable":true,"href":"https:\/\/www.europesays.com\/no\/wp-json\/wp\/v2\/comments?post=115224"}],"version-history":[{"count":0,"href":"https:\/\/www.europesays.com\/no\/wp-json\/wp\/v2\/posts\/115224\/revisions"}],"wp:featuredmedia":[{"embeddable":true,"href":"https:\/\/www.europesays.com\/no\/wp-json\/wp\/v2\/media\/115225"}],"wp:attachment":[{"href":"https:\/\/www.europesays.com\/no\/wp-json\/wp\/v2\/media?parent=115224"}],"wp:term":[{"taxonomy":"category","embeddable":true,"href":"https:\/\/www.europesays.com\/no\/wp-json\/wp\/v2\/categories?post=115224"},{"taxonomy":"post_tag","embeddable":true,"href":"https:\/\/www.europesays.com\/no\/wp-json\/wp\/v2\/tags?post=115224"}],"curies":[{"name":"wp","href":"https:\/\/api.w.org\/{rel}","templated":true}]}}