{"id":115226,"date":"2025-12-17T07:08:17","date_gmt":"2025-12-17T07:08:17","guid":{"rendered":"https:\/\/www.europesays.com\/no\/115226\/"},"modified":"2025-12-17T07:08:17","modified_gmt":"2025-12-17T07:08:17","slug":"sport-fotball-nettavisen-tidligere-asane-trener-tar-over-molde","status":"publish","type":"post","link":"https:\/\/www.europesays.com\/no\/115226\/","title":{"rendered":"Sport, Fotball | Nettavisen: Tidligere \u00c5sane-trener tar over Molde"},"content":{"rendered":"\n<p>(<a href=\"https:\/\/www.nettavisen.no\/sport\/nettavisen-erfarer-molde-enig-med-tjelmeland-blir-ny-trener\/s\/5-95-2782299\" rel=\"Follow nofollow noopener\" target=\"_blank\">Nettavisen<\/a>): Tjelmeland er i dag assistenttrener i polske Lech Poznan, men vil ta over Molde senest i mai 2026 n\u00e5r den polske sesongen er over. De siste dagene har samtalene mellom Molde og 36-\u00e5ringen intensivert seg og treneren har n\u00e5 blitt enig om \u00e5 bli klubbens neste hovedtrener.<\/p>\n<p>Fortsatt m\u00e5 Molde komme til enighet med Lech Poznan om \u00e5 kj\u00f8pe fri treneren f\u00f8r tiden, om han skal kunne ta over MFK f\u00f8r kontrakten hans i Polen g\u00e5r ut etter 2025\/2026-sesongen.<\/p>\n<p>   <img decoding=\"async\" width=\"3962\" height=\"2461\" fetchpriority=\"low\"  loading=\"lazy\"  src=\"https:\/\/www.europesays.com\/no\/wp-content\/uploads\/2025\/12\/BA26501.jpg\" alt=\"Fotball, 21. november  2019 , kvalifisering til OBOSligaen , Notodden - \u00c5sane&#10;&#10;jubel p\u00e5 benken , \u00c5sane&#10;Sindre Tjelmeland, Morten R\u00f8ssland og Kristoffer Valsvik\" class=\"brick-c-cFOWSL\" style=\"--brick-image-ratio: 3962 \/ 2461;\"\/><\/p>\n<p>      Sindre Tjelmeland (til h\u00f8yre) er fra Etne, har spilt i lokalfotballen i Bergen og v\u00e6rt assistenttrener i \u00c5sane.<br \/>\n      Foto: Anders Hoven, Digitalsport (arkiv)\n    <\/p>\n<p>Samtidig er Molde ogs\u00e5 enige med svenske Martin Falk om \u00e5 bli Tjelmelands assistent. Den unge svensken trente denne sesongen IFK Norrk\u00f6ping som rykket ned fra Allsvenskan i Sverige.<\/p>\n<p>Den svenske klubben bekrefter tirsdag kveld at Falk forlater klubben. Han presenteres av Molde senere denne uken.<\/p>\n<p><b>Les ogs\u00e5: <a href=\"https:\/\/www.nettavisen.no\/sport\/na-er-det-avgjort-her-kan-du-se-vm-kampene-i-sommer\/s\/5-95-2782812\" rel=\"Follow nofollow noopener\" target=\"_blank\">N\u00e5 er det avgjort: Her kan du se VM-kampene i sommer<\/a><\/b><\/p>\n<p>F\u00e5r trolig hovedansvaret<\/p>\n<p>Falk takket i sommer nei til \u00e5 bli hovedtrener i danske Viborg, og ble v\u00e6rende i den tradisjonsrike svenske klubben.<\/p>\n<p>Norrk\u00f6ping ble preget av kaos i h\u00f8st etter at det ble store endringer i klubbledelsen, og tidligere Start-sportssjef Magni Fannberg takket for seg.<\/p>\n<p>   <img decoding=\"async\" width=\"7089\" height=\"4726\" fetchpriority=\"low\"  loading=\"lazy\"  src=\"https:\/\/www.europesays.com\/no\/wp-content\/uploads\/2025\/12\/1765955297_876_BB250825SM009.jpg\" alt=\"250825 IFK Norrk\u00f6pings tr\u00e4nare Martin Falk under fotbollsmatchen i Allsvenskan mellan \u00d6ster och IFK Norrk\u00f6ping den 25 augusti 2025 i V\u00e4xj\u00f6. &#10;Foto: Suvad Mrkonjic \/ BILDBYR\u00c5N \/ COP 170 \/ SM0405\" class=\"brick-c-cFOWSL\" style=\"--brick-image-ratio: 7089 \/ 4726;\"\/><\/p>\n<p>      ASSISTENT: Martin Falk kan bli ny assistenttrener i Molde.<br \/>\n      Foto: Suvad Mrkonjic (Bildbyr\u00e5n)\n    <\/p>\n<p>Nettavisen rapporterte om utviklingen i saken og <a href=\"https:\/\/www.nettavisen.no\/sport\/rosenborg-i-forhandlinger-med-svensk-sportssjef\/s\/5-95-2759979\" rel=\"Follow nofollow noopener\" target=\"_blank\">detaljene som m\u00e5tte l\u00f8ses<\/a> forrige uke.<\/p>\n<p>I Molde vil Falk ha hovedansvaret fram til Tjelmeland er ferdig i den polske klubben. I Molde har man et h\u00e5p om at den tidligere Start-treneren kan komme til sesongoppkj\u00f8ringen, men det avhenger av forhandlinger i Polen denne uken.<\/p>\n<p>Nettavisen vet at Molde-ledelsen er p\u00e5 plass i Polen for \u00e5 sluttf\u00f8re detaljer med sin kommende trener, samt g\u00e5 i m\u00f8ter og forhandle med Lech Poznan i h\u00e5p om \u00e5 komme til enighet om en avtale s\u00e5 raskt som mulig.<\/p>\n<p>Molde skal v\u00e6re villige til \u00e5 strekke seg langt for \u00e5 f\u00e5 polakkene med p\u00e5 en avtale her og n\u00e5. Polske Ekstraklasa avslutter sesongen i slutten av mai. Da vil den norske Eliteserien ha fullf\u00f8rt ti serierunder.<\/p>\n<p><b>Les ogs\u00e5: <a href=\"https:\/\/www.nettavisen.no\/sport\/strommegiganten-disney-kjoper-fotballrettigheter-i-norge\/s\/5-95-2782201\" rel=\"Follow nofollow noopener\" target=\"_blank\">Str\u00f8mmegigant kj\u00f8per fotballrettigheter i Norge<\/a><\/b><\/p>\n<p>Lang Molde-jakt<\/p>\n<p>Uansett markerer enigheten med Tjelmeland og Falk en slutt p\u00e5 en flere m\u00e5neder lang jakt p\u00e5 en ny trener til Molde.<\/p>\n<p>Etter at Per-Mathias H\u00f8gmo fikk sparken fors\u00f8kte klubben seg p\u00e5 KFUM Oslo-trener Johannes Moesgaard. Svaret der ble til slutt negativt.<\/p>\n<p>Magne Hoseth har ledet laget som midlertidig trener ut sesongen, men n\u00e5 har trenerjakten endt med Sindre Tjelmeland etter en langvarig prosess.<\/p>\n<p>Det er fortsatt uklart hva som vil skje med Hoseth eller om han fortsatt vil ha en rolle i det nye trenerteamet.<\/p>\n<p>Ingen i Molde-ledelsen har v\u00e6rt tilgjengelige for en kommentar fra sin reise til Polen. Tjelmeland har ikke besvart henvendelser.<\/p>\n","protected":false},"excerpt":{"rendered":"(Nettavisen): Tjelmeland er i dag assistenttrener i polske Lech Poznan, men vil ta over Molde senest i mai&hellip;\n","protected":false},"author":2,"featured_media":114777,"comment_status":"","ping_status":"","sticky":false,"template":"","format":"standard","meta":{"footnotes":""},"categories":[59],"tags":[36,92,869,30,28,29,83,82,1510],"class_list":{"0":"post-115226","1":"post","2":"type-post","3":"status-publish","4":"format-standard","5":"has-post-thumbnail","7":"category-sport","8":"tag-art","9":"tag-fotball","10":"tag-molde-fk","11":"tag-no","12":"tag-norge","13":"tag-norway","14":"tag-sport","15":"tag-sports","16":"tag-story"},"share_on_mastodon":{"url":"https:\/\/pubeurope.com\/@no\/115733653460064112","error":""},"_links":{"self":[{"href":"https:\/\/www.europesays.com\/no\/wp-json\/wp\/v2\/posts\/115226","targetHints":{"allow":["GET"]}}],"collection":[{"href":"https:\/\/www.europesays.com\/no\/wp-json\/wp\/v2\/posts"}],"about":[{"href":"https:\/\/www.europesays.com\/no\/wp-json\/wp\/v2\/types\/post"}],"author":[{"embeddable":true,"href":"https:\/\/www.europesays.com\/no\/wp-json\/wp\/v2\/users\/2"}],"replies":[{"embeddable":true,"href":"https:\/\/www.europesays.com\/no\/wp-json\/wp\/v2\/comments?post=115226"}],"version-history":[{"count":0,"href":"https:\/\/www.europesays.com\/no\/wp-json\/wp\/v2\/posts\/115226\/revisions"}],"wp:featuredmedia":[{"embeddable":true,"href":"https:\/\/www.europesays.com\/no\/wp-json\/wp\/v2\/media\/114777"}],"wp:attachment":[{"href":"https:\/\/www.europesays.com\/no\/wp-json\/wp\/v2\/media?parent=115226"}],"wp:term":[{"taxonomy":"category","embeddable":true,"href":"https:\/\/www.europesays.com\/no\/wp-json\/wp\/v2\/categories?post=115226"},{"taxonomy":"post_tag","embeddable":true,"href":"https:\/\/www.europesays.com\/no\/wp-json\/wp\/v2\/tags?post=115226"}],"curies":[{"name":"wp","href":"https:\/\/api.w.org\/{rel}","templated":true}]}}