{"id":115255,"date":"2025-12-17T07:54:09","date_gmt":"2025-12-17T07:54:09","guid":{"rendered":"https:\/\/www.europesays.com\/no\/115255\/"},"modified":"2025-12-17T07:54:09","modified_gmt":"2025-12-17T07:54:09","slug":"vil-ikke-vise-topphemmelig-video-til-offentligheten","status":"publish","type":"post","link":"https:\/\/www.europesays.com\/no\/115255\/","title":{"rendered":"Vil ikke vise topphemmelig video til offentligheten"},"content":{"rendered":"<p><strong>USAs krigsminister Pete Hegseth og utenriksminister Marco Rubio vitnet tirsdag for Senatet om de omstridte b\u00e5tangrepene mot Venezuela, men nektet \u00e5 offentliggj\u00f8re klassifisert videomateriale.<\/strong><\/p>\n<p>Etter en lukket h\u00f8ring i Senatet bekreftet Hegseth at Kongressens komiteer vil f\u00e5 se uredigert video fra angrepet 2. september, men at materialet ikke vil bli offentliggjort.<\/p>\n<p>\u2013 I tr\u00e5d med langvarig politikk i krigsdepartementet vil vi selvf\u00f8lgelig ikke frigi topphemmelig, uredigert video til allmennheten, sa Hegseth <a href=\"https:\/\/youtu.be\/lb9X4egpMpo\" rel=\"nofollow noopener\" target=\"_blank\">til reportere<\/a>.<\/p>\n<p>Han la til at de aktuelle komiteene har bedt om \u00e5 f\u00e5 se materialet, og at det vil bli vist for dem onsdag sammen med admiral Bradley, som if\u00f8lge Hegseth \u00abhar gjort en fantastisk jobb og tatt alle de rette avgj\u00f8relsene\u00bb.<\/p>\n<p>Utenriksminister Marco Rubio understreket at dette var en \u00absv\u00e6rt vellykket operasjon\u00bb.<\/p>\n<p>\u2013 Dette er et narkotikabekjempelsesoppdrag som er fokusert p\u00e5 \u00e5 demontere infrastrukturen til terrororganisasjoner som opererer i v\u00e5rt n\u00e6romr\u00e5de, undergraver amerikaneres sikkerhet og forgifter amerikanere, sa Rubio.<\/p>\n<p>Han bekreftet at lignende orienteringer vil bli holdt for Representantenes hus.<\/p>\n<p><strong>Graham krever klarhet om Maduro<\/strong><\/p>\n<p>Senator Lindsey Graham ga sin st\u00f8tte til operasjonen, men krevde samtidig klarhet om hvorvidt m\u00e5let er \u00e5 fjerne Venezuelas president Nicol\u00e1s Maduro fra makten.<\/p>\n<p>\u2013 Det ville v\u00e6re en fatal feil for v\u00e5r posisjon i verden hvis Maduro fortsatt st\u00e5r ved makten etter all denne maktdemonstrasjonen, sa Graham.<\/p>\n<p>Han sammenlignet situasjonen med president George H.W. Bushs invasjon av Panama i 1989, der den panamanske presidenten Manuel Noriega ble avsatt og fengslet i USA for narkotikaforbrytelser.<\/p>\n<p>\u2013 Det er ingen forskjell. Bush gjorde rett i \u00e5 rydde opp i Panama. Trump gj\u00f8r rett i \u00e5 ta seg av en narkoterroriststat kalt Venezuela, sa Graham.<\/p>\n<p>Senatoren uttrykte bekymring over at han ikke fikk klare svar om hva som skal skje dersom Maduro ikke fjernes fra makten.<\/p>\n<p>\u2013 Hvis det ikke er m\u00e5let \u00e5 ta ham ut, gj\u00f8r dere en feil. Forst\u00e5r dere hva jeg sier? Hvis vi etter alt dette fortsatt lar denne mannen forbli ved makten, sa Graham.<\/p>\n<p><strong>Beskrevet som antiterror-operasjon<\/strong><\/p>\n<p>B\u00e5de Hegseth og Rubio beskrev operasjonen som rettet mot designerte terrororganisasjoner og karteller som smugler narkotika til USA.<\/p>\n<p>\u2013 Vi er stolte av det vi gj\u00f8r. Vi er i stand til \u00e5 forklare det veldig direkte til senatorene, sa Hegseth, men understreket at detaljene forblir klassifisert.<\/p>\n<p>Operasjonen involverer if\u00f8lge Graham rundt 15 prosent av den amerikanske marinen.<\/p>\n","protected":false},"excerpt":{"rendered":"USAs krigsminister Pete Hegseth og utenriksminister Marco Rubio vitnet tirsdag for Senatet om de omstridte b\u00e5tangrepene mot Venezuela,&hellip;\n","protected":false},"author":2,"featured_media":115256,"comment_status":"","ping_status":"","sticky":false,"template":"","format":"standard","meta":{"footnotes":""},"categories":[12],"tags":[20,21,24,25,15,22,23,13986,972,13987,13,30,28,29,14,16,6506,26,27,50,95,42,43,44,45],"class_list":{"0":"post-115255","1":"post","2":"type-post","3":"status-publish","4":"format-standard","5":"has-post-thumbnail","7":"category-verden","8":"tag-breaking-news","9":"tag-breakingnews","10":"tag-featured-news","11":"tag-featurednews","12":"tag-headlines","13":"tag-latest-news","14":"tag-latestnews","15":"tag-lindsay-graham","16":"tag-marco-rubio","17":"tag-narkotikasmugling","18":"tag-news","19":"tag-no","20":"tag-norge","21":"tag-norway","22":"tag-nyheter","23":"tag-overskrifter","24":"tag-pete-hegseth","25":"tag-top-stories","26":"tag-topstories","27":"tag-usa","28":"tag-venezuela","29":"tag-verden","30":"tag-world","31":"tag-world-news","32":"tag-worldnews"},"share_on_mastodon":{"url":"https:\/\/pubeurope.com\/@no\/115733834392336441","error":""},"_links":{"self":[{"href":"https:\/\/www.europesays.com\/no\/wp-json\/wp\/v2\/posts\/115255","targetHints":{"allow":["GET"]}}],"collection":[{"href":"https:\/\/www.europesays.com\/no\/wp-json\/wp\/v2\/posts"}],"about":[{"href":"https:\/\/www.europesays.com\/no\/wp-json\/wp\/v2\/types\/post"}],"author":[{"embeddable":true,"href":"https:\/\/www.europesays.com\/no\/wp-json\/wp\/v2\/users\/2"}],"replies":[{"embeddable":true,"href":"https:\/\/www.europesays.com\/no\/wp-json\/wp\/v2\/comments?post=115255"}],"version-history":[{"count":0,"href":"https:\/\/www.europesays.com\/no\/wp-json\/wp\/v2\/posts\/115255\/revisions"}],"wp:featuredmedia":[{"embeddable":true,"href":"https:\/\/www.europesays.com\/no\/wp-json\/wp\/v2\/media\/115256"}],"wp:attachment":[{"href":"https:\/\/www.europesays.com\/no\/wp-json\/wp\/v2\/media?parent=115255"}],"wp:term":[{"taxonomy":"category","embeddable":true,"href":"https:\/\/www.europesays.com\/no\/wp-json\/wp\/v2\/categories?post=115255"},{"taxonomy":"post_tag","embeddable":true,"href":"https:\/\/www.europesays.com\/no\/wp-json\/wp\/v2\/tags?post=115255"}],"curies":[{"name":"wp","href":"https:\/\/api.w.org\/{rel}","templated":true}]}}