{"id":115269,"date":"2025-12-17T08:14:12","date_gmt":"2025-12-17T08:14:12","guid":{"rendered":"https:\/\/www.europesays.com\/no\/115269\/"},"modified":"2025-12-17T08:14:12","modified_gmt":"2025-12-17T08:14:12","slug":"bor-holde-hoy-profil","status":"publish","type":"post","link":"https:\/\/www.europesays.com\/no\/115269\/","title":{"rendered":"&#8211; B\u00f8r holde h\u00f8y profil"},"content":{"rendered":"<p class=\"kicker \" style=\"\">Ekspert om kongehuset:\u00a0<\/p>\n<p>  Rettssaken mot Marius Borg H\u00f8iby p\u00e5 ny\u00e5ret vil bli en betydelig belastning for kongehuset, mener historiker og forfatter Trond Nor\u00e9n Isaksen.<\/p>\n<p>\n    F\u00c5R R\u00c5D: Kong Harald, dronning Sonja, kronprins Haakon, kronprinsesse Mette-Marit, prinsesse Ingrid Alexandra og prins Sverre Magnus under markeringen av 200-\u00e5rsjubileet for utvandringen til Amerika i Stavanger. Foto: Carina Johansen \/ NTB\n  <\/p>\n<p>I en\u00a0<a href=\"https:\/\/www.aftenposten.no\/meninger\/kronikk\/i\/BxJPwv\/kronikk-av-trond-noren-isaksen-det-lysner-for-kongehuset\" target=\"_blank\" rel=\"nofollow noopener\">kronikk i Aftenposten onsdag<\/a>\u00a0skriver Isaksen, som har skrevet sju b\u00f8ker om monarkiets historie, at 2026 i stor grad vil bli preget av straffesaken, eventuelt ogs\u00e5 en ankesak, og at dette vil f\u00e5 negative konsekvenser ikke bare for H\u00f8iby selv, men ogs\u00e5 for kongehuset, og s\u00e6rlig for kronprinsparet.<\/p>\n<p>&#8211; Med unntak av de mest virkelighetsfjerne kongefjeskerne forst\u00e5r alle at dette vil v\u00e6re sv\u00e6rt negativt, skriver Isaksen.<\/p>\n<p>        STERK: En leopard l\u00f8p inn p\u00e5 en politistasjon i India, men m\u00f8tte p\u00e5 en heltemodig hund. Video: Kameraone<\/p>\n<p>B\u00f8r holde h\u00f8y profil\t<\/p>\n<p>Han peker p\u00e5 at kongehuset den siste tiden har klart \u00e5 snu en langvarig nedgang i oppslutningen om monarkiet gjennom \u00f8kt synlighet, flere representasjonsoppdrag og bedre formidling av arbeidet som gj\u00f8res.<\/p>\n<p>If\u00f8lge Isaksen er handlingsrommet begrenset mens saken p\u00e5g\u00e5r. Kronprinsparet kan vanskelig kommentere rettsprosessen uten \u00e5 risikere \u00e5 bli beskyldt for \u00e5 fors\u00f8ke \u00e5 p\u00e5virke saken.<\/p>\n<p>&#8211; Det eneste kongehuset kan gj\u00f8re for \u00e5 veie opp for den negative publisiteten, er \u00e5 holde en h\u00f8y profil og v\u00e6re mest mulig ute blant folk, skriver han.<\/p>\n<p>        <img loading=\"lazy\" decoding=\"async\" src=\"https:\/\/www.europesays.com\/no\/wp-content\/uploads\/2025\/12\/83995147.webp\" width=\"980\" height=\"559\" title=\"M\u00c5 M\u00d8TE: Marius Borg H\u00f8iby m\u00e5 m\u00f8te i Oslo tingrett 3. februar neste \u00e5r. Foto: Lise \u00c5serud \/ NTB\" alt=\"\" class=\"\" style=\"--aspect-ratio-image: 1.75; \"\/><\/p>\n<p>\n        M\u00c5 M\u00d8TE: Marius Borg H\u00f8iby m\u00e5 m\u00f8te i Oslo tingrett 3. februar neste \u00e5r. Foto: Lise \u00c5serud \/ NTB\n    <\/p>\n<p>&#8211; Kan ikke v\u00e6re taler\u00f8r\t<\/p>\n<p>&#8211; Slottet m\u00e5 ikke opptre som taler\u00f8r for H\u00f8iby, slik de gjorde da de gikk ut med harde karakteristikker av boken \u00abHvite striper, svarte f\u00e5r\u00bb, skriver Isaken videre.<\/p>\n<p>N\u00e5r saken er rettskraftig avgjort, b\u00f8r kronprinsparet if\u00f8lge Isaksen \u00abrense luften ved \u00e5 svare p\u00e5 en del sp\u00f8rsm\u00e5l folk sitter med.\u00bb<\/p>\n<p>&#8211; Det kan v\u00e6re risikabelt, men om de ikke gj\u00f8r det, vil sp\u00f8rsm\u00e5lene bli hengende i \u00e5revis, ogs\u00e5 n\u00e5r de en dag skal etablere seg som kongepar, skriver han.<\/p>\n<p>    <a itemprop=\"url\" href=\"https:\/\/www.dagbladet.no\/meninger\/sylvi-holder-stand\/83992087\" rel=\"nofollow noopener\" target=\"_blank\"><\/p>\n<p>        <img loading=\"lazy\" decoding=\"async\" src=\"https:\/\/www.europesays.com\/no\/wp-content\/uploads\/2025\/12\/83826031.webp\" width=\"980\" height=\"441\" title=\"Sylvi holder stand\" alt=\"\" class=\"lazyload\" style=\"--aspect-ratio-image: 2.22; \"\/><\/p>\n<p>        Sylvi holder stand<\/p>\n<p>    <\/a><\/p>\n<p>Stort presseoppbud\t<\/p>\n<p>Rettssaken starter i Oslo tingrett 3. februar og skal g\u00e5 over seks uker. Til sammen 190 journalister er akkreditert.<\/p>\n<p>Blant de utenlandske mediene som har f\u00e5tt plass i rettssalen, er det britiske nyhetsbyr\u00e5et Reuters, det franske nyhetsbyr\u00e5et AFP og den tyske nettavisen Bild.<\/p>\n<p>    <a itemprop=\"url\" href=\"https:\/\/www.dagbladet.no\/sport\/angrepet-et-sjokk\/83989852\" rel=\"nofollow noopener\" target=\"_blank\"><\/p>\n<p>        <img loading=\"lazy\" decoding=\"async\" src=\"https:\/\/www.europesays.com\/no\/wp-content\/uploads\/2025\/12\/83989905.webp\" width=\"980\" height=\"441\" title=\"Angrepet: - Et sjokk\" alt=\"\" class=\"lazyload\" style=\"--aspect-ratio-image: 2.22; \"\/><\/p>\n<p>        Angrepet: &#8211; Et sjokk<\/p>\n<p>    <\/a><\/p>\n<p>Ogs\u00e5 medier fra Spania, Nederland og Polen skal dekke saken fra rettssalen.<\/p>\n<p>Av norske medier er det 27 mediehus som har f\u00e5tt akkreditering, deriblant VG, NRK, TV 2, Dagbladet og NTB, i tillegg til flere mindre lokal- og regionaviser. Marius Borg H\u00f8iby er tiltalt for 32 forhold, blant annet fire voldtekter fire voldtekter, mishandling i n\u00e6re relasjoner, vold og trusler. Han nekter straffskyld for de mest alvorlige anklagene.<\/p>\n","protected":false},"excerpt":{"rendered":"Ekspert om kongehuset:\u00a0 Rettssaken mot Marius Borg H\u00f8iby p\u00e5 ny\u00e5ret vil bli en betydelig belastning for kongehuset, mener&hellip;\n","protected":false},"author":2,"featured_media":115270,"comment_status":"","ping_status":"","sticky":false,"template":"","format":"standard","meta":{"footnotes":""},"categories":[10],"tags":[20,21,24,25,15,2539,22,23,13,30,28,29,14,16,26,27],"class_list":{"0":"post-115269","1":"post","2":"type-post","3":"status-publish","4":"format-standard","5":"has-post-thumbnail","7":"category-norge","8":"tag-breaking-news","9":"tag-breakingnews","10":"tag-featured-news","11":"tag-featurednews","12":"tag-headlines","13":"tag-innenriks","14":"tag-latest-news","15":"tag-latestnews","16":"tag-news","17":"tag-no","18":"tag-norge","19":"tag-norway","20":"tag-nyheter","21":"tag-overskrifter","22":"tag-top-stories","23":"tag-topstories"},"share_on_mastodon":{"url":"https:\/\/pubeurope.com\/@no\/115733913357955458","error":""},"_links":{"self":[{"href":"https:\/\/www.europesays.com\/no\/wp-json\/wp\/v2\/posts\/115269","targetHints":{"allow":["GET"]}}],"collection":[{"href":"https:\/\/www.europesays.com\/no\/wp-json\/wp\/v2\/posts"}],"about":[{"href":"https:\/\/www.europesays.com\/no\/wp-json\/wp\/v2\/types\/post"}],"author":[{"embeddable":true,"href":"https:\/\/www.europesays.com\/no\/wp-json\/wp\/v2\/users\/2"}],"replies":[{"embeddable":true,"href":"https:\/\/www.europesays.com\/no\/wp-json\/wp\/v2\/comments?post=115269"}],"version-history":[{"count":0,"href":"https:\/\/www.europesays.com\/no\/wp-json\/wp\/v2\/posts\/115269\/revisions"}],"wp:featuredmedia":[{"embeddable":true,"href":"https:\/\/www.europesays.com\/no\/wp-json\/wp\/v2\/media\/115270"}],"wp:attachment":[{"href":"https:\/\/www.europesays.com\/no\/wp-json\/wp\/v2\/media?parent=115269"}],"wp:term":[{"taxonomy":"category","embeddable":true,"href":"https:\/\/www.europesays.com\/no\/wp-json\/wp\/v2\/categories?post=115269"},{"taxonomy":"post_tag","embeddable":true,"href":"https:\/\/www.europesays.com\/no\/wp-json\/wp\/v2\/tags?post=115269"}],"curies":[{"name":"wp","href":"https:\/\/api.w.org\/{rel}","templated":true}]}}