{"id":115280,"date":"2025-12-17T08:24:11","date_gmt":"2025-12-17T08:24:11","guid":{"rendered":"https:\/\/www.europesays.com\/no\/115280\/"},"modified":"2025-12-17T08:24:11","modified_gmt":"2025-12-17T08:24:11","slug":"det-forste-bildet-av-tobias-santelmann-som-harry-hole","status":"publish","type":"post","link":"https:\/\/www.europesays.com\/no\/115280\/","title":{"rendered":"Det f\u00f8rste bildet av Tobias Santelmann som Harry Hole:"},"content":{"rendered":"\n<p class=\"_lead_o9xde_2 _lead_xtcu6_50 layout-component text-serif-m layout-normal text-serif-l layout-component layout-wide layout-padded _wide_17hqh_1 layout-padded\">Her er det f\u00f8rste bildet av Tobias Santelmann (45) som Harry Hole. N\u00e5 r\u00f8per Jo Nesb\u00f8 at de egentlig hadde tenkt \u00e5 velge en annen til rollen. <\/p>\n<p><img alt=\"Tobias Santelmann som Harry Hole, Jo Nesb\u00f8s ber\u00f8mte krimhelt. Foto: Ronald Plante\/ Netflix\" class=\"_image_qp4xg_65 layout-component layout-wide\" data-fullscreen- data-track-element-type=\"Article image fullscreen\" data-track-name=\"ImageFullscreen\" fetchpriority=\"high\" decoding=\"sync\" loading=\"eager\" height=\"1603\" itemprop=\"image\"  src=\"https:\/\/www.europesays.com\/no\/wp-content\/uploads\/2025\/12\/22e01b7b-d1f7-47e1-95d8-ded8782bc626\"  style=\"object-position:0% 0%\" width=\"1603\"\/>Tobias Santelmann som Harry Hole, Jo Nesb\u00f8s ber\u00f8mte krimhelt. Foto: Ronald Plante\/ Netflix<\/p>\n<ul aria-hidden=\"true\" class=\"_images_ntbth_112\">\n<li><a class=\"_link_ntbth_117\" href=\"https:\/\/www.vg.no\/forfatter\/camilla-norli\" style=\"z-index:2\" title=\"Camilla Norli\" rel=\"nofollow noopener\" target=\"_blank\"><img alt=\"Bilde av Camilla Norli\" class=\"_image_ntbth_93\" fetchpriority=\"low\" loading=\"lazy\" decoding=\"async\" itemprop=\"image\"  src=\"https:\/\/www.europesays.com\/no\/wp-content\/uploads\/2025\/12\/1765959849_6_722f4960-2325-48e8-ba97-62396728c076\"  width=\"480\"\/><\/a><\/li>\n<li><a class=\"_link_ntbth_117\" href=\"https:\/\/www.vg.no\/forfatter\/mattis-sandblad-foto\" style=\"z-index:1\" title=\"Mattis Sandblad (foto)\" rel=\"nofollow noopener\" target=\"_blank\"><img alt=\"Bilde av Mattis Sandblad (foto)\" class=\"_image_ntbth_93\" fetchpriority=\"low\" loading=\"lazy\" decoding=\"async\" itemprop=\"image\"  src=\"https:\/\/www.europesays.com\/no\/wp-content\/uploads\/2025\/12\/1765959850_426_7455a515-0db1-4245-b708-b7bde86f8dc1\"  width=\"480\"\/><\/a><\/li>\n<\/ul>\n<p> Oppdatert onsdag 17. desember kl. 09:19     <\/p>\n<p class=\"_paragraph_o9xde_4 _paragraph_xtcu6_10 layout-component text-serif-m layout-normal text-serif-m layout-padded\">Nesb\u00f8 og Netflix har holdt kortene tett til brystet n\u00e5r det gjelder TV-serien, men i dag slipper de  nye detaljer: <\/p>\n<ul class=\"_list_o9xde_3 _list_xtcu6_9 _unordered_o9xde_106 layout-component text-serif-m layout-normal text-serif-m layout-padded\">\n<li class=\"_item_o9xde_30\">Serien \u00abJo Nesb\u00f8s Harry Hole\u00bb f\u00e5r premiere 26. mars 2026.<\/li>\n<li class=\"_item_o9xde_30\">Et moderne og m\u00f8rkt Oslo blir scenen for den 9 episoder lange serien som er basert p\u00e5 Nesb\u00f8s bok \u00abMarekors\u00bb<\/li>\n<\/ul>\n<p class=\"_paragraph_o9xde_4 _paragraph_xtcu6_10 layout-component text-serif-m layout-normal text-serif-m layout-padded\">Det er en lang rekke <a href=\"https:\/\/www.vg.no\/rampelys\/i\/5EyM0W\/flere-nye-stjerner-til-harry-hole-serien\" data-track-element-type=\"Link\" data-track-id=\"link:5EyM0W\" class=\"_link_o9xde_39\" rel=\"nofollow noopener\" target=\"_blank\">stjerneskuespillere p\u00e5 rollelisten<\/a>, og Jo Nesb\u00f8, som er showrunnershowrunnerEn showrunner har det \u00f8verste kreative ansvaret for produksjonen av TV-serier og har som oftest ogs\u00e5 skrevet hovedmanuset. for serien, er glad for endelig \u00e5 kunne dele det f\u00f8rste bildet og premieredatoen. <\/p>\n<p class=\"_paragraph_o9xde_4 _paragraph_xtcu6_10 layout-component text-serif-m layout-normal text-serif-m layout-padded\">\u2013 Det blir en m\u00f8rk og intens reise, forteller Jo Nesb\u00f8. <\/p>\n<p> Nesb\u00f8: &#8211; Blir han for pen og snill? <\/p>\n<p class=\"_paragraph_o9xde_4 _paragraph_xtcu6_10 layout-component text-serif-m layout-normal text-serif-m layout-padded\">Men han forteller til VG at n\u00e5r det gjelder hovedrollen, s\u00e5 var det litt frem og tilbake f\u00f8r valget falt p\u00e5 Tobias Santelmann. Egentlig helte det mot en annen skuespiller til Harry Hole-rollen.<\/p>\n<p><img alt=\"Foto: Mattis Sandblad \/ VG\" class=\"_image_qp4xg_65 layout-component layout-normal\" data-fullscreen- data-track-element-type=\"Article image fullscreen\" data-track-name=\"ImageFullscreen\" decoding=\"async\" loading=\"lazy\" height=\"2275\" itemprop=\"image\"  src=\"https:\/\/www.europesays.com\/no\/wp-content\/uploads\/2025\/12\/c4af8103-cbac-46a6-b643-f863112e9722\"  style=\"object-position:0% 0%\" width=\"2742\"\/>Foto: Mattis Sandblad \/ VG<\/p>\n<p class=\"_paragraph_o9xde_4 _paragraph_xtcu6_10 layout-component text-serif-m layout-normal text-serif-m layout-padded\"><strong class=\"_strong_o9xde_25\">\u2013 Tobias Santelmann var egentlig for \u00abgood looking\u00bb for rollen, og vi lurte ogs\u00e5 p\u00e5 om han var t\u00f8ff nok. Vi tenkte: Blir han for pen, sympatisk og snill, forteller Nesb\u00f8.<\/strong><\/p>\n<p class=\"_paragraph_o9xde_4 _paragraph_xtcu6_10 layout-component text-serif-m layout-normal text-serif-m layout-padded\">Han forklarer at Santelmann var en av de f\u00f8rste som ble kalt inn i castingprosessen.<\/p>\n<p class=\"_paragraph_o9xde_4 _paragraph_xtcu6_10 layout-component text-serif-m layout-normal text-serif-m layout-padded\">\u2013 Vi var nok litt strenge med ham \u2013 for han var nesten for opplagt. S\u00e5 vi hadde flere skuespillere inne, som var kjempebra, og vi hadde egentlig tenkt \u00e5 velge en annen. Men helt p\u00e5 slutten ville vi teste Tobias en gang til.<\/p>\n<p class=\"_paragraph_o9xde_4 _paragraph_xtcu6_10 layout-component text-serif-m layout-normal text-serif-m layout-padded\"><strong class=\"_strong_o9xde_25\">\u2013 Og da gjorde han en s\u00e5 fantastisk pr\u00f8vefilming at vi alle bare kikka p\u00e5 hverandre: OK, la oss ikke tulle. Det er Tobias, det m\u00e5 bli Tobias, sier Nesb\u00f8.<\/strong><\/p>\n<p class=\"_paragraph_o9xde_4 _paragraph_xtcu6_10 layout-component text-serif-m layout-normal text-serif-m layout-padded\">Forfatteren, som har solgt over 60 millioner b\u00f8ker verden over, sier at serien markerer et nytt kapittel for karakteren som mange har et forhold til. <\/p>\n<p class=\"_paragraph_o9xde_4 _paragraph_xtcu6_10 layout-component text-serif-m layout-normal text-serif-m layout-padded\">\u2013 Det har v\u00e6rt utrolig spennende \u00e5 se Tobias tolke rollen som Harry, og jeg gleder meg\u00a0 til \u00e5 dele hana tolkning med publikum.<\/p>\n<p><img alt=\"Her tre av hovedroillene: Tobias Santelmann som Harry Hole, Joel Kinnaman som Tom Waaler og Pia Tjelta som Rakel Fauke. Her fra lanseringen i fjor h\u00f8st sammen med Jo Nesb\u00f8 og regiss\u00f8r regiss\u00f8r \u00d8ystein Karlsen (t.h).  Foto: Helge Mikalsen \/ VG\" class=\"_image_qp4xg_65 layout-component layout-normal\" data-fullscreen- data-track-element-type=\"Article image fullscreen\" data-track-name=\"ImageFullscreen\" decoding=\"async\" loading=\"lazy\" height=\"5206\" itemprop=\"image\"  src=\"https:\/\/www.europesays.com\/no\/wp-content\/uploads\/2025\/12\/d98fd97c-f54b-4855-9e71-48a0d181776b\"  style=\"object-position:0% 0%\" width=\"7353\"\/>Her tre av hovedroillene: Tobias Santelmann som Harry Hole, Joel Kinnaman som Tom Waaler og Pia Tjelta som Rakel Fauke. Her fra lanseringen i fjor h\u00f8st sammen med Jo Nesb\u00f8 og regiss\u00f8r regiss\u00f8r \u00d8ystein Karlsen (t.h).  Foto: Helge Mikalsen \/ VG<\/p>\n<p class=\"_paragraph_o9xde_4 _paragraph_xtcu6_10 layout-component text-serif-m layout-normal text-serif-m layout-padded\">\u2013 Hvordan p\u00e5virker det din Harry Hole at Tobias Santelmann har gitt ham et nytt ansikt? <\/p>\n<p class=\"_paragraph_o9xde_4 _paragraph_xtcu6_10 layout-component text-serif-m layout-normal text-serif-m layout-padded\">\u2013 Det er p\u00e5 en m\u00e5te to Harry Holer n\u00e5: Harry Santelmann og Harry Nesb\u00f8 \u2013 min Harry. Eller tre, det er en Harry Karlsen ogs\u00e5, i og med at \u00d8ystein Karlsen er hovedregiss\u00f8r, smiler Nesb\u00f8.<\/p>\n<p class=\"_paragraph_o9xde_4 _paragraph_xtcu6_10 layout-component text-serif-m layout-normal text-serif-m layout-padded\"><strong class=\"_strong_o9xde_25\"> Han synes det er vanskelig \u00e5 si noe om hvor bra TV-serien er blitt:<\/strong><\/p>\n<p class=\"_paragraph_o9xde_4 _paragraph_xtcu6_10 layout-component text-serif-m layout-normal text-serif-m layout-padded\">\u2013 Jeg er s\u00e5 midt oppe i det, s\u00e5 jeg tror jeg er den som er d\u00e5rligst i stand til \u00e5 bed\u00f8mme det. Men det har v\u00e6rt fantastisk \u00e5 v\u00e6re med p\u00e5 \u00e5 l\u00f8fte det gjennom klipp og lyd. Men fra hvilket niv\u00e5 vi var p\u00e5 og til hvilket niv\u00e5 vi har l\u00f8ftet det til, det aner jeg ikke. <\/p>\n<p class=\"_paragraph_o9xde_4 _paragraph_xtcu6_10 layout-component text-serif-m layout-normal text-serif-m layout-padded\">\u2013 N\u00e5 sitter vi i lydmiks, og er virkelig helt, helt p\u00e5 slutten. Og vi lengter alle etter m\u00e5lsn\u00f8ret, samtidig som du ikke skal se bort fra at vi vil kjenne abstinenser og tomhet n\u00e5r vi kommer dit, sier Nesb\u00f8. <\/p>\n<p class=\"_paragraph_o9xde_4 _paragraph_xtcu6_10 layout-component text-serif-m layout-normal text-serif-m layout-padded\">I forrige uke avsl\u00f8rte <a href=\"https:\/\/www.vg.no\/tag\/jo-nesboe?utm_source=vg-article&amp;utm_medium=auto-tagger&amp;utm_campaign=Gx1KRq\" class=\"_link_o9xde_39\" rel=\"nofollow noopener\" target=\"_blank\">Jo Nesb\u00f8<\/a> at han skriver p\u00e5 en <a href=\"https:\/\/www.vg.no\/rampelys\/i\/wrE9EL\/jo-nesboe-avsloerer-ny-harry-hole-bok-i-2026\" data-track-element-type=\"Link\" data-track-id=\"link:wrE9EL\" class=\"_link_o9xde_39\" rel=\"nofollow noopener\" target=\"_blank\">ny krimbok om Harry Hole<\/a>, den 14. boken i serien. Den skal etter planen komme ut i 2026. <\/p>\n","protected":false},"excerpt":{"rendered":"Her er det f\u00f8rste bildet av Tobias Santelmann (45) som Harry Hole. N\u00e5 r\u00f8per Jo Nesb\u00f8 at de&hellip;\n","protected":false},"author":2,"featured_media":115281,"comment_status":"","ping_status":"","sticky":false,"template":"","format":"standard","meta":{"footnotes":""},"categories":[58],"tags":[150,71,9238,3315,30,28,29,13311,376,72],"class_list":{"0":"post-115280","1":"post","2":"type-post","3":"status-publish","4":"format-standard","5":"has-post-thumbnail","7":"category-underholdning","8":"tag-bok","9":"tag-entertainment","10":"tag-harry-hole","11":"tag-jo-nesbo","12":"tag-no","13":"tag-norge","14":"tag-norway","15":"tag-tobias-santelmann","16":"tag-tv-serier","17":"tag-underholdning"},"share_on_mastodon":{"url":"https:\/\/pubeurope.com\/@no\/115733952543935796","error":""},"_links":{"self":[{"href":"https:\/\/www.europesays.com\/no\/wp-json\/wp\/v2\/posts\/115280","targetHints":{"allow":["GET"]}}],"collection":[{"href":"https:\/\/www.europesays.com\/no\/wp-json\/wp\/v2\/posts"}],"about":[{"href":"https:\/\/www.europesays.com\/no\/wp-json\/wp\/v2\/types\/post"}],"author":[{"embeddable":true,"href":"https:\/\/www.europesays.com\/no\/wp-json\/wp\/v2\/users\/2"}],"replies":[{"embeddable":true,"href":"https:\/\/www.europesays.com\/no\/wp-json\/wp\/v2\/comments?post=115280"}],"version-history":[{"count":0,"href":"https:\/\/www.europesays.com\/no\/wp-json\/wp\/v2\/posts\/115280\/revisions"}],"wp:featuredmedia":[{"embeddable":true,"href":"https:\/\/www.europesays.com\/no\/wp-json\/wp\/v2\/media\/115281"}],"wp:attachment":[{"href":"https:\/\/www.europesays.com\/no\/wp-json\/wp\/v2\/media?parent=115280"}],"wp:term":[{"taxonomy":"category","embeddable":true,"href":"https:\/\/www.europesays.com\/no\/wp-json\/wp\/v2\/categories?post=115280"},{"taxonomy":"post_tag","embeddable":true,"href":"https:\/\/www.europesays.com\/no\/wp-json\/wp\/v2\/tags?post=115280"}],"curies":[{"name":"wp","href":"https:\/\/api.w.org\/{rel}","templated":true}]}}