{"id":115308,"date":"2025-12-17T08:51:12","date_gmt":"2025-12-17T08:51:12","guid":{"rendered":"https:\/\/www.europesays.com\/no\/115308\/"},"modified":"2025-12-17T08:51:12","modified_gmt":"2025-12-17T08:51:12","slug":"varsler-tale","status":"publish","type":"post","link":"https:\/\/www.europesays.com\/no\/115308\/","title":{"rendered":"Varsler tale"},"content":{"rendered":"<p>  President Donald Trump sier at han skal holde en tale til nasjonen. Talen holdes natt til torsdag, norsk tid.<\/p>\n<p>\n    President Donald Trump varsler at han skal tale til det amerikanske folk natt til torsdag. Foto: Alex Brandon \/ AP \/ NTB\n  <\/p>\n<p>\u2013 Mine kj\u00e6re amerikanere: Jeg skal holde en tale til nasjonen i morgen kveld, direkte fra Det hvite hus, klokken 21.00 EST. Jeg ser fram til \u00e5 \u00abse\u00bb dere da, skriver Trump p\u00e5 Truth Social tirsdag.<\/p>\n<p>Klokken 21 EST (Eastern Standard Time) er klokken 3 natt til torsdag, norsk tid.<\/p>\n<p>    <a itemprop=\"url\" href=\"https:\/\/sol.no\/nyheter\/vakte-oppsikt\/83993508\" rel=\"nofollow noopener\" target=\"_blank\"><\/p>\n<p>        <img loading=\"lazy\" decoding=\"async\" src=\"https:\/\/www.europesays.com\/no\/wp-content\/uploads\/2025\/12\/83993515.webp\" width=\"980\" height=\"441\" title=\"Vakte oppsikt\" alt=\"\" class=\"lazyload\" style=\"--aspect-ratio-image: 2.22; \"\/><\/p>\n<p>        Vakte oppsikt<\/p>\n<p>sol.no<\/p>\n<p>    <\/a><\/p>\n<p>\u2013 Det har v\u00e6rt et flott \u00e5r for landet v\u00e5rt, og det beste gjenst\u00e5r! skriver Trump videre.<\/p>\n<p>Pressetalsperson Karoline Leavitt i Det hvite hus sier at Trump skal snakke om hva han har oppn\u00e5dd, hva som kommer, og at han kanskje ogs\u00e5 vil si noe om de politiske grepene han vil ta over nytt\u00e5r.<\/p>\n","protected":false},"excerpt":{"rendered":"President Donald Trump sier at han skal holde en tale til nasjonen. Talen holdes natt til torsdag, norsk&hellip;\n","protected":false},"author":2,"featured_media":115309,"comment_status":"","ping_status":"","sticky":false,"template":"","format":"standard","meta":{"footnotes":""},"categories":[12],"tags":[20,21,24,25,15,22,23,13,30,28,29,14,16,26,27,42,43,44,45],"class_list":{"0":"post-115308","1":"post","2":"type-post","3":"status-publish","4":"format-standard","5":"has-post-thumbnail","7":"category-verden","8":"tag-breaking-news","9":"tag-breakingnews","10":"tag-featured-news","11":"tag-featurednews","12":"tag-headlines","13":"tag-latest-news","14":"tag-latestnews","15":"tag-news","16":"tag-no","17":"tag-norge","18":"tag-norway","19":"tag-nyheter","20":"tag-overskrifter","21":"tag-top-stories","22":"tag-topstories","23":"tag-verden","24":"tag-world","25":"tag-world-news","26":"tag-worldnews"},"share_on_mastodon":{"url":"https:\/\/pubeurope.com\/@no\/115734058667731986","error":""},"_links":{"self":[{"href":"https:\/\/www.europesays.com\/no\/wp-json\/wp\/v2\/posts\/115308","targetHints":{"allow":["GET"]}}],"collection":[{"href":"https:\/\/www.europesays.com\/no\/wp-json\/wp\/v2\/posts"}],"about":[{"href":"https:\/\/www.europesays.com\/no\/wp-json\/wp\/v2\/types\/post"}],"author":[{"embeddable":true,"href":"https:\/\/www.europesays.com\/no\/wp-json\/wp\/v2\/users\/2"}],"replies":[{"embeddable":true,"href":"https:\/\/www.europesays.com\/no\/wp-json\/wp\/v2\/comments?post=115308"}],"version-history":[{"count":0,"href":"https:\/\/www.europesays.com\/no\/wp-json\/wp\/v2\/posts\/115308\/revisions"}],"wp:featuredmedia":[{"embeddable":true,"href":"https:\/\/www.europesays.com\/no\/wp-json\/wp\/v2\/media\/115309"}],"wp:attachment":[{"href":"https:\/\/www.europesays.com\/no\/wp-json\/wp\/v2\/media?parent=115308"}],"wp:term":[{"taxonomy":"category","embeddable":true,"href":"https:\/\/www.europesays.com\/no\/wp-json\/wp\/v2\/categories?post=115308"},{"taxonomy":"post_tag","embeddable":true,"href":"https:\/\/www.europesays.com\/no\/wp-json\/wp\/v2\/tags?post=115308"}],"curies":[{"name":"wp","href":"https:\/\/api.w.org\/{rel}","templated":true}]}}