{"id":115310,"date":"2025-12-17T08:52:09","date_gmt":"2025-12-17T08:52:09","guid":{"rendered":"https:\/\/www.europesays.com\/no\/115310\/"},"modified":"2025-12-17T08:52:09","modified_gmt":"2025-12-17T08:52:09","slug":"siktede-etter-storo-skytingen-sier-det-var-en-impulshandling","status":"publish","type":"post","link":"https:\/\/www.europesays.com\/no\/115310\/","title":{"rendered":"Siktede etter Storo-skytingen sier det var en \u00abimpulshandling"},"content":{"rendered":"\n<p class=\"_lead_o9xde_2 _lead_xtcu6_50 layout-component text-serif-m layout-normal text-serif-l layout-component layout-wide layout-padded _wide_17hqh_1 layout-padded\">Det framkommer av kjennelsen i Oslo tingrett.<\/p>\n<p><img alt=\"I tillegg til skytev\u00e5pen hadde 19-\u00e5ringen ogs\u00e5 med seg balltre, patroner og samekniv. Foto: G\u00f8ran Bohlin \/ VG\" class=\"_image_qp4xg_65 layout-component layout-wide\" data-fullscreen- data-track-element-type=\"Article image fullscreen\" data-track-name=\"ImageFullscreen\" fetchpriority=\"high\" decoding=\"sync\" loading=\"eager\" height=\"5504\" itemprop=\"image\"  src=\"https:\/\/www.europesays.com\/no\/wp-content\/uploads\/2025\/12\/d0ec3036-b833-4aa2-b0d8-8180e0257bda\"  style=\"object-position:0% 0%\" width=\"8256\"\/>I tillegg til skytev\u00e5pen hadde 19-\u00e5ringen ogs\u00e5 med seg balltre, patroner og samekniv. Foto: G\u00f8ran Bohlin \/ VG<\/p>\n<ul aria-hidden=\"true\" class=\"_images_ntbth_112\">\n<li><a class=\"_link_ntbth_117\" href=\"https:\/\/www.vg.no\/forfatter\/fredrik-ouren-jostad\" style=\"z-index:1\" title=\"Fredrik Ouren Jostad\" rel=\"nofollow noopener\" target=\"_blank\"><img alt=\"Bilde av Fredrik Ouren Jostad\" class=\"_image_ntbth_93\" fetchpriority=\"low\" loading=\"lazy\" decoding=\"async\" itemprop=\"image\"  src=\"https:\/\/www.europesays.com\/no\/wp-content\/uploads\/2025\/12\/1765961528_826_44a138e9-ee61-47be-8b25-b699b8f538d1\"  width=\"480\"\/><\/a><\/li>\n<\/ul>\n<p> Oppdatert onsdag 17. desember kl. 09:30    <\/p>\n<ul class=\"_list_o9xde_3 _list_64s2r_85 _unordered_o9xde_106 text-sans-m\">\n<li class=\"_item_o9xde_30\">19-\u00e5ring varetektsfengslet etter skudd p\u00e5 Storo Storsenter.<\/li>\n<li class=\"_item_o9xde_30\">Mannen m\u00f8tte opp med hagle og patroner, skj\u00f8t i taket og ringte selv politiet.<\/li>\n<li class=\"_item_o9xde_30\">Han er siktet for grove trusler og f\u00e5r fire uker i varetekt.<\/li>\n<li class=\"_item_o9xde_30\">Forsvarer sier mannen sliter og \u00f8nsker n\u00e6rmere utredning.<\/li>\n<\/ul>\n<p>Vis mer <\/p>\n<p class=\"_paragraph_o9xde_4 _paragraph_xtcu6_10 layout-component text-serif-m layout-normal text-serif-m layout-padded\">Den 19 \u00e5r gamle mannen er varetektsfengslet i fire uker etter at han avfyrte skudd inne p\u00e5 Storo Storsenter forrige mandag.<\/p>\n<p class=\"_paragraph_o9xde_4 _paragraph_xtcu6_10 layout-component text-serif-m layout-normal text-serif-m layout-padded\">Mannen m\u00f8tte opp p\u00e5 senteret med en hagle, 18 patroner, samekniv og balltre. Han ringte selv politiet f\u00f8r han skj\u00f8t et skudd i taket, kort tid senere ble han p\u00e5grepet.<\/p>\n<p class=\"_paragraph_o9xde_4 _paragraph_xtcu6_10 layout-component text-serif-m layout-normal text-serif-m layout-padded\">19-\u00e5ringen er siktet for grove trusler med skytev\u00e5pen. Oslo tingrett har besluttet at han skal varetektsfengsles i fire uker, med brev- og bes\u00f8ksforbud.<\/p>\n<p class=\"_paragraph_o9xde_4 _paragraph_xtcu6_10 layout-component text-serif-m layout-normal text-serif-m layout-padded\">I avh\u00f8r har den siktede mannen selv forklart at hendelsen var en \u00abimpulshandling\u00bb, framkommer det av kjennelsen.<\/p>\n<p><img alt=\"Slik s\u00e5 det ut i taket inne p\u00e5 senteret.  Foto: G\u00f8ran Bohlin \/ VG\" class=\"_image_qp4xg_65 layout-component layout-normal\" data-fullscreen- data-track-element-type=\"Article image fullscreen\" data-track-name=\"ImageFullscreen\" decoding=\"async\" loading=\"lazy\" height=\"5504\" itemprop=\"image\"  src=\"https:\/\/www.europesays.com\/no\/wp-content\/uploads\/2025\/12\/77caed05-ffd3-4b8b-bc44-3e4ba20518a1\"  style=\"object-position:0% 0%\" width=\"8256\"\/>Slik s\u00e5 det ut i taket inne p\u00e5 senteret.  Foto: G\u00f8ran Bohlin \/ VG<\/p>\n<p class=\"_paragraph_o9xde_4 _paragraph_xtcu6_10 layout-component text-serif-m layout-normal text-serif-m layout-padded\">Retten har imidlertid lagt vekt p\u00e5 opplysninger som tyder p\u00e5 at forklaringen ikke er riktig. If\u00f8lge kjennelsen har den siktede slettet bilder fra telefonen sin som kan tyde p\u00e5 det motsatte.<\/p>\n<p class=\"_paragraph_o9xde_4 _paragraph_xtcu6_10 layout-component text-serif-m layout-normal text-serif-m layout-padded\">Under rettsm\u00f8tet tirsdag, da han ble begj\u00e6rt fengslet, anerkjente 19-\u00e5ringen de faktiske forhold. If\u00f8lge hans forsvarer Dennis Nysted har han ikke tatt stilling til skyldssp\u00f8rsm\u00e5let.<\/p>\n<p class=\"_paragraph_o9xde_4 _paragraph_xtcu6_10 layout-component text-serif-m layout-normal text-serif-m layout-padded\">\u2013 Han har det tungt. Han synes dette er vanskelig, sier forsvarer Dennis Nysted til Dagbladet.<\/p>\n<p class=\"_paragraph_o9xde_4 _paragraph_xtcu6_10 layout-component text-serif-m layout-normal text-serif-m layout-padded\">Han forteller at siktede har v\u00e6rt innlagt p\u00e5 sykehus og har f\u00e5tt psykisk helseoppf\u00f8lging.<\/p>\n<p class=\"_paragraph_o9xde_4 _paragraph_xtcu6_10 layout-component text-serif-m layout-normal text-serif-m layout-padded\">&#8211; Vi ber p\u00e5talemyndigheten om at dette utredes n\u00e6rmere, sier han til <a href=\"https:\/\/www.tv2.no\/nyheter\/innenriks\/storo-siktede-erkjenner-de-faktiske-forhold\/18390160\/\" class=\"_link_o9xde_39\" rel=\"nofollow noopener\" target=\"_blank\">TV 2<\/a>.<\/p>\n<p class=\"_paragraph_o9xde_4 _paragraph_xtcu6_10 layout-component text-serif-m layout-normal text-serif-m layout-padded\">I kjennelsen skriver retten at den siktede ikke fremst\u00e5r psykotisk eller har en alvorlig sinnslidelse, men at han b\u00f8r unders\u00f8kes n\u00e6rmere. Han har v\u00e6rt innlagt p\u00e5 sykehus og f\u00e5tt psykisk helseoppf\u00f8lging.<\/p>\n<p class=\"_paragraph_o9xde_4 _paragraph_xtcu6_10 layout-component text-serif-m layout-normal text-serif-m layout-padded\"><a href=\"https:\/\/www.dagbladet.no\/nyheter\/i-avhor-impulshandling\/83995447\" class=\"_link_o9xde_39\" rel=\"nofollow noopener\" target=\"_blank\">Dagbladet<\/a> omtalte saken f\u00f8rst.<\/p>\n","protected":false},"excerpt":{"rendered":"Det framkommer av kjennelsen i Oslo tingrett. I tillegg til skytev\u00e5pen hadde 19-\u00e5ringen ogs\u00e5 med seg balltre, patroner&hellip;\n","protected":false},"author":2,"featured_media":115311,"comment_status":"","ping_status":"","sticky":false,"template":"","format":"standard","meta":{"footnotes":""},"categories":[10],"tags":[20,21,24,25,15,148,22,23,13,30,28,29,14,16,26,27],"class_list":{"0":"post-115310","1":"post","2":"type-post","3":"status-publish","4":"format-standard","5":"has-post-thumbnail","7":"category-norge","8":"tag-breaking-news","9":"tag-breakingnews","10":"tag-featured-news","11":"tag-featurednews","12":"tag-headlines","13":"tag-kriminalitet","14":"tag-latest-news","15":"tag-latestnews","16":"tag-news","17":"tag-no","18":"tag-norge","19":"tag-norway","20":"tag-nyheter","21":"tag-overskrifter","22":"tag-top-stories","23":"tag-topstories"},"share_on_mastodon":{"url":"https:\/\/pubeurope.com\/@no\/115734062505306830","error":""},"_links":{"self":[{"href":"https:\/\/www.europesays.com\/no\/wp-json\/wp\/v2\/posts\/115310","targetHints":{"allow":["GET"]}}],"collection":[{"href":"https:\/\/www.europesays.com\/no\/wp-json\/wp\/v2\/posts"}],"about":[{"href":"https:\/\/www.europesays.com\/no\/wp-json\/wp\/v2\/types\/post"}],"author":[{"embeddable":true,"href":"https:\/\/www.europesays.com\/no\/wp-json\/wp\/v2\/users\/2"}],"replies":[{"embeddable":true,"href":"https:\/\/www.europesays.com\/no\/wp-json\/wp\/v2\/comments?post=115310"}],"version-history":[{"count":0,"href":"https:\/\/www.europesays.com\/no\/wp-json\/wp\/v2\/posts\/115310\/revisions"}],"wp:featuredmedia":[{"embeddable":true,"href":"https:\/\/www.europesays.com\/no\/wp-json\/wp\/v2\/media\/115311"}],"wp:attachment":[{"href":"https:\/\/www.europesays.com\/no\/wp-json\/wp\/v2\/media?parent=115310"}],"wp:term":[{"taxonomy":"category","embeddable":true,"href":"https:\/\/www.europesays.com\/no\/wp-json\/wp\/v2\/categories?post=115310"},{"taxonomy":"post_tag","embeddable":true,"href":"https:\/\/www.europesays.com\/no\/wp-json\/wp\/v2\/tags?post=115310"}],"curies":[{"name":"wp","href":"https:\/\/api.w.org\/{rel}","templated":true}]}}