{"id":115312,"date":"2025-12-17T08:53:09","date_gmt":"2025-12-17T08:53:09","guid":{"rendered":"https:\/\/www.europesays.com\/no\/115312\/"},"modified":"2025-12-17T08:53:09","modified_gmt":"2025-12-17T08:53:09","slug":"stromsgodset-onsker-a-kvitte-seg-med-dag-eilev-fagermo","status":"publish","type":"post","link":"https:\/\/www.europesays.com\/no\/115312\/","title":{"rendered":"Str\u00f8msgodset \u00f8nsker \u00e5 kvitte seg med Dag-Eilev Fagermo"},"content":{"rendered":"\n<p class=\"_lead_o9xde_2 _lead_xtcu6_50 layout-component text-serif-m layout-normal text-serif-l layout-component layout-wide layout-padded _wide_17hqh_1 layout-padded\">Str\u00f8msgodset \u00f8nsker \u00e5 skifte ut dagens hovedtrener &#8211; samtidig er Dag-Eilev Fagermo sykmeldt.<\/p>\n<p><img alt=\"Dag-Eiliv Fagermo f\u00f8r en kamp mot Kristiansund i h\u00f8st.  Foto: Svein Ove Ekornesv\u00e5g \/ NTB\" class=\"_image_qp4xg_65 layout-component layout-wide\" data-fullscreen- data-track-element-type=\"Article image fullscreen\" data-track-name=\"ImageFullscreen\" fetchpriority=\"high\" decoding=\"sync\" loading=\"eager\" height=\"3174\" itemprop=\"image\"  src=\"https:\/\/www.europesays.com\/no\/wp-content\/uploads\/2025\/12\/00004394-38fe-44f6-b7c3-530826f91c19\"  style=\"object-position:0% 0%\" width=\"4760\"\/>Dag-Eiliv Fagermo f\u00f8r en kamp mot Kristiansund i h\u00f8st.  Foto: Svein Ove Ekornesv\u00e5g \/ NTB<\/p>\n<ul aria-hidden=\"true\" class=\"_images_ntbth_112\">\n<li><a class=\"_link_ntbth_117\" href=\"https:\/\/www.vg.no\/forfatter\/andreas-hopen\" style=\"z-index:1\" title=\"Andreas Hopen\" rel=\"nofollow noopener\" target=\"_blank\"><img alt=\"Bilde av Andreas Hopen\" class=\"_image_ntbth_93\" fetchpriority=\"low\" loading=\"lazy\" decoding=\"async\" itemprop=\"image\"  src=\"https:\/\/www.europesays.com\/no\/wp-content\/uploads\/2025\/12\/1765961589_430_8d697287-ea03-4d54-ab67-6d65b82629eb\"  width=\"480\"\/><\/a><\/li>\n<\/ul>\n<p> Oppdatert onsdag 17. desember kl. 09:28    <\/p>\n<ul class=\"_list_o9xde_3 _list_64s2r_85 _unordered_o9xde_106 text-sans-m\">\n<li class=\"_item_o9xde_30\">Str\u00f8msgodset jobber med \u00e5 kvitte seg med hovedtrener Dag-Eilev Fagermo, som n\u00e5 er sykmeldt.<\/li>\n<li class=\"_item_o9xde_30\">Klubben hevder de har en klausul som muliggj\u00f8r oppsigelse uten full sluttpakke, noe Fagermo bestrider.<\/li>\n<li class=\"_item_o9xde_30\">Situasjonen beskrives som \u00abkaos\u00bb da resten av trenerteamet ogs\u00e5 har utg\u00e5ende kontrakter.<\/li>\n<\/ul>\n<p>Vis mer <\/p>\n<p class=\"_paragraph_o9xde_4 _paragraph_xtcu6_10 layout-component text-serif-m layout-normal text-serif-m layout-padded\">Fagermo er bare et halvt \u00e5r inn i en avtale med Str\u00f8msgodset som varer ut 2027.<\/p>\n<p class=\"_paragraph_o9xde_4 _paragraph_xtcu6_10 layout-component text-serif-m layout-normal text-serif-m layout-padded\">Drammensklubben rykket ned fra Eliteserien denne sesongen &#8211; og starter i januar jakten for en snarlig retur til det gode selskap.<\/p>\n<p class=\"_paragraph_o9xde_4 _paragraph_xtcu6_10 layout-component text-serif-m layout-normal text-serif-m layout-padded\"><strong class=\"_strong_o9xde_25\">Men hvis klubben f\u00e5r velge, er det uten Fagermo, if\u00f8lge VGs opplysninger. <a href=\"https:\/\/www.dt.no\/kaos-i-godset-vil-kvitte-seg-med-fagermo\/s\/5-57-2754137\" class=\"_link_o9xde_39\" rel=\"nofollow noopener\" target=\"_blank\">Drammens Tidende<\/a> omtalte tvisten f\u00f8rst.<\/strong><\/p>\n<p class=\"_paragraph_o9xde_4 _paragraph_xtcu6_10 layout-component text-serif-m layout-normal text-serif-m layout-padded\">Godset mener nemlig de har en klausul i Fagermos kontrakt som gj\u00f8r at de kan l\u00f8se ham fra kontrakten uten \u00e5 betale full sluttpakke. Denne klausulen \u00f8nsker de n\u00e5 \u00e5 benytte seg av.<\/p>\n<p class=\"_paragraph_o9xde_4 _paragraph_xtcu6_10 layout-component text-serif-m layout-normal text-serif-m layout-padded\">Fagermo p\u00e5 sin side &#8211; mener at en slik klausul ikke eksisterer &#8211; og at Str\u00f8msgodset m\u00e5 betale ham ut av en avtale om de \u00f8nsker \u00e5 skille lag, f\u00e5r VG opplyst.<\/p>\n<p class=\"_paragraph_o9xde_4 _paragraph_xtcu6_10 layout-component text-serif-m layout-normal text-serif-m layout-padded\">Daglig leder i Str\u00f8msgodset bekrefter til VG onsdag at Fagermo for tiden er sykmeldt.<\/p>\n<p class=\"_paragraph_o9xde_4 _paragraph_xtcu6_10 layout-component text-serif-m layout-normal text-serif-m layout-padded\">\u2013 Kan bekrefte at hovedtrener er sykmeldt. Ut over det kommenterer vi ikke spekulasjoner i media, skriver Magne Jordan Nilsen i en melding.<\/p>\n<p class=\"_paragraph_o9xde_4 _paragraph_xtcu6_10 layout-component text-serif-m layout-normal text-serif-m layout-padded\">Han viser til nyansatt sportssjef Jackie Liljedahl Rasmussen rundt forberedelser til ny sesong. Rasmussen, som ble ansatt av Godset tidligere i desember, har ikke svart VGs henvendelser. <\/p>\n<p class=\"_paragraph_o9xde_4 _paragraph_xtcu6_10 layout-component text-serif-m layout-normal text-serif-m layout-padded\">Dag-Eilev Fagermo har heller ikke besvart VGs henvendelse.<\/p>\n<p class=\"_paragraph_o9xde_4 _paragraph_xtcu6_10 layout-component text-serif-m layout-normal text-serif-m layout-padded\"><strong class=\"_strong_o9xde_25\">Internt omtales situasjonen som \u00aben suppe\u00bb og \u00abkaos\u00bb, f\u00e5r VG opplyst. <\/strong><\/p>\n<p class=\"_paragraph_o9xde_4 _paragraph_xtcu6_10 layout-component text-serif-m layout-normal text-serif-m layout-padded\">For i tillegg til situasjonen rundt klubbens hovedtrener er hele trenerteamet utenom \u00e9n p\u00e5 utg\u00e5ende kontrakt. Bare fysisk trener Andreas Hollingen har kontrakt i 2026.<\/p>\n","protected":false},"excerpt":{"rendered":"Str\u00f8msgodset \u00f8nsker \u00e5 skifte ut dagens hovedtrener &#8211; samtidig er Dag-Eilev Fagermo sykmeldt. Dag-Eiliv Fagermo f\u00f8r en kamp&hellip;\n","protected":false},"author":2,"featured_media":115313,"comment_status":"","ping_status":"","sticky":false,"template":"","format":"standard","meta":{"footnotes":""},"categories":[5],"tags":[20,21,24,25,92,15,19,22,23,17,18,13,30,28,29,14,337,16,1942,26,27],"class_list":{"0":"post-115312","1":"post","2":"type-post","3":"status-publish","4":"format-standard","5":"has-post-thumbnail","7":"category-overskrifter","8":"tag-breaking-news","9":"tag-breakingnews","10":"tag-featured-news","11":"tag-featurednews","12":"tag-fotball","13":"tag-headlines","14":"tag-hovedoppslag","15":"tag-latest-news","16":"tag-latestnews","17":"tag-main-news","18":"tag-mainnews","19":"tag-news","20":"tag-no","21":"tag-norge","22":"tag-norway","23":"tag-nyheter","24":"tag-obos-ligaen","25":"tag-overskrifter","26":"tag-stromsgodset-if","27":"tag-top-stories","28":"tag-topstories"},"share_on_mastodon":{"url":"https:\/\/pubeurope.com\/@no\/115734066498529288","error":""},"_links":{"self":[{"href":"https:\/\/www.europesays.com\/no\/wp-json\/wp\/v2\/posts\/115312","targetHints":{"allow":["GET"]}}],"collection":[{"href":"https:\/\/www.europesays.com\/no\/wp-json\/wp\/v2\/posts"}],"about":[{"href":"https:\/\/www.europesays.com\/no\/wp-json\/wp\/v2\/types\/post"}],"author":[{"embeddable":true,"href":"https:\/\/www.europesays.com\/no\/wp-json\/wp\/v2\/users\/2"}],"replies":[{"embeddable":true,"href":"https:\/\/www.europesays.com\/no\/wp-json\/wp\/v2\/comments?post=115312"}],"version-history":[{"count":0,"href":"https:\/\/www.europesays.com\/no\/wp-json\/wp\/v2\/posts\/115312\/revisions"}],"wp:featuredmedia":[{"embeddable":true,"href":"https:\/\/www.europesays.com\/no\/wp-json\/wp\/v2\/media\/115313"}],"wp:attachment":[{"href":"https:\/\/www.europesays.com\/no\/wp-json\/wp\/v2\/media?parent=115312"}],"wp:term":[{"taxonomy":"category","embeddable":true,"href":"https:\/\/www.europesays.com\/no\/wp-json\/wp\/v2\/categories?post=115312"},{"taxonomy":"post_tag","embeddable":true,"href":"https:\/\/www.europesays.com\/no\/wp-json\/wp\/v2\/tags?post=115312"}],"curies":[{"name":"wp","href":"https:\/\/api.w.org\/{rel}","templated":true}]}}