{"id":115314,"date":"2025-12-17T08:54:16","date_gmt":"2025-12-17T08:54:16","guid":{"rendered":"https:\/\/www.europesays.com\/no\/115314\/"},"modified":"2025-12-17T08:54:16","modified_gmt":"2025-12-17T08:54:16","slug":"peskov-avviser-trump-pastand","status":"publish","type":"post","link":"https:\/\/www.europesays.com\/no\/115314\/","title":{"rendered":"Peskov avviser Trump-p\u00e5stand"},"content":{"rendered":"<p class=\"kicker \" style=\"\">Russland:<\/p>\n<p>  Donald Trump hevder han har jevnlig dialog med Russlands president Vladimir Putin. Russland er derimot av en annen oppfatning.\u00a0<\/p>\n<p>\n    IKKE SNAKKET SAMMEN: Kremls talsperson, Dimitrij Peskov, avviser at president Vladimir Putin og president Donald Trump nylig har snakket sammen, slik Trump hevder. If\u00f8lge Peskov har ikke de to presidentene snakket sammen siden oktober. Her er de avbildet sammen da de m\u00f8ttes i Alaska i august. Foto: AP Photo\/Julia Demaree Nikhinson\/ NTB\n  <\/p>\n<p class=\"lab-bodytext-line no_italic m-no_italic font-weight-normal m-font-weight-normal\" data-lab-italic=\"\" data-lab-font_weight=\"font-weight-normal\">If\u00f8lge Kremls talsperson, Dimitrij Peskov, har ikke de to presidentene hatt en telefonsamtale\u00a0siden deres siste samtale 16. oktober, skriver det statlige russiske nyhetsbyr\u00e5et <a href=\"https:\/\/ria.ru\/20251216\/peskov-2062350163.html?in=l\" rel=\"nofollow noopener\" target=\"_blank\">RIA<\/a>.<\/p>\n<p class=\"lab-bodytext-line no_italic m-no_italic font-weight-normal m-font-weight-normal\" data-lab-italic=\"\" data-lab-font_weight=\"font-weight-normal\">Det betyr at det er 61 dager siden de to mektige presidentene sist hadde en telefonsamtale.\u00a0<\/p>\n<p class=\"no_italic m-no_italic font-weight-normal m-font-weight-normal\" data-lab-italic=\"\" data-lab-font_weight=\"font-weight-normal\">Uttalelsen kommer etter at USAs president Donald Trump\u00a0mandag hevdet at han hadde hatt flere samtaler med\u00a0Russlands president Vladimir Putin den siste tida.<\/p>\n<p>    <a itemprop=\"url\" href=\"https:\/\/www.dagbladet.no\/nyheter\/kan-bli-vanskelig\/83989826\" rel=\"nofollow noopener\" target=\"_blank\"><\/p>\n<p>        <img loading=\"lazy\" decoding=\"async\" src=\"https:\/\/www.europesays.com\/no\/wp-content\/uploads\/2025\/12\/83990596.webp\" width=\"980\" height=\"441\" title=\"- Kan bli vanskelig\" alt=\"\" class=\"lazyload\" style=\"--aspect-ratio-image: 2.22; \"\/><\/p>\n<p>        &#8211; Kan bli vanskelig<\/p>\n<p>    <\/a><\/p>\n<p>Uttalelsen kom i forbindelse med <a href=\"https:\/\/www.dagbladet.no\/nyheter\/enige-om-flere-punkter\/83987284\" rel=\"nofollow noopener\" target=\"_blank\">fredsforhandlingene<\/a>, som fant sted s\u00f8ndag og mandag i Berlin mellom USA, Ukraina og en rekke europeiske ledere.<\/p>\n<p>Den tyske kansleren, Friedrich Merz, hevdet at en v\u00e5penhvile mellom Ukraina og Russland aldri har v\u00e6rt n\u00e6rmere siden krigens start. Trump var selv med p\u00e5 deler av samtalene over telefon.<\/p>\n<p>        <img loading=\"lazy\" decoding=\"async\" src=\"https:\/\/www.europesays.com\/no\/wp-content\/uploads\/2025\/12\/83994429.webp\" width=\"980\" height=\"559\" title=\"AVVISER P\u00c5STAND: Kreml talsperson Dimitrij Peskov hevder det ikke er hyppig telefonkontakt mellom Donald Trump og Vladimir Putin. Foto: Alexander Kazakov \/ Sputnik \/ AP \/ NTB\" alt=\"\" class=\"\" style=\"--aspect-ratio-image: 1.75; \"\/><\/p>\n<p>\n        AVVISER P\u00c5STAND: Kreml talsperson Dimitrij Peskov hevder det ikke er hyppig telefonkontakt mellom Donald Trump og Vladimir Putin. Foto: Alexander Kazakov \/ Sputnik \/ AP \/ NTB\n    <\/p>\n<p>&#8211; Klare for avtale \t<\/p>\n<p>&#8211; Vi er virkelig n\u00e6rme sterke sikkerhetsgarantier, sa Zelenskyj etter fredssamtalene i Berlin mandag, if\u00f8lge Reuters.<\/p>\n<p>Europeiske ledere &#8211; herunder statsminister Jonas Gahr St\u00f8re &#8211; ble mandag enige om en multinasjonal styrke i Ukraina st\u00f8ttet av USA, het det i en felles uttalelse fra europeiske ledere etter Berlin-m\u00f8tet.<\/p>\n<p>    <a itemprop=\"url\" href=\"https:\/\/www.dagbladet.no\/nyheter\/enige-om-flere-punkter\/83987284\" rel=\"nofollow noopener\" target=\"_blank\"><\/p>\n<p>        <img loading=\"lazy\" decoding=\"async\" src=\"https:\/\/www.europesays.com\/no\/wp-content\/uploads\/2025\/12\/1765961653_28_83987354.webp\" width=\"980\" height=\"441\" title=\"Enige om flere punkter\" alt=\"\" class=\"lazyload\" style=\"--aspect-ratio-image: 2.22; \"\/><\/p>\n<p>        Enige om flere punkter<\/p>\n<p>    <\/a><\/p>\n<p>Tirsdag morgen sa Russlands viseutenriksminister, Sergej Ryabkov, til\u00a0<a href=\"https:\/\/abcnews.go.com\/International\/russia-ukraine-verge-deal-end-war-deputy-foreign\/story?id=128390935\" rel=\"nofollow noopener\" target=\"_blank\">ABC News<\/a>\u00a0at Russland \u00f8nsker \u00e5 f\u00e5 et gjennombrudd i forhandlingene.<\/p>\n<p>&#8211; Vi er klare for en avtale, for \u00e5 bruke president Trumps ord, sier han til den amerikanske kanalen.<\/p>\n<p>    <a itemprop=\"url\" href=\"https:\/\/www.dagbladet.no\/video\/russland-angriper-ubat-til-4-milliarder\/YNfn9Tcl\" rel=\"nofollow noopener\" target=\"_blank\"><\/p>\n<p>        <img loading=\"lazy\" decoding=\"async\" src=\"https:\/\/www.europesays.com\/no\/wp-content\/uploads\/2025\/12\/83987232.webp\" width=\"980\" height=\"441\" title=\"Russland: Angriper ub\u00e5t til 4 milliarder\" alt=\"\" class=\"lazyload\" style=\"--aspect-ratio-image: 2.22; \"\/><\/p>\n<p>        Russland: Angriper ub\u00e5t til 4 milliarder<\/p>\n<p>    <\/a><\/p>\n<p>Avviser v\u00e5penhvile\t<\/p>\n<p>Det er fortsatt uvisst <a href=\"https:\/\/www.dagbladet.no\/nyheter\/enige-om-flere-punkter\/83987284\" rel=\"nofollow noopener\" target=\"_blank\">hvordan Kreml stiller seg<\/a> til Ukrainas krav i fredsforhandlingene. Ryabkov uttalte tirsdag at Russland\u00a0\u00abikke har en forst\u00e5else av utfallet\u00bb av samtalene, if\u00f8lge det Kreml-kontrollerte nyhetsbyr\u00e5et\u00a0<a href=\"https:\/\/ria.ru\/20251216\/ryabkov-2062315022.html?in=l\" rel=\"nofollow noopener\" target=\"_blank\">RIA<\/a>.<\/p>\n<p>Peskov avviste ogs\u00e5 tirsdag at Russland er interessert i en v\u00e5penhvile f\u00f8r jul, slik Merz forela kunne bli aktuelt.<\/p>\n<p>    <a itemprop=\"url\" href=\"https:\/\/www.dagbladet.no\/nyheter\/stor-framgang\/83983770\" rel=\"nofollow noopener\" target=\"_blank\"><\/p>\n<p>        <img loading=\"lazy\" decoding=\"async\" src=\"https:\/\/www.europesays.com\/no\/wp-content\/uploads\/2025\/12\/1765961656_701_83926615.webp\" width=\"980\" height=\"441\" title=\"- Stor framgang\" alt=\"\" class=\"lazyload\" style=\"--aspect-ratio-image: 2.22; \"\/><\/p>\n<p>        &#8211; Stor framgang<\/p>\n<p>    <\/a><\/p>\n<p>&#8211; Vi vil ikke ha en v\u00e5penhvile som skaper en pause som gj\u00f8r det mulig for Ukraina \u00e5 forberede seg bedre p\u00e5 \u00e5 fortsette krigen sier Peskov, if\u00f8lge Tass.<\/p>\n","protected":false},"excerpt":{"rendered":"Russland: Donald Trump hevder han har jevnlig dialog med Russlands president Vladimir Putin. Russland er derimot av en&hellip;\n","protected":false},"author":2,"featured_media":115315,"comment_status":"","ping_status":"","sticky":false,"template":"","format":"standard","meta":{"footnotes":""},"categories":[59],"tags":[55,30,28,29,14,188,83,82,489,412,186],"class_list":{"0":"post-115314","1":"post","2":"type-post","3":"status-publish","4":"format-standard","5":"has-post-thumbnail","7":"category-sport","8":"tag-donald-trump","9":"tag-no","10":"tag-norge","11":"tag-norway","12":"tag-nyheter","13":"tag-russland","14":"tag-sport","15":"tag-sports","16":"tag-ukraina","17":"tag-utenriks","18":"tag-vladimir-putin"},"share_on_mastodon":{"url":"https:\/\/pubeurope.com\/@no\/115734070193025818","error":""},"_links":{"self":[{"href":"https:\/\/www.europesays.com\/no\/wp-json\/wp\/v2\/posts\/115314","targetHints":{"allow":["GET"]}}],"collection":[{"href":"https:\/\/www.europesays.com\/no\/wp-json\/wp\/v2\/posts"}],"about":[{"href":"https:\/\/www.europesays.com\/no\/wp-json\/wp\/v2\/types\/post"}],"author":[{"embeddable":true,"href":"https:\/\/www.europesays.com\/no\/wp-json\/wp\/v2\/users\/2"}],"replies":[{"embeddable":true,"href":"https:\/\/www.europesays.com\/no\/wp-json\/wp\/v2\/comments?post=115314"}],"version-history":[{"count":0,"href":"https:\/\/www.europesays.com\/no\/wp-json\/wp\/v2\/posts\/115314\/revisions"}],"wp:featuredmedia":[{"embeddable":true,"href":"https:\/\/www.europesays.com\/no\/wp-json\/wp\/v2\/media\/115315"}],"wp:attachment":[{"href":"https:\/\/www.europesays.com\/no\/wp-json\/wp\/v2\/media?parent=115314"}],"wp:term":[{"taxonomy":"category","embeddable":true,"href":"https:\/\/www.europesays.com\/no\/wp-json\/wp\/v2\/categories?post=115314"},{"taxonomy":"post_tag","embeddable":true,"href":"https:\/\/www.europesays.com\/no\/wp-json\/wp\/v2\/tags?post=115314"}],"curies":[{"name":"wp","href":"https:\/\/api.w.org\/{rel}","templated":true}]}}