{"id":115326,"date":"2025-12-17T09:08:13","date_gmt":"2025-12-17T09:08:13","guid":{"rendered":"https:\/\/www.europesays.com\/no\/115326\/"},"modified":"2025-12-17T09:08:13","modified_gmt":"2025-12-17T09:08:13","slug":"har-oppdaget-tusenvis","status":"publish","type":"post","link":"https:\/\/www.europesays.com\/no\/115326\/","title":{"rendered":"Har oppdaget tusenvis"},"content":{"rendered":"<p>  Forskere jubler etter \u00e5 ha funnet over 200 millioner \u00e5r gamle dinosaurfotspor i Italia.<\/p>\n<p>\n    STOR STAS: Fotspor etter prosauropoder fra p\u00e5 fjellsiden i Fraele-dalen i Nord-Italia. Foto: Elio Della Ferrera \/ Stelvio National Park \/ AP\n  <\/p>\n<p>    Kort fortalt<\/p>\n<ul lang=\"nb-NO\">\n<li>Tusenvis av dinosaurfotspor, 210 millioner \u00e5r gamle, er funnet i en nasjonalpark i Nord-Italia.<\/li>\n<li>Fotsporene, noen opptil 40 cm i diameter, stammer fra prosauropoder, planteetende dinosaurer.<\/li>\n<li>Oppdagelsen ble gjort av fotograf Elio Della Ferrera i Stelvio nasjonalpark i september i fjor.<\/li>\n<li>Omr\u00e5det er vanskelig tilgjengelig, og forskere vil bruke droner for videre kartlegging.<\/li>\n<\/ul>\n<p class=\"italic ai-disclaimer\" data-lab-italic=\"italic\">Sammendraget er laget av ChatGPT og godkjent av Dagbladet.<\/p>\n<p>      Vis mer<br \/>\n      Vis mindre<\/p>\n<p>Tusenvis av dinosaurfotspor, rundt 210 millioner \u00e5r gamle, er funnet i en nasjonalpark i Nord-Italia.<\/p>\n<p>Fotsporene \u2013 noen med en diameter p\u00e5 opptil 40 centimeter \u2013 ligger i parallelle rekker, og mange viser tydelige avtrykk av t\u00e6r og kl\u00f8r, if\u00f8lge <a href=\"https:\/\/www.bbc.com\/news\/articles\/c30j94p56d6o\" rel=\"nofollow noopener\" target=\"_blank\">BBC<\/a>.<\/p>\n<p>    <a itemprop=\"url\" href=\"https:\/\/dinside.dagbladet.no\/fritid\/nytt-funn-aldri-sett-for\/82668554\" rel=\"nofollow noopener\" target=\"_blank\"><\/p>\n<p>        <img loading=\"lazy\" decoding=\"async\" src=\"https:\/\/www.europesays.com\/no\/wp-content\/uploads\/2025\/12\/1765962490_973_82668650.webp\" width=\"147\" height=\"98\" title=\"Ekspertene m\u00e5per: Aldri sett f\u00f8r\" alt=\"\" class=\"lazyload\" style=\"--aspect-ratio-image: 1.50; \"\/><\/p>\n<p>        Ekspertene m\u00e5per: Aldri sett f\u00f8r<\/p>\n<p>    <\/a><\/p>\n<p>Forskerne mener sporene stammer fra prosauropoder, planteetende dinosaurer med lange halser, sm\u00e5 hoder og skarpe kl\u00f8r.<\/p>\n<p class=\"font-weight-bold m-font-weight-bold\" data-lab-font_weight=\"font-weight-bold\">&#8211; Jeg hadde aldri forestilt meg at jeg skulle komme over en s\u00e5 spektakul\u00e6r oppdagelse i regionen der jeg bor, sier Milano-baserte paleontolog Cristiano Dal Sasso.<\/p>\n<p>        <img loading=\"lazy\" decoding=\"async\" src=\"https:\/\/www.europesays.com\/no\/wp-content\/uploads\/2025\/12\/83995792.webp\" width=\"686\" height=\"1029\" title=\"INSPEKSJON: Offiser Giacomo Regazzoni (til venstre) og parkansatt Elia Vitalini inspiserer prosauropod-fotspor Fraele-dalen i Nord-Italia. Foto: Elio Della Ferrara \/ Stelvio nasjonalpark \/ AP\" alt=\"\" class=\"\" style=\"--aspect-ratio-image: 0.67; \"\/><\/p>\n<p>\n        INSPEKSJON: Offiser Giacomo Regazzoni (til venstre) og parkansatt Elia Vitalini inspiserer prosauropod-fotspor Fraele-dalen i Nord-Italia. Foto: Elio Della Ferrara \/ Stelvio nasjonalpark \/ AP\n    <\/p>\n<p>Hundrevis av meter\t<\/p>\n<p>Funnet ble gjort i Stelvio nasjonalpark nord\u00f8st for Milano.\u00a0<\/p>\n<p>Det var i september i fjor at fotograf Elio Della Ferrera oppdaget fotsporene, som strekker seg over hundrevis av meter langs en bratt fjellvegg.<\/p>\n<p>I triasperioden \u2013 mellom rundt 250 og 201 millioner \u00e5r siden \u2013 var omr\u00e5det en tidevannsflate, f\u00f8r det senere ble en del av Alpene.<\/p>\n<p>&#8211; Dette stedet var fullt av dinosaurer. Det er en enorm vitenskapelig skatt, sier Dal Sasso.<\/p>\n<p>        <img loading=\"lazy\" decoding=\"async\" src=\"https:\/\/www.europesays.com\/no\/wp-content\/uploads\/2025\/12\/83995827.webp\" width=\"686\" height=\"460\" title=\"STOLT: Attilio Fontana, president i Lombardia-regionen, poserer med en pappdinosaur under presentasjonen av funnet av dinosaursporene i Stelvio nasjonalpark i Italia. Foto: Piero CRUCIATTI \/ AFP\" alt=\"\" class=\"\" style=\"--aspect-ratio-image: 1.49; \"\/><\/p>\n<p>\n        STOLT: Attilio Fontana, president i Lombardia-regionen, poserer med en pappdinosaur under presentasjonen av funnet av dinosaursporene i Stelvio nasjonalpark i Italia. Foto: Piero CRUCIATTI \/ AFP\n    <\/p>\n<p>Han forteller at flokkene beveget seg samstemt, og at sporene ogs\u00e5 avsl\u00f8rer mer sammensatt atferd.<\/p>\n<p>&#8211; Det finnes tegn til grupper av dyr som samlet seg i ring, kanskje for \u00e5 forsvare seg, sier han.<\/p>\n<p>        FORVIRRER: En video av \u00abmini-dinosaurer\u00bb skaper forvirring p\u00e5 sosiale medier. Video: TikTok \/ @theo_lightyear. Reporter: Nicolai Alcaniz \/ Christian Wehus.<\/p>\n<p>Kunne bli ti meter lange\t<\/p>\n<p>Prosauropodene kunne bli opptil ti meter lange. De gikk hovedsakelig p\u00e5 to bein, men enkelte steder er det ogs\u00e5 funnet avtrykk av forlemmer foran fotsporene.\u00a0<\/p>\n<p>Det kan tyde p\u00e5 at dyrene stoppet opp og st\u00f8ttet seg p\u00e5 forbeina.<\/p>\n<p>Mindre fotspor tyder p\u00e5 at flokkene ogs\u00e5 besto av unge dyr.<\/p>\n<p>Fotograf Della Ferrera h\u00e5per funnet vil f\u00e5 folk til \u00e5 stoppe opp.<\/p>\n<p>&#8211; Det kan f\u00e5 oss alle til \u00e5 reflektere over hvor lite vi egentlig vet om stedene vi lever p\u00e5 \u2013 v\u00e5rt hjem, v\u00e5r planet, sier han.<\/p>\n<p>If\u00f8lge en pressemelding fra det italienske kulturdepartementet er omr\u00e5det vanskelig tilgjengelig, og forskerne vil derfor ta i bruk droner og fjernm\u00e5ling for \u00e5 kartlegge sporene videre.<\/p>\n<p>        <img loading=\"lazy\" decoding=\"async\" src=\"https:\/\/www.europesays.com\/no\/wp-content\/uploads\/2025\/12\/83995784.webp\" width=\"980\" height=\"559\" title=\"VISES FRAM: Paleontolog Cristiano Dal Sasso ved Naturhistorisk museum i Milano kommenterer bilder av dinosaurspor fra Stelvio nasjonalpark under pressekonferansen 16. desember 2025. Foto: Piero CRUCIATTI \/ AFP\" alt=\"\" class=\"\" style=\"--aspect-ratio-image: 1.75; \"\/><\/p>\n<p>\n        VISES FRAM: Paleontolog Cristiano Dal Sasso ved Naturhistorisk museum i Milano kommenterer bilder av dinosaurspor fra Stelvio nasjonalpark under pressekonferansen 16. desember 2025. Foto: Piero CRUCIATTI \/ AFP\n    <\/p>\n<p>Fortid og n\u00e5tid\t<\/p>\n<p>Stelvio nasjonalpark ligger i Fraele-dalen, n\u00e6r grensa til Sveits, ikke langt fra omr\u00e5dene der vinter-OL skal arrangeres neste \u00e5r.<\/p>\n<p>&#8211; Det er som om historien selv \u00f8nsket \u00e5 hylle verdens st\u00f8rste idrettsarrangement, ved \u00e5 knytte sammen fortid og n\u00e5tid i en symbolsk stafett mellom natur og sport, skriver det italienske kulturdepartementet.<\/p>\n","protected":false},"excerpt":{"rendered":"Forskere jubler etter \u00e5 ha funnet over 200 millioner \u00e5r gamle dinosaurfotspor i Italia. STOR STAS: Fotspor etter&hellip;\n","protected":false},"author":2,"featured_media":115327,"comment_status":"","ping_status":"","sticky":false,"template":"","format":"standard","meta":{"footnotes":""},"categories":[12],"tags":[20,21,24,25,15,22,23,13,30,28,29,14,16,26,27,412,42,43,44,45],"class_list":{"0":"post-115326","1":"post","2":"type-post","3":"status-publish","4":"format-standard","5":"has-post-thumbnail","7":"category-verden","8":"tag-breaking-news","9":"tag-breakingnews","10":"tag-featured-news","11":"tag-featurednews","12":"tag-headlines","13":"tag-latest-news","14":"tag-latestnews","15":"tag-news","16":"tag-no","17":"tag-norge","18":"tag-norway","19":"tag-nyheter","20":"tag-overskrifter","21":"tag-top-stories","22":"tag-topstories","23":"tag-utenriks","24":"tag-verden","25":"tag-world","26":"tag-world-news","27":"tag-worldnews"},"share_on_mastodon":{"url":"https:\/\/pubeurope.com\/@no\/115734125528535550","error":""},"_links":{"self":[{"href":"https:\/\/www.europesays.com\/no\/wp-json\/wp\/v2\/posts\/115326","targetHints":{"allow":["GET"]}}],"collection":[{"href":"https:\/\/www.europesays.com\/no\/wp-json\/wp\/v2\/posts"}],"about":[{"href":"https:\/\/www.europesays.com\/no\/wp-json\/wp\/v2\/types\/post"}],"author":[{"embeddable":true,"href":"https:\/\/www.europesays.com\/no\/wp-json\/wp\/v2\/users\/2"}],"replies":[{"embeddable":true,"href":"https:\/\/www.europesays.com\/no\/wp-json\/wp\/v2\/comments?post=115326"}],"version-history":[{"count":0,"href":"https:\/\/www.europesays.com\/no\/wp-json\/wp\/v2\/posts\/115326\/revisions"}],"wp:featuredmedia":[{"embeddable":true,"href":"https:\/\/www.europesays.com\/no\/wp-json\/wp\/v2\/media\/115327"}],"wp:attachment":[{"href":"https:\/\/www.europesays.com\/no\/wp-json\/wp\/v2\/media?parent=115326"}],"wp:term":[{"taxonomy":"category","embeddable":true,"href":"https:\/\/www.europesays.com\/no\/wp-json\/wp\/v2\/categories?post=115326"},{"taxonomy":"post_tag","embeddable":true,"href":"https:\/\/www.europesays.com\/no\/wp-json\/wp\/v2\/tags?post=115326"}],"curies":[{"name":"wp","href":"https:\/\/api.w.org\/{rel}","templated":true}]}}