{"id":115328,"date":"2025-12-17T09:09:14","date_gmt":"2025-12-17T09:09:14","guid":{"rendered":"https:\/\/www.europesays.com\/no\/115328\/"},"modified":"2025-12-17T09:09:14","modified_gmt":"2025-12-17T09:09:14","slug":"kreft-genteknologi-tenaring-ble-kurert-for-uhelbredelig-kreft-genetisk-programmering","status":"publish","type":"post","link":"https:\/\/www.europesays.com\/no\/115328\/","title":{"rendered":"Kreft, Genteknologi | Ten\u00e5ring ble kurert for uhelbredelig kreft: \u2013 Genetisk programmering"},"content":{"rendered":"\n<p>\u2013 Det finnes vel knapt noe mer hjertevarmende enn \u00e5 se barn som har blitt friske fra uhelbredelig kreft, sier Sigrid Bratlie til Nettavisen.<\/p>\n<p>Hun er molekyl\u00e6rbiolog og strategisk r\u00e5dgiver i Kreftforeningen, og holder ikke tilbake p\u00e5 begeistringen over en ny studie som nylig ble publisert i <a href=\"https:\/\/www.nejm.org\/doi\/full\/10.1056\/NEJMoa2505478?query=featured_home\" rel=\"Follow nofollow noopener\" target=\"_blank\">NEJM<\/a>. Den viser nemlig at kreftbehandling med genredigerte immunceller kan sl\u00e5 kreften tilbake, og redde liv.<\/p>\n<p>Det har behandlingen gjort for britiske Alyssa Taper, som var 13 \u00e5r da hun ble diagnostisert med akutt T-celle lymfobiastisk leukemi. Det er en sykdom som p\u00e5virker kroppens immunforsvar og kroppens  som beskytter mot infeksjoner. Da Taper fikk diagnosen var det dystre utsikter for ten\u00e5ringen, og hun fikk beskjed om at sykdommen var uhelbredelig.<\/p>\n<p>\u2013 Kreftformen Alyssa fikk er sv\u00e6rt alvorlig, og uhelbredelig med tradisjonell kreftbehandling, forklarer Bratlie.<\/p>\n<p><b>Les ogs\u00e5:<\/b> <a href=\"https:\/\/www.nettavisen.no\/nyheter\/har-revolusjonert-kreftbehandlingen-norske-forskere-vil-bruke-det-mot-autoimmune-sykdommer\/s\/5-95-2633537\" rel=\"Follow nofollow noopener\" target=\"_blank\">Lager kroppens drapsmaskiner: &#8211; Lykkes vi, kan vi spare liv<\/a><\/p>\n<p>\u2013 En medisinsk revolusjon<\/p>\n<p>Hun har fulgt Taper siden hun fikk behandlingen, og har bes\u00f8kt forskeren som utviklet celleterapien som reddet livet hennes.<\/p>\n<p>N\u00e5, tre \u00e5r senere, er Taper fremdeles kreftfri som f\u00f8lge av den banebrytende behandlingen.<\/p>\n<p>\u2013 Behandlingen hun har f\u00e5tt er det ypperste innen moderne bioteknologi, og viser hvor stort potensial vi har til \u00e5 redde liv. Dette er bare begynnelsen p\u00e5 en medisinsk revolusjon.<\/p>\n<p>I studien fikk ni barn og to voksne behandling med genredigerte immunceller. To tredjedeler av dem er fremdeles kreftfri etter tre \u00e5r. Da 13-\u00e5rige Taper fikk behandlingen, skapte hun overskrifter over hele verden. Bratlie mener man f\u00f8rst n\u00e5 kan sl\u00e5 fast at behandlingen var vellykket.<\/p>\n<p>\u2013 Det store sp\u00f8rsm\u00e5let har hele tiden v\u00e6rt om effekten ville v\u00e6re varig. N\u00e5, tre \u00e5r etter, tyder alt p\u00e5 at hun er helt kvitt kreften.<\/p>\n<p><b>Les ogs\u00e5: <\/b><a href=\"https:\/\/www.nettavisen.no\/nyheter\/sigrid-bratlie-slar-alarm-om-koronavirusets-opphav-hoyst-sannsynlig-fra-et-laboratorium\/f\/5-95-2439724\" rel=\"Follow nofollow noopener\" target=\"_blank\">\u2013 En varslet katastrofe<\/a><\/p>\n<p>Genetisk programmering<\/p>\n<p><a href=\"https:\/\/www.nettavisen.no\/nyheter\/har-revolusjonert-kreftbehandlingen-norske-forskere-vil-bruke-det-mot-autoimmune-sykdommer\/s\/5-95-2633537\" rel=\"Follow nofollow noopener\" target=\"_blank\">Nettavisen <\/a>har tidligere skrevet om Car-T-behandlingen som brukes i Norge, og at flertallet av barn med leukemi som ikke responderer p\u00e5 annen behandling, blir friske av Car-T-behandling.<\/p>\n<p>Det er likevel forskjeller mellom behandlingen britiske Taper har f\u00e5tt, og behandlingen man tilbyr i Norge. F\u00f8rstnevnte er en mer avansert behandling, forklarer Bratlie, og bruker en mer presis genteknologi.<\/p>\n<p>\u2013 Det er rettet mot en ny diagnosegruppe, og behandlingen er fremstilt med nyere og mer avansert genteknologi kalt genredigering, fremfor \u00abgammeldags\u00bb genmodifisering. Det er ogs\u00e5 brukt donor-immunceller i stedet for pasientens egne immunceller.<\/p>\n<p>Behandlingen foreg\u00e5r ved at man h\u00f8ster immunceller fra donorer, som deretter settes inn i de kreftsyke pasientene. Ved hjelp av baseredigering kan man skru av gener i donorcellene slik at de ikke angriper pasientens egne celler. P\u00e5 den m\u00e5ten kan donorcellene drepe kreftcellene i kroppen uten \u00e5 bli oppdaget og bekjempet av kroppens immunforsvar.<\/p>\n<p>\u2013 Dette er genetisk programmering p\u00e5 h\u00f8yt niv\u00e5, sier Bratlie.<\/p>\n<p>   <img decoding=\"async\" width=\"1200\" height=\"800\" fetchpriority=\"low\"  loading=\"lazy\"  src=\"https:\/\/www.europesays.com\/no\/wp-content\/uploads\/2025\/12\/bratlie.jpg\" alt=\"\" class=\"brick-c-cFOWSL\" style=\"--brick-image-ratio: 1200 \/ 800;\"\/><\/p>\n<p>      BANEBRYTENDE: Molekyl\u00e6rbiolog og strategisk r\u00e5dgiver i Kreftforeningen, Sigrid Bratlie, h\u00e5per nordmenn kan f\u00e5 den nye Car-T-behandlingen i n\u00e6r fremtid.<br \/>\n      Foto: Martin Habbestad\n    <\/p>\n<p>  \u2013 Norge m\u00e5 henge med<\/p>\n<p>Hun tror det er en stund til norske pasienter kan f\u00e5 muligheten til \u00e5 pr\u00f8ve denne behandlingen.<\/p>\n<p>\u2013 Behandlingen er p\u00e5 forskningsstadiet. Men det skjer veldig mye utvikling innen celleterapi, og jeg forventer at det kommer behandlingsmuligheter for en rekke ulike typer kreft og andre sykdomsomr\u00e5der, for eksempel autoimmune sykdommer.<\/p>\n<p><b>Les ogs\u00e5:<\/b> <a href=\"https:\/\/www.nettavisen.no\/nyheter\/hjernevask-ny-alzheimers-behandling-kan-revolusjonere-helse-norge\/s\/5-95-2606631\" rel=\"Follow nofollow noopener\" target=\"_blank\">Sperrer opp \u00f8ynene for hjernevask: &#8211; Helt sykt \u00e5 se<\/a><\/p>\n<p>Bratlie har ogs\u00e5 en klar oppfordring til norske helsemyndigheter:<\/p>\n<p>\u2013 For at norske pasienter skal f\u00e5 tilgang, er det veldig viktig at Norge henger med. Den beste muligheten for \u00e5 sikre norske pasienter tidlig tilgang til slike banebrytende livreddende behandlinger er \u00e5 bli med i kliniske studier. Norge har alle forutsetninger for \u00e5 lykkes med dette, dersom det satses.<\/p>\n<p>Kreftforeningen har tidligere hyllet Car-T-behandlingen som norske pasienter har f\u00e5tt muligheten til \u00e5 pr\u00f8ve. I oktober sa generalsekret\u00e6r Ingrid Stenstadvold Ross til<a href=\"https:\/\/www.nettavisen.no\/nyheter\/har-revolusjonert-kreftbehandlingen-norske-forskere-vil-bruke-det-mot-autoimmune-sykdommer\/s\/5-95-2633537\" rel=\"Follow nofollow noopener\" target=\"_blank\"> Nettavisen <\/a>at celleterapi kan gi store gevinster p\u00e5 tvers av ulike sykdomsgrupper, og at det har v\u00e6rt et fantastisk gjennombrudd for behandling av blod- og lymfekreft.<\/p>\n<p>\u2013 Norge kan v\u00e6re med p\u00e5 den raske og spennende utviklingen p\u00e5 feltet.<\/p>\n","protected":false},"excerpt":{"rendered":"\u2013 Det finnes vel knapt noe mer hjertevarmende enn \u00e5 se barn som har blitt friske fra uhelbredelig&hellip;\n","protected":false},"author":2,"featured_media":115329,"comment_status":"","ping_status":"","sticky":false,"template":"","format":"standard","meta":{"footnotes":""},"categories":[10],"tags":[20,21,24,25,15,22,23,13,30,28,29,14,16,26,27],"class_list":{"0":"post-115328","1":"post","2":"type-post","3":"status-publish","4":"format-standard","5":"has-post-thumbnail","7":"category-norge","8":"tag-breaking-news","9":"tag-breakingnews","10":"tag-featured-news","11":"tag-featurednews","12":"tag-headlines","13":"tag-latest-news","14":"tag-latestnews","15":"tag-news","16":"tag-no","17":"tag-norge","18":"tag-norway","19":"tag-nyheter","20":"tag-overskrifter","21":"tag-top-stories","22":"tag-topstories"},"share_on_mastodon":{"url":"https:\/\/pubeurope.com\/@no\/115734129223037599","error":""},"_links":{"self":[{"href":"https:\/\/www.europesays.com\/no\/wp-json\/wp\/v2\/posts\/115328","targetHints":{"allow":["GET"]}}],"collection":[{"href":"https:\/\/www.europesays.com\/no\/wp-json\/wp\/v2\/posts"}],"about":[{"href":"https:\/\/www.europesays.com\/no\/wp-json\/wp\/v2\/types\/post"}],"author":[{"embeddable":true,"href":"https:\/\/www.europesays.com\/no\/wp-json\/wp\/v2\/users\/2"}],"replies":[{"embeddable":true,"href":"https:\/\/www.europesays.com\/no\/wp-json\/wp\/v2\/comments?post=115328"}],"version-history":[{"count":0,"href":"https:\/\/www.europesays.com\/no\/wp-json\/wp\/v2\/posts\/115328\/revisions"}],"wp:featuredmedia":[{"embeddable":true,"href":"https:\/\/www.europesays.com\/no\/wp-json\/wp\/v2\/media\/115329"}],"wp:attachment":[{"href":"https:\/\/www.europesays.com\/no\/wp-json\/wp\/v2\/media?parent=115328"}],"wp:term":[{"taxonomy":"category","embeddable":true,"href":"https:\/\/www.europesays.com\/no\/wp-json\/wp\/v2\/categories?post=115328"},{"taxonomy":"post_tag","embeddable":true,"href":"https:\/\/www.europesays.com\/no\/wp-json\/wp\/v2\/tags?post=115328"}],"curies":[{"name":"wp","href":"https:\/\/api.w.org\/{rel}","templated":true}]}}