{"id":115330,"date":"2025-12-17T09:10:09","date_gmt":"2025-12-17T09:10:09","guid":{"rendered":"https:\/\/www.europesays.com\/no\/115330\/"},"modified":"2025-12-17T09:10:09","modified_gmt":"2025-12-17T09:10:09","slug":"en-person-er-pakjort-av-en-lastebil-i-rauma-nrk-more-og-romsdal-lokale-nyheter-tv-og-radio","status":"publish","type":"post","link":"https:\/\/www.europesays.com\/no\/115330\/","title":{"rendered":"En person er p\u00e5kj\u00f8rt av en lastebil i Rauma \u2013 NRK M\u00f8re og Romsdal \u2013 Lokale nyheter, TV og radio"},"content":{"rendered":"<p>Politiet fikk onsdag morgen klokka 07:35 melding fra AMK om at en lastebil skal ha kj\u00f8rt gjennom en port og truffet en person p\u00e5 andre siden av porten.<\/p>\n<p>Ulykka skjedde i Rauma.<\/p>\n<p>Politiet var i 08:00-tiden p\u00e5 stedet, og \u00c5ndalsnes Avis meldte at ambulansehelikopter var p\u00e5 vei.<\/p>\n<p>Fraktet til sjukehus med ambulansehelikopter<\/p>\n<p>Klokka 08:20 opplyser politiet at en person er fraktet til sjukehus med ambulansehelikopter.<\/p>\n<p>Der vil vedkommende bli unders\u00f8kt for mulige klemskader.<\/p>\n<p>Operasjonsleder Line Kjernli Karlsen kan ikke si noe om skadegrad, men opplyser at personen var v\u00e5ken og bevisst.<\/p>\n<p>Skal unders\u00f8ke lastebilen<\/p>\n<p>Politiet unders\u00f8ker n\u00e5 saken b\u00e5de som en trafikkulykke og en arbeidsulykke fordi ulykken har skjedd p\u00e5 en arbeidsplass.<\/p>\n<p>\u00c5rsaken til ulykken er forel\u00f8pig ukjent, men politiet vil blant annet unders\u00f8ke om det har v\u00e6rt noe tekniske feil p\u00e5 lastebilen.<\/p>\n<p>\u2013 Vi har opplysninger som gj\u00f8r at vi har lyst til \u00e5 unders\u00f8ke lastebilen videre, det er utifra forklaringer som har kommet frem p\u00e5 stedet, sier Karlsen.<\/p>\n<p><a class=\"login-banner-hack\" href=\"https:\/\/www.nrk.no\/logginn?context=article-plug\" style=\"padding: 0; border: none; display: none\" rel=\"nofollow noopener\" target=\"_blank\"><\/p>\n<p>            <img decoding=\"async\"   src=\"data:image\/gif;base64,R0lGODlhAQABAIAAAAAAAP\/\/\/yH5BAEAAAAALAAAAAABAAEAAAIBRAA7\" alt=\"Oppfordring til \u00e5 logge p\u00e5 NRKs tjenester\" title=\"Foto: Odd Arne Olderbakk\"\/><\/p>\n<p>            <img decoding=\"async\"   src=\"data:image\/gif;base64,R0lGODlhAQABAIAAAAAAAP\/\/\/yH5BAEAAAAALAAAAAABAAEAAAIBRAA7\" alt=\"Oppfordring til \u00e5 logge p\u00e5 NRKs tjenester\" title=\"Foto: Odd Arne Olderbakk\"\/><\/p>\n<p><\/a><\/p>\n<p>Publisert<\/p>\n<p>17.12.2025, kl. 08.07<\/p>\n<p>Oppdatert<\/p>\n<p>17.12.2025, kl. 08.58<\/p>\n","protected":false},"excerpt":{"rendered":"Politiet fikk onsdag morgen klokka 07:35 melding fra AMK om at en lastebil skal ha kj\u00f8rt gjennom en&hellip;\n","protected":false},"author":2,"featured_media":115331,"comment_status":"","ping_status":"","sticky":false,"template":"","format":"standard","meta":{"footnotes":""},"categories":[5],"tags":[20,21,24,25,15,19,22,23,17,18,13,30,28,29,14,16,26,27],"class_list":{"0":"post-115330","1":"post","2":"type-post","3":"status-publish","4":"format-standard","5":"has-post-thumbnail","7":"category-overskrifter","8":"tag-breaking-news","9":"tag-breakingnews","10":"tag-featured-news","11":"tag-featurednews","12":"tag-headlines","13":"tag-hovedoppslag","14":"tag-latest-news","15":"tag-latestnews","16":"tag-main-news","17":"tag-mainnews","18":"tag-news","19":"tag-no","20":"tag-norge","21":"tag-norway","22":"tag-nyheter","23":"tag-overskrifter","24":"tag-top-stories","25":"tag-topstories"},"share_on_mastodon":{"url":"https:\/\/pubeurope.com\/@no\/115734133116697339","error":""},"_links":{"self":[{"href":"https:\/\/www.europesays.com\/no\/wp-json\/wp\/v2\/posts\/115330","targetHints":{"allow":["GET"]}}],"collection":[{"href":"https:\/\/www.europesays.com\/no\/wp-json\/wp\/v2\/posts"}],"about":[{"href":"https:\/\/www.europesays.com\/no\/wp-json\/wp\/v2\/types\/post"}],"author":[{"embeddable":true,"href":"https:\/\/www.europesays.com\/no\/wp-json\/wp\/v2\/users\/2"}],"replies":[{"embeddable":true,"href":"https:\/\/www.europesays.com\/no\/wp-json\/wp\/v2\/comments?post=115330"}],"version-history":[{"count":0,"href":"https:\/\/www.europesays.com\/no\/wp-json\/wp\/v2\/posts\/115330\/revisions"}],"wp:featuredmedia":[{"embeddable":true,"href":"https:\/\/www.europesays.com\/no\/wp-json\/wp\/v2\/media\/115331"}],"wp:attachment":[{"href":"https:\/\/www.europesays.com\/no\/wp-json\/wp\/v2\/media?parent=115330"}],"wp:term":[{"taxonomy":"category","embeddable":true,"href":"https:\/\/www.europesays.com\/no\/wp-json\/wp\/v2\/categories?post=115330"},{"taxonomy":"post_tag","embeddable":true,"href":"https:\/\/www.europesays.com\/no\/wp-json\/wp\/v2\/tags?post=115330"}],"curies":[{"name":"wp","href":"https:\/\/api.w.org\/{rel}","templated":true}]}}